{"id":4870,"date":"2024-10-24T11:21:46","date_gmt":"2024-10-24T14:21:46","guid":{"rendered":"https:\/\/grupogpps.org\/?p=4870"},"modified":"2024-10-24T11:21:47","modified_gmt":"2024-10-24T14:21:47","slug":"marcelo-regunaga-y-expertos-alertan-sobre-el-impacto-del-neoproteccionismo-en-las-cadenas-globales-y-la-seguridad-alimentaria-en-la-antesala-del-g20","status":"publish","type":"post","link":"https:\/\/grupogpps.org\/en\/marcelo-regunaga-y-expertos-alertan-sobre-el-impacto-del-neoproteccionismo-en-las-cadenas-globales-y-la-seguridad-alimentaria-en-la-antesala-del-g20\/","title":{"rendered":"Marcelo Reg\u00fanaga and experts warn about the impact of neo-protectionism on global chains and food security in the run-up to the G20"},"content":{"rendered":"<p class=\"has-medium-font-size\">On October 16, the G20 House in Rio de Janeiro hosted the international conference on \"Neoprotectionism and the Changing Nature of Global Value Chains: Lessons for the G20.\" The event, co-organized by the Getulio Vargas Foundation, the Catholic University of Rio de Janeiro, the Institute for the Americas at Georgetown University, the Institute of International Studies of Barcelona and the Delegation of the Government of Catalonia in Brazil, brought together experts and representatives of the T20 Working Group on Trade and Investment for Sustainable Development and Inclusive Growth.<\/p>\n\n\n<div class=\"wp-block-image\">\n<figure class=\"alignright size-large is-resized\"><img loading=\"lazy\" decoding=\"async\" width=\"1024\" height=\"576\" src=\"https:\/\/grupogpps.org\/wp-content\/uploads\/2024\/10\/1-1024x576.png\" alt=\"\" class=\"wp-image-4872\" style=\"width:498px;height:auto\" srcset=\"https:\/\/grupogpps.org\/wp-content\/uploads\/2024\/10\/1-1024x576.png 1024w, https:\/\/grupogpps.org\/wp-content\/uploads\/2024\/10\/1-300x169.png 300w, https:\/\/grupogpps.org\/wp-content\/uploads\/2024\/10\/1-768x432.png 768w, https:\/\/grupogpps.org\/wp-content\/uploads\/2024\/10\/1-1536x864.png 1536w, https:\/\/grupogpps.org\/wp-content\/uploads\/2024\/10\/1-18x10.png 18w, https:\/\/grupogpps.org\/wp-content\/uploads\/2024\/10\/1.png 1600w\" sizes=\"auto, (max-width: 1024px) 100vw, 1024px\" \/><\/figure><\/div>\n\n\n<p>During the day, the specialists highlighted the threats facing sustainable development in the face of the advance of neo-protectionism. According to the documents presented, the increase in trade barriers, disproportionate subsidies and other restrictive policies are generating disruptions in global value chains, which negatively impacts the world economy by causing inefficiencies. In this context, a number of recommendations were made for the upcoming G20 Presidents' Summit, which will also take place in Rio de Janeiro.<\/p>\n\n\n\n<p>One of the central themes was food security and climate change. Agronomist Marcelo Reg\u00fanaga, coordinator of the Group of Producing Countries of the South (GPS), presented a document in collaboration with the INSPER Institute of Brazil, which was included as one of the technical proposals for the T20. Reg\u00fanaga emphasized that problems related to food security and climate change require global solutions and not unilateral decisions, such as the European Union's EUDR 1115 Resolution on deforestation, since such regulations do not consider the realities and legislation of the countries of the Southern Cone, key to food security and the global energy transition.<\/p>\n\n\n\n<p>The expert also criticized the lack of prior consultation in international forums, such as the World Trade Organization (WTO) and the Conference of the Parties (COP), before the implementation of such measures, arguing that trade restrictions not only generate cost overruns and inefficiencies in value chains, but also make food more expensive and limit the development of net food-exporting countries.  such as Argentina.<\/p>\n\n\n<div class=\"wp-block-image\">\n<figure class=\"alignleft size-large is-resized\"><img loading=\"lazy\" decoding=\"async\" width=\"1024\" height=\"576\" src=\"https:\/\/grupogpps.org\/wp-content\/uploads\/2024\/10\/2-1024x576.png\" alt=\"\" class=\"wp-image-4873\" style=\"width:528px;height:auto\" srcset=\"https:\/\/grupogpps.org\/wp-content\/uploads\/2024\/10\/2-1024x576.png 1024w, https:\/\/grupogpps.org\/wp-content\/uploads\/2024\/10\/2-300x169.png 300w, https:\/\/grupogpps.org\/wp-content\/uploads\/2024\/10\/2-768x432.png 768w, https:\/\/grupogpps.org\/wp-content\/uploads\/2024\/10\/2-1536x864.png 1536w, https:\/\/grupogpps.org\/wp-content\/uploads\/2024\/10\/2-18x10.png 18w, https:\/\/grupogpps.org\/wp-content\/uploads\/2024\/10\/2.png 1600w\" sizes=\"auto, (max-width: 1024px) 100vw, 1024px\" \/><\/figure><\/div>\n\n\n<p>In relation to agriculture and climate change, Reg\u00fanaga highlighted the crucial role of agriculture in carbon sequestration. \"Agriculture is the only economic sector capable of sequestering carbon, which is critical to mitigating climate change,\" he said. He also criticized barriers to agricultural trade, insisting on the need for incentives that promote the adoption of sustainable agronomic and technological practices by farmers. Finally, the recommendations presented at the conference for the G20 included: the promotion of multilateral agreements, the revitalization of the WTO, the commitment to open markets, the reduction of trade restrictions and the adoption of measures based on scientific evidence. It also called for a constructive global dialogue to encourage sustainable production through incentives, rather than trade barriers.<\/p>\n\n\n\n<p><\/p>","protected":false},"excerpt":{"rendered":"<p>El 16 de octubre, la Casa del G20 en R\u00edo de Janeiro fue escenario de la conferencia internacional sobre \u201cNeoproteccionismo y la naturaleza cambiante de las cadenas globales de valor: lecciones para el G20\u201d. El evento, coorganizado por la Fundaci\u00f3n Getulio Vargas, la Universidad Cat\u00f3lica de R\u00edo de Janeiro, el Instituto para las Am\u00e9ricas de [&hellip;]<\/p>","protected":false},"author":2,"featured_media":4874,"comment_status":"open","ping_status":"closed","sticky":false,"template":"","format":"standard","meta":{"footnotes":""},"categories":[19,58,25,23],"tags":[],"class_list":["post-4870","post","type-post","status-publish","format-standard","has-post-thumbnail","hentry","category-actividades","category-eventos","category-home","category-novedades"],"yoast_head":"<!-- This site is optimized with the Yoast SEO plugin v26.8 - https:\/\/yoast.com\/product\/yoast-seo-wordpress\/ -->\n<title>Marcelo Reg\u00fanaga y expertos alertan sobre el impacto del neoproteccionismo en las cadenas globales y la seguridad alimentaria en la antesala del G20 - GPS<\/title>\n<meta name=\"robots\" content=\"index, follow, max-snippet:-1, max-image-preview:large, max-video-preview:-1\" \/>\n<link rel=\"canonical\" href=\"https:\/\/grupogpps.org\/en\/marcelo-regunaga-y-expertos-alertan-sobre-el-impacto-del-neoproteccionismo-en-las-cadenas-globales-y-la-seguridad-alimentaria-en-la-antesala-del-g20\/\" \/>\n<meta property=\"og:locale\" content=\"en_GB\" \/>\n<meta property=\"og:type\" content=\"article\" \/>\n<meta property=\"og:title\" content=\"Marcelo Reg\u00fanaga y expertos alertan sobre el impacto del neoproteccionismo en las cadenas globales y la seguridad alimentaria en la antesala del G20 - GPS\" \/>\n<meta property=\"og:description\" content=\"El 16 de octubre, la Casa del G20 en R\u00edo de Janeiro fue escenario de la conferencia internacional sobre \u201cNeoproteccionismo y la naturaleza cambiante de las cadenas globales de valor: lecciones para el G20\u201d. El evento, coorganizado por la Fundaci\u00f3n Getulio Vargas, la Universidad Cat\u00f3lica de R\u00edo de Janeiro, el Instituto para las Am\u00e9ricas de [&hellip;]\" \/>\n<meta property=\"og:url\" content=\"https:\/\/grupogpps.org\/en\/marcelo-regunaga-y-expertos-alertan-sobre-el-impacto-del-neoproteccionismo-en-las-cadenas-globales-y-la-seguridad-alimentaria-en-la-antesala-del-g20\/\" \/>\n<meta property=\"og:site_name\" content=\"GPS\" \/>\n<meta property=\"article:publisher\" content=\"https:\/\/www.linkedin.com\/company\/25037162\/\" \/>\n<meta property=\"article:published_time\" content=\"2024-10-24T14:21:46+00:00\" \/>\n<meta property=\"article:modified_time\" content=\"2024-10-24T14:21:47+00:00\" \/>\n<meta property=\"og:image\" content=\"http:\/\/grupogpps.org\/wp-content\/uploads\/2024\/10\/3.jpeg\" \/>\n\t<meta property=\"og:image:width\" content=\"1600\" \/>\n\t<meta property=\"og:image:height\" content=\"1200\" \/>\n\t<meta property=\"og:image:type\" content=\"image\/jpeg\" \/>\n<meta name=\"author\" content=\"GPS GPS\" \/>\n<meta name=\"twitter:card\" content=\"summary_large_image\" \/>\n<meta name=\"twitter:creator\" content=\"@GPSLatinAmerica\" \/>\n<meta name=\"twitter:site\" content=\"@GPSLatinAmerica\" \/>\n<meta name=\"twitter:label1\" content=\"Written by\" \/>\n\t<meta name=\"twitter:data1\" content=\"GPS GPS\" \/>\n\t<meta name=\"twitter:label2\" content=\"Estimated reading time\" \/>\n\t<meta name=\"twitter:data2\" content=\"3 minutes\" \/>\n<script type=\"application\/ld+json\" class=\"yoast-schema-graph\">{\"@context\":\"https:\/\/schema.org\",\"@graph\":[{\"@type\":\"Article\",\"@id\":\"https:\/\/grupogpps.org\/marcelo-regunaga-y-expertos-alertan-sobre-el-impacto-del-neoproteccionismo-en-las-cadenas-globales-y-la-seguridad-alimentaria-en-la-antesala-del-g20\/#article\",\"isPartOf\":{\"@id\":\"https:\/\/grupogpps.org\/marcelo-regunaga-y-expertos-alertan-sobre-el-impacto-del-neoproteccionismo-en-las-cadenas-globales-y-la-seguridad-alimentaria-en-la-antesala-del-g20\/\"},\"author\":{\"name\":\"GPS GPS\",\"@id\":\"https:\/\/grupogpps.org\/#\/schema\/person\/faaafcd24616dff095821c72659ce41f\"},\"headline\":\"Marcelo Reg\u00fanaga y expertos alertan sobre el impacto del neoproteccionismo en las cadenas globales y la seguridad alimentaria en la antesala del G20\",\"datePublished\":\"2024-10-24T14:21:46+00:00\",\"dateModified\":\"2024-10-24T14:21:47+00:00\",\"mainEntityOfPage\":{\"@id\":\"https:\/\/grupogpps.org\/marcelo-regunaga-y-expertos-alertan-sobre-el-impacto-del-neoproteccionismo-en-las-cadenas-globales-y-la-seguridad-alimentaria-en-la-antesala-del-g20\/\"},\"wordCount\":565,\"commentCount\":0,\"publisher\":{\"@id\":\"https:\/\/grupogpps.org\/#organization\"},\"image\":{\"@id\":\"https:\/\/grupogpps.org\/marcelo-regunaga-y-expertos-alertan-sobre-el-impacto-del-neoproteccionismo-en-las-cadenas-globales-y-la-seguridad-alimentaria-en-la-antesala-del-g20\/#primaryimage\"},\"thumbnailUrl\":\"https:\/\/grupogpps.org\/wp-content\/uploads\/2024\/10\/3.jpeg\",\"articleSection\":[\"Actividades\",\"Eventos\",\"Home\",\"Novedades\"],\"inLanguage\":\"en-GB\",\"potentialAction\":[{\"@type\":\"CommentAction\",\"name\":\"Comment\",\"target\":[\"https:\/\/grupogpps.org\/marcelo-regunaga-y-expertos-alertan-sobre-el-impacto-del-neoproteccionismo-en-las-cadenas-globales-y-la-seguridad-alimentaria-en-la-antesala-del-g20\/#respond\"]}]},{\"@type\":\"WebPage\",\"@id\":\"https:\/\/grupogpps.org\/marcelo-regunaga-y-expertos-alertan-sobre-el-impacto-del-neoproteccionismo-en-las-cadenas-globales-y-la-seguridad-alimentaria-en-la-antesala-del-g20\/\",\"url\":\"https:\/\/grupogpps.org\/marcelo-regunaga-y-expertos-alertan-sobre-el-impacto-del-neoproteccionismo-en-las-cadenas-globales-y-la-seguridad-alimentaria-en-la-antesala-del-g20\/\",\"name\":\"Marcelo Reg\u00fanaga y expertos alertan sobre el impacto del neoproteccionismo en las cadenas globales y la seguridad alimentaria en la antesala del G20 - GPS\",\"isPartOf\":{\"@id\":\"https:\/\/grupogpps.org\/#website\"},\"primaryImageOfPage\":{\"@id\":\"https:\/\/grupogpps.org\/marcelo-regunaga-y-expertos-alertan-sobre-el-impacto-del-neoproteccionismo-en-las-cadenas-globales-y-la-seguridad-alimentaria-en-la-antesala-del-g20\/#primaryimage\"},\"image\":{\"@id\":\"https:\/\/grupogpps.org\/marcelo-regunaga-y-expertos-alertan-sobre-el-impacto-del-neoproteccionismo-en-las-cadenas-globales-y-la-seguridad-alimentaria-en-la-antesala-del-g20\/#primaryimage\"},\"thumbnailUrl\":\"https:\/\/grupogpps.org\/wp-content\/uploads\/2024\/10\/3.jpeg\",\"datePublished\":\"2024-10-24T14:21:46+00:00\",\"dateModified\":\"2024-10-24T14:21:47+00:00\",\"breadcrumb\":{\"@id\":\"https:\/\/grupogpps.org\/marcelo-regunaga-y-expertos-alertan-sobre-el-impacto-del-neoproteccionismo-en-las-cadenas-globales-y-la-seguridad-alimentaria-en-la-antesala-del-g20\/#breadcrumb\"},\"inLanguage\":\"en-GB\",\"potentialAction\":[{\"@type\":\"ReadAction\",\"target\":[\"https:\/\/grupogpps.org\/marcelo-regunaga-y-expertos-alertan-sobre-el-impacto-del-neoproteccionismo-en-las-cadenas-globales-y-la-seguridad-alimentaria-en-la-antesala-del-g20\/\"]}]},{\"@type\":\"ImageObject\",\"inLanguage\":\"en-GB\",\"@id\":\"https:\/\/grupogpps.org\/marcelo-regunaga-y-expertos-alertan-sobre-el-impacto-del-neoproteccionismo-en-las-cadenas-globales-y-la-seguridad-alimentaria-en-la-antesala-del-g20\/#primaryimage\",\"url\":\"https:\/\/grupogpps.org\/wp-content\/uploads\/2024\/10\/3.jpeg\",\"contentUrl\":\"https:\/\/grupogpps.org\/wp-content\/uploads\/2024\/10\/3.jpeg\",\"width\":1600,\"height\":1200},{\"@type\":\"BreadcrumbList\",\"@id\":\"https:\/\/grupogpps.org\/marcelo-regunaga-y-expertos-alertan-sobre-el-impacto-del-neoproteccionismo-en-las-cadenas-globales-y-la-seguridad-alimentaria-en-la-antesala-del-g20\/#breadcrumb\",\"itemListElement\":[{\"@type\":\"ListItem\",\"position\":1,\"name\":\"Inicio\",\"item\":\"https:\/\/grupogpps.org\/\"},{\"@type\":\"ListItem\",\"position\":2,\"name\":\"Marcelo Reg\u00fanaga y expertos alertan sobre el impacto del neoproteccionismo en las cadenas globales y la seguridad alimentaria en la antesala del G20\"}]},{\"@type\":\"WebSite\",\"@id\":\"https:\/\/grupogpps.org\/#website\",\"url\":\"https:\/\/grupogpps.org\/\",\"name\":\"GPS\",\"description\":\"Grupo de pa\u00edses productores del sur\",\"publisher\":{\"@id\":\"https:\/\/grupogpps.org\/#organization\"},\"potentialAction\":[{\"@type\":\"SearchAction\",\"target\":{\"@type\":\"EntryPoint\",\"urlTemplate\":\"https:\/\/grupogpps.org\/?s={search_term_string}\"},\"query-input\":{\"@type\":\"PropertyValueSpecification\",\"valueRequired\":true,\"valueName\":\"search_term_string\"}}],\"inLanguage\":\"en-GB\"},{\"@type\":\"Organization\",\"@id\":\"https:\/\/grupogpps.org\/#organization\",\"name\":\"GPS - Grupo de pa\u00edses productores del sur\",\"url\":\"https:\/\/grupogpps.org\/\",\"logo\":{\"@type\":\"ImageObject\",\"inLanguage\":\"en-GB\",\"@id\":\"https:\/\/grupogpps.org\/#\/schema\/logo\/image\/\",\"url\":\"http:\/\/grupogpps.org\/wp-content\/uploads\/2021\/06\/logoGPS3.svg\",\"contentUrl\":\"http:\/\/grupogpps.org\/wp-content\/uploads\/2021\/06\/logoGPS3.svg\",\"width\":1,\"height\":1,\"caption\":\"GPS - Grupo de pa\u00edses productores del sur\"},\"image\":{\"@id\":\"https:\/\/grupogpps.org\/#\/schema\/logo\/image\/\"},\"sameAs\":[\"https:\/\/www.linkedin.com\/company\/25037162\/\",\"https:\/\/x.com\/GPSLatinAmerica\",\"https:\/\/www.instagram.com\/gpslatin\/\",\"https:\/\/www.youtube.com\/channel\/UCM2Qf0jSqNRJRkqmU8dO9QA\/videos\"]},{\"@type\":\"Person\",\"@id\":\"https:\/\/grupogpps.org\/#\/schema\/person\/faaafcd24616dff095821c72659ce41f\",\"name\":\"GPS GPS\",\"url\":\"https:\/\/grupogpps.org\/en\/author\/gps\/\"}]}<\/script>\n<!-- \/ Yoast SEO plugin. -->","yoast_head_json":{"title":"Marcelo Reg\u00fanaga y expertos alertan sobre el impacto del neoproteccionismo en las cadenas globales y la seguridad alimentaria en la antesala del G20 - GPS","robots":{"index":"index","follow":"follow","max-snippet":"max-snippet:-1","max-image-preview":"max-image-preview:large","max-video-preview":"max-video-preview:-1"},"canonical":"https:\/\/grupogpps.org\/en\/marcelo-regunaga-y-expertos-alertan-sobre-el-impacto-del-neoproteccionismo-en-las-cadenas-globales-y-la-seguridad-alimentaria-en-la-antesala-del-g20\/","og_locale":"en_GB","og_type":"article","og_title":"Marcelo Reg\u00fanaga y expertos alertan sobre el impacto del neoproteccionismo en las cadenas globales y la seguridad alimentaria en la antesala del G20 - GPS","og_description":"El 16 de octubre, la Casa del G20 en R\u00edo de Janeiro fue escenario de la conferencia internacional sobre \u201cNeoproteccionismo y la naturaleza cambiante de las cadenas globales de valor: lecciones para el G20\u201d. El evento, coorganizado por la Fundaci\u00f3n Getulio Vargas, la Universidad Cat\u00f3lica de R\u00edo de Janeiro, el Instituto para las Am\u00e9ricas de [&hellip;]","og_url":"https:\/\/grupogpps.org\/en\/marcelo-regunaga-y-expertos-alertan-sobre-el-impacto-del-neoproteccionismo-en-las-cadenas-globales-y-la-seguridad-alimentaria-en-la-antesala-del-g20\/","og_site_name":"GPS","article_publisher":"https:\/\/www.linkedin.com\/company\/25037162\/","article_published_time":"2024-10-24T14:21:46+00:00","article_modified_time":"2024-10-24T14:21:47+00:00","og_image":[{"width":1600,"height":1200,"url":"http:\/\/grupogpps.org\/wp-content\/uploads\/2024\/10\/3.jpeg","type":"image\/jpeg"}],"author":"GPS GPS","twitter_card":"summary_large_image","twitter_creator":"@GPSLatinAmerica","twitter_site":"@GPSLatinAmerica","twitter_misc":{"Written by":"GPS GPS","Estimated reading time":"3 minutes"},"schema":{"@context":"https:\/\/schema.org","@graph":[{"@type":"Article","@id":"https:\/\/grupogpps.org\/marcelo-regunaga-y-expertos-alertan-sobre-el-impacto-del-neoproteccionismo-en-las-cadenas-globales-y-la-seguridad-alimentaria-en-la-antesala-del-g20\/#article","isPartOf":{"@id":"https:\/\/grupogpps.org\/marcelo-regunaga-y-expertos-alertan-sobre-el-impacto-del-neoproteccionismo-en-las-cadenas-globales-y-la-seguridad-alimentaria-en-la-antesala-del-g20\/"},"author":{"name":"GPS GPS","@id":"https:\/\/grupogpps.org\/#\/schema\/person\/faaafcd24616dff095821c72659ce41f"},"headline":"Marcelo Reg\u00fanaga y expertos alertan sobre el impacto del neoproteccionismo en las cadenas globales y la seguridad alimentaria en la antesala del G20","datePublished":"2024-10-24T14:21:46+00:00","dateModified":"2024-10-24T14:21:47+00:00","mainEntityOfPage":{"@id":"https:\/\/grupogpps.org\/marcelo-regunaga-y-expertos-alertan-sobre-el-impacto-del-neoproteccionismo-en-las-cadenas-globales-y-la-seguridad-alimentaria-en-la-antesala-del-g20\/"},"wordCount":565,"commentCount":0,"publisher":{"@id":"https:\/\/grupogpps.org\/#organization"},"image":{"@id":"https:\/\/grupogpps.org\/marcelo-regunaga-y-expertos-alertan-sobre-el-impacto-del-neoproteccionismo-en-las-cadenas-globales-y-la-seguridad-alimentaria-en-la-antesala-del-g20\/#primaryimage"},"thumbnailUrl":"https:\/\/grupogpps.org\/wp-content\/uploads\/2024\/10\/3.jpeg","articleSection":["Actividades","Eventos","Home","Novedades"],"inLanguage":"en-GB","potentialAction":[{"@type":"CommentAction","name":"Comment","target":["https:\/\/grupogpps.org\/marcelo-regunaga-y-expertos-alertan-sobre-el-impacto-del-neoproteccionismo-en-las-cadenas-globales-y-la-seguridad-alimentaria-en-la-antesala-del-g20\/#respond"]}]},{"@type":"WebPage","@id":"https:\/\/grupogpps.org\/marcelo-regunaga-y-expertos-alertan-sobre-el-impacto-del-neoproteccionismo-en-las-cadenas-globales-y-la-seguridad-alimentaria-en-la-antesala-del-g20\/","url":"https:\/\/grupogpps.org\/marcelo-regunaga-y-expertos-alertan-sobre-el-impacto-del-neoproteccionismo-en-las-cadenas-globales-y-la-seguridad-alimentaria-en-la-antesala-del-g20\/","name":"Marcelo Reg\u00fanaga y expertos alertan sobre el impacto del neoproteccionismo en las cadenas globales y la seguridad alimentaria en la antesala del G20 - GPS","isPartOf":{"@id":"https:\/\/grupogpps.org\/#website"},"primaryImageOfPage":{"@id":"https:\/\/grupogpps.org\/marcelo-regunaga-y-expertos-alertan-sobre-el-impacto-del-neoproteccionismo-en-las-cadenas-globales-y-la-seguridad-alimentaria-en-la-antesala-del-g20\/#primaryimage"},"image":{"@id":"https:\/\/grupogpps.org\/marcelo-regunaga-y-expertos-alertan-sobre-el-impacto-del-neoproteccionismo-en-las-cadenas-globales-y-la-seguridad-alimentaria-en-la-antesala-del-g20\/#primaryimage"},"thumbnailUrl":"https:\/\/grupogpps.org\/wp-content\/uploads\/2024\/10\/3.jpeg","datePublished":"2024-10-24T14:21:46+00:00","dateModified":"2024-10-24T14:21:47+00:00","breadcrumb":{"@id":"https:\/\/grupogpps.org\/marcelo-regunaga-y-expertos-alertan-sobre-el-impacto-del-neoproteccionismo-en-las-cadenas-globales-y-la-seguridad-alimentaria-en-la-antesala-del-g20\/#breadcrumb"},"inLanguage":"en-GB","potentialAction":[{"@type":"ReadAction","target":["https:\/\/grupogpps.org\/marcelo-regunaga-y-expertos-alertan-sobre-el-impacto-del-neoproteccionismo-en-las-cadenas-globales-y-la-seguridad-alimentaria-en-la-antesala-del-g20\/"]}]},{"@type":"ImageObject","inLanguage":"en-GB","@id":"https:\/\/grupogpps.org\/marcelo-regunaga-y-expertos-alertan-sobre-el-impacto-del-neoproteccionismo-en-las-cadenas-globales-y-la-seguridad-alimentaria-en-la-antesala-del-g20\/#primaryimage","url":"https:\/\/grupogpps.org\/wp-content\/uploads\/2024\/10\/3.jpeg","contentUrl":"https:\/\/grupogpps.org\/wp-content\/uploads\/2024\/10\/3.jpeg","width":1600,"height":1200},{"@type":"BreadcrumbList","@id":"https:\/\/grupogpps.org\/marcelo-regunaga-y-expertos-alertan-sobre-el-impacto-del-neoproteccionismo-en-las-cadenas-globales-y-la-seguridad-alimentaria-en-la-antesala-del-g20\/#breadcrumb","itemListElement":[{"@type":"ListItem","position":1,"name":"Inicio","item":"https:\/\/grupogpps.org\/"},{"@type":"ListItem","position":2,"name":"Marcelo Reg\u00fanaga y expertos alertan sobre el impacto del neoproteccionismo en las cadenas globales y la seguridad alimentaria en la antesala del G20"}]},{"@type":"WebSite","@id":"https:\/\/grupogpps.org\/#website","url":"https:\/\/grupogpps.org\/","name":"GPS","description":"Grupo de pa\u00edses productores del sur","publisher":{"@id":"https:\/\/grupogpps.org\/#organization"},"potentialAction":[{"@type":"SearchAction","target":{"@type":"EntryPoint","urlTemplate":"https:\/\/grupogpps.org\/?s={search_term_string}"},"query-input":{"@type":"PropertyValueSpecification","valueRequired":true,"valueName":"search_term_string"}}],"inLanguage":"en-GB"},{"@type":"Organization","@id":"https:\/\/grupogpps.org\/#organization","name":"GPS - Grupo de pa\u00edses productores del sur","url":"https:\/\/grupogpps.org\/","logo":{"@type":"ImageObject","inLanguage":"en-GB","@id":"https:\/\/grupogpps.org\/#\/schema\/logo\/image\/","url":"http:\/\/grupogpps.org\/wp-content\/uploads\/2021\/06\/logoGPS3.svg","contentUrl":"http:\/\/grupogpps.org\/wp-content\/uploads\/2021\/06\/logoGPS3.svg","width":1,"height":1,"caption":"GPS - Grupo de pa\u00edses productores del sur"},"image":{"@id":"https:\/\/grupogpps.org\/#\/schema\/logo\/image\/"},"sameAs":["https:\/\/www.linkedin.com\/company\/25037162\/","https:\/\/x.com\/GPSLatinAmerica","https:\/\/www.instagram.com\/gpslatin\/","https:\/\/www.youtube.com\/channel\/UCM2Qf0jSqNRJRkqmU8dO9QA\/videos"]},{"@type":"Person","@id":"https:\/\/grupogpps.org\/#\/schema\/person\/faaafcd24616dff095821c72659ce41f","name":"GPS GPS","url":"https:\/\/grupogpps.org\/en\/author\/gps\/"}]}},"_links":{"self":[{"href":"https:\/\/grupogpps.org\/en\/wp-json\/wp\/v2\/posts\/4870","targetHints":{"allow":["GET"]}}],"collection":[{"href":"https:\/\/grupogpps.org\/en\/wp-json\/wp\/v2\/posts"}],"about":[{"href":"https:\/\/grupogpps.org\/en\/wp-json\/wp\/v2\/types\/post"}],"author":[{"embeddable":true,"href":"https:\/\/grupogpps.org\/en\/wp-json\/wp\/v2\/users\/2"}],"replies":[{"embeddable":true,"href":"https:\/\/grupogpps.org\/en\/wp-json\/wp\/v2\/comments?post=4870"}],"version-history":[{"count":1,"href":"https:\/\/grupogpps.org\/en\/wp-json\/wp\/v2\/posts\/4870\/revisions"}],"predecessor-version":[{"id":4875,"href":"https:\/\/grupogpps.org\/en\/wp-json\/wp\/v2\/posts\/4870\/revisions\/4875"}],"wp:featuredmedia":[{"embeddable":true,"href":"https:\/\/grupogpps.org\/en\/wp-json\/wp\/v2\/media\/4874"}],"wp:attachment":[{"href":"https:\/\/grupogpps.org\/en\/wp-json\/wp\/v2\/media?parent=4870"}],"wp:term":[{"taxonomy":"category","embeddable":true,"href":"https:\/\/grupogpps.org\/en\/wp-json\/wp\/v2\/categories?post=4870"},{"taxonomy":"post_tag","embeddable":true,"href":"https:\/\/grupogpps.org\/en\/wp-json\/wp\/v2\/tags?post=4870"}],"curies":[{"name":"wp","href":"https:\/\/api.w.org\/{rel}","templated":true}]}}