{"id":4575,"date":"2024-02-16T17:42:16","date_gmt":"2024-02-16T20:42:16","guid":{"rendered":"https:\/\/grupogpps.org\/?p=4575"},"modified":"2024-02-21T16:42:30","modified_gmt":"2024-02-21T19:42:30","slug":"bioeconomia-gps-participo-en-el-seminario-organizado-por-la-embajada-argentina-en-bruselas","status":"publish","type":"post","link":"https:\/\/grupogpps.org\/en\/bioeconomia-gps-participo-en-el-seminario-organizado-por-la-embajada-argentina-en-bruselas\/","title":{"rendered":"Bioeconom\u00eda: GPS particip\u00f3 en el seminario organizado por la Embajada argentina en Bruselas"},"content":{"rendered":"<p class=\"has-medium-font-size\"><\/p>\n\n\n\n<p>El Coordinador General del Grupo de Pa\u00edses Productores del Sur (GPS), Marcelo Reg\u00fanaga, particip\u00f3 en el seminario \u201cLa contribuci\u00f3n de la bioeconom\u00eda al desarrollo sostenible\u201d, organizado por Embajada argentina ante la Uni\u00f3n Europea (UE-27), y que se llev\u00f3 a cabo en Bruselas, durante la \u00faltima semana de enero.<\/p>\n\n\n\n<p>El evento tambi\u00e9n cont\u00f3 con la presencia del secretario de Bioeconom\u00eda argentino, Fernando Vilella, y Thierry de lEscaille, presidente de la Organizaci\u00f3n de Propietarios Rurales Europeos (ELO por sus siglas en ingl\u00e9s), una federaci\u00f3n de asociaciones agropecuarias de la UE-27.<\/p>\n\n\n<div class=\"wp-block-image\">\n<figure class=\"aligncenter size-full\"><img loading=\"lazy\" decoding=\"async\" width=\"790\" height=\"481\" src=\"https:\/\/grupogpps.org\/wp-content\/uploads\/2024\/02\/evento3png.webp\" alt=\"\" class=\"wp-image-4576\" srcset=\"https:\/\/grupogpps.org\/wp-content\/uploads\/2024\/02\/evento3png.webp 790w, https:\/\/grupogpps.org\/wp-content\/uploads\/2024\/02\/evento3png-300x183.webp 300w, https:\/\/grupogpps.org\/wp-content\/uploads\/2024\/02\/evento3png-768x468.webp 768w, https:\/\/grupogpps.org\/wp-content\/uploads\/2024\/02\/evento3png-18x12.webp 18w\" sizes=\"auto, (max-width: 790px) 100vw, 790px\" \/><\/figure><\/div>\n\n\n<p>Marcelo Reg\u00fanaga hizo una presentaci\u00f3n remota, junto a Cristian Feldkamp, director ejecutivo de CREA, exponiendo las caracter\u00edsticas de los sistemas productivos presentes en el territorio argentino y, sobre todo, destacando a la bioeconom\u00eda como un pilar fundamental para el desarrollo sostenible en Argentina, a trav\u00e9s de la contribuci\u00f3n significativa del sector privado.<\/p>\n\n\n\n<p>En ese sentido, durante la exposici\u00f3n remota se resalt\u00f3 que las experiencias exitosas en Argentina pueden servir como base para la cooperaci\u00f3n internacional, destacando que el 90% del \u00e1rea de cultivo en el pa\u00eds se cultiva sin labranza y diversos estudios confirman la sustentabilidad y bajos impactos ambientales de los sistemas de producci\u00f3n argentinos. Esta experiencia puede ser invaluable para abordar desaf\u00edos similares en otras regiones del mundo, resaltando el papel crucial de la cooperaci\u00f3n internacional en este esfuerzo conjunto por un desarrollo sostenible a nivel global.<\/p>\n\n\n\n<p>Por su parte, Vilella indic\u00f3 que \u201cesto es resultado de m\u00e1s de treinta a\u00f1os de trabajo consistente en el sector y que hoy se refleja en el cambio de nombre de la Secretar\u00eda (de Agricultura por Bioeconom\u00eda), que promueve una transformaci\u00f3n sostenible de la biomasa en origen y la agregaci\u00f3n de valor en las exportaciones\u201d.<\/p>\n\n\n\n<p>En el seminario tambi\u00e9n estuvo presente el economista Agust\u00edn Tejeda, ex director de contenidos del GPS y actual subsecretario de Mercados de la Secretar\u00eda de Bioeconom\u00eda del Gobierno de la Naci\u00f3n.<\/p>\n\n\n<div class=\"wp-block-image\">\n<figure class=\"aligncenter size-full\"><img loading=\"lazy\" decoding=\"async\" width=\"790\" height=\"393\" src=\"https:\/\/grupogpps.org\/wp-content\/uploads\/2024\/02\/evento2png.webp\" alt=\"\" class=\"wp-image-4577\" srcset=\"https:\/\/grupogpps.org\/wp-content\/uploads\/2024\/02\/evento2png.webp 790w, https:\/\/grupogpps.org\/wp-content\/uploads\/2024\/02\/evento2png-300x149.webp 300w, https:\/\/grupogpps.org\/wp-content\/uploads\/2024\/02\/evento2png-768x382.webp 768w, https:\/\/grupogpps.org\/wp-content\/uploads\/2024\/02\/evento2png-18x9.webp 18w\" sizes=\"auto, (max-width: 790px) 100vw, 790px\" \/><\/figure><\/div>\n\n\n<p><\/p>\n\n\n\n<p><\/p>\n\n\n\n<p class=\"has-text-align-center\"><\/p>","protected":false},"excerpt":{"rendered":"<p>El Coordinador General del Grupo de Pa\u00edses Productores del Sur (GPS), Marcelo Reg\u00fanaga, particip\u00f3 en el seminario \u201cLa contribuci\u00f3n de la bioeconom\u00eda al desarrollo sostenible\u201d, organizado por Embajada argentina ante la Uni\u00f3n Europea (UE-27), y que se llev\u00f3 a cabo en Bruselas, durante la \u00faltima semana de enero. El evento tambi\u00e9n cont\u00f3 con la presencia [&hellip;]<\/p>","protected":false},"author":2,"featured_media":4572,"comment_status":"open","ping_status":"closed","sticky":false,"template":"","format":"standard","meta":{"footnotes":""},"categories":[19,58,25,23],"tags":[],"class_list":["post-4575","post","type-post","status-publish","format-standard","has-post-thumbnail","hentry","category-actividades","category-eventos","category-home","category-novedades"],"yoast_head":"<!-- This site is optimized with the Yoast SEO plugin v26.8 - https:\/\/yoast.com\/product\/yoast-seo-wordpress\/ -->\n<title>Bioeconom\u00eda: GPS particip\u00f3 en el seminario organizado por la Embajada argentina en Bruselas - GPS<\/title>\n<meta name=\"robots\" content=\"index, follow, max-snippet:-1, max-image-preview:large, max-video-preview:-1\" \/>\n<link rel=\"canonical\" href=\"https:\/\/grupogpps.org\/en\/bioeconomia-gps-participo-en-el-seminario-organizado-por-la-embajada-argentina-en-bruselas\/\" \/>\n<meta property=\"og:locale\" content=\"en_GB\" \/>\n<meta property=\"og:type\" content=\"article\" \/>\n<meta property=\"og:title\" content=\"Bioeconom\u00eda: GPS particip\u00f3 en el seminario organizado por la Embajada argentina en Bruselas - GPS\" \/>\n<meta property=\"og:description\" content=\"El Coordinador General del Grupo de Pa\u00edses Productores del Sur (GPS), Marcelo Reg\u00fanaga, particip\u00f3 en el seminario \u201cLa contribuci\u00f3n de la bioeconom\u00eda al desarrollo sostenible\u201d, organizado por Embajada argentina ante la Uni\u00f3n Europea (UE-27), y que se llev\u00f3 a cabo en Bruselas, durante la \u00faltima semana de enero. El evento tambi\u00e9n cont\u00f3 con la presencia [&hellip;]\" \/>\n<meta property=\"og:url\" content=\"https:\/\/grupogpps.org\/en\/bioeconomia-gps-participo-en-el-seminario-organizado-por-la-embajada-argentina-en-bruselas\/\" \/>\n<meta property=\"og:site_name\" content=\"GPS\" \/>\n<meta property=\"article:publisher\" content=\"https:\/\/www.linkedin.com\/company\/25037162\/\" \/>\n<meta property=\"article:published_time\" content=\"2024-02-16T20:42:16+00:00\" \/>\n<meta property=\"article:modified_time\" content=\"2024-02-21T19:42:30+00:00\" \/>\n<meta property=\"og:image\" content=\"http:\/\/grupogpps.org\/wp-content\/uploads\/2024\/01\/CONTENIDOS-CREA.png\" \/>\n\t<meta property=\"og:image:width\" content=\"653\" \/>\n\t<meta property=\"og:image:height\" content=\"366\" \/>\n\t<meta property=\"og:image:type\" content=\"image\/png\" \/>\n<meta name=\"author\" content=\"GPS GPS\" \/>\n<meta name=\"twitter:card\" content=\"summary_large_image\" \/>\n<meta name=\"twitter:creator\" content=\"@GPSLatinAmerica\" \/>\n<meta name=\"twitter:site\" content=\"@GPSLatinAmerica\" \/>\n<meta name=\"twitter:label1\" content=\"Written by\" \/>\n\t<meta name=\"twitter:data1\" content=\"GPS GPS\" \/>\n\t<meta name=\"twitter:label2\" content=\"Estimated reading time\" \/>\n\t<meta name=\"twitter:data2\" content=\"3 minutes\" \/>\n<script type=\"application\/ld+json\" class=\"yoast-schema-graph\">{\"@context\":\"https:\/\/schema.org\",\"@graph\":[{\"@type\":\"Article\",\"@id\":\"https:\/\/grupogpps.org\/bioeconomia-gps-participo-en-el-seminario-organizado-por-la-embajada-argentina-en-bruselas\/#article\",\"isPartOf\":{\"@id\":\"https:\/\/grupogpps.org\/bioeconomia-gps-participo-en-el-seminario-organizado-por-la-embajada-argentina-en-bruselas\/\"},\"author\":{\"name\":\"GPS GPS\",\"@id\":\"https:\/\/grupogpps.org\/#\/schema\/person\/faaafcd24616dff095821c72659ce41f\"},\"headline\":\"Bioeconom\u00eda: GPS particip\u00f3 en el seminario organizado por la Embajada argentina en Bruselas\",\"datePublished\":\"2024-02-16T20:42:16+00:00\",\"dateModified\":\"2024-02-21T19:42:30+00:00\",\"mainEntityOfPage\":{\"@id\":\"https:\/\/grupogpps.org\/bioeconomia-gps-participo-en-el-seminario-organizado-por-la-embajada-argentina-en-bruselas\/\"},\"wordCount\":359,\"commentCount\":0,\"publisher\":{\"@id\":\"https:\/\/grupogpps.org\/#organization\"},\"image\":{\"@id\":\"https:\/\/grupogpps.org\/bioeconomia-gps-participo-en-el-seminario-organizado-por-la-embajada-argentina-en-bruselas\/#primaryimage\"},\"thumbnailUrl\":\"https:\/\/grupogpps.org\/wp-content\/uploads\/2024\/01\/CONTENIDOS-CREA.png\",\"articleSection\":[\"Actividades\",\"Eventos\",\"Home\",\"Novedades\"],\"inLanguage\":\"en-GB\",\"potentialAction\":[{\"@type\":\"CommentAction\",\"name\":\"Comment\",\"target\":[\"https:\/\/grupogpps.org\/bioeconomia-gps-participo-en-el-seminario-organizado-por-la-embajada-argentina-en-bruselas\/#respond\"]}]},{\"@type\":\"WebPage\",\"@id\":\"https:\/\/grupogpps.org\/bioeconomia-gps-participo-en-el-seminario-organizado-por-la-embajada-argentina-en-bruselas\/\",\"url\":\"https:\/\/grupogpps.org\/bioeconomia-gps-participo-en-el-seminario-organizado-por-la-embajada-argentina-en-bruselas\/\",\"name\":\"Bioeconom\u00eda: GPS particip\u00f3 en el seminario organizado por la Embajada argentina en Bruselas - GPS\",\"isPartOf\":{\"@id\":\"https:\/\/grupogpps.org\/#website\"},\"primaryImageOfPage\":{\"@id\":\"https:\/\/grupogpps.org\/bioeconomia-gps-participo-en-el-seminario-organizado-por-la-embajada-argentina-en-bruselas\/#primaryimage\"},\"image\":{\"@id\":\"https:\/\/grupogpps.org\/bioeconomia-gps-participo-en-el-seminario-organizado-por-la-embajada-argentina-en-bruselas\/#primaryimage\"},\"thumbnailUrl\":\"https:\/\/grupogpps.org\/wp-content\/uploads\/2024\/01\/CONTENIDOS-CREA.png\",\"datePublished\":\"2024-02-16T20:42:16+00:00\",\"dateModified\":\"2024-02-21T19:42:30+00:00\",\"breadcrumb\":{\"@id\":\"https:\/\/grupogpps.org\/bioeconomia-gps-participo-en-el-seminario-organizado-por-la-embajada-argentina-en-bruselas\/#breadcrumb\"},\"inLanguage\":\"en-GB\",\"potentialAction\":[{\"@type\":\"ReadAction\",\"target\":[\"https:\/\/grupogpps.org\/bioeconomia-gps-participo-en-el-seminario-organizado-por-la-embajada-argentina-en-bruselas\/\"]}]},{\"@type\":\"ImageObject\",\"inLanguage\":\"en-GB\",\"@id\":\"https:\/\/grupogpps.org\/bioeconomia-gps-participo-en-el-seminario-organizado-por-la-embajada-argentina-en-bruselas\/#primaryimage\",\"url\":\"https:\/\/grupogpps.org\/wp-content\/uploads\/2024\/01\/CONTENIDOS-CREA.png\",\"contentUrl\":\"https:\/\/grupogpps.org\/wp-content\/uploads\/2024\/01\/CONTENIDOS-CREA.png\",\"width\":653,\"height\":366},{\"@type\":\"BreadcrumbList\",\"@id\":\"https:\/\/grupogpps.org\/bioeconomia-gps-participo-en-el-seminario-organizado-por-la-embajada-argentina-en-bruselas\/#breadcrumb\",\"itemListElement\":[{\"@type\":\"ListItem\",\"position\":1,\"name\":\"Inicio\",\"item\":\"https:\/\/grupogpps.org\/\"},{\"@type\":\"ListItem\",\"position\":2,\"name\":\"Bioeconom\u00eda: GPS particip\u00f3 en el seminario organizado por la Embajada argentina en Bruselas\"}]},{\"@type\":\"WebSite\",\"@id\":\"https:\/\/grupogpps.org\/#website\",\"url\":\"https:\/\/grupogpps.org\/\",\"name\":\"GPS\",\"description\":\"Grupo de pa\u00edses productores del sur\",\"publisher\":{\"@id\":\"https:\/\/grupogpps.org\/#organization\"},\"potentialAction\":[{\"@type\":\"SearchAction\",\"target\":{\"@type\":\"EntryPoint\",\"urlTemplate\":\"https:\/\/grupogpps.org\/?s={search_term_string}\"},\"query-input\":{\"@type\":\"PropertyValueSpecification\",\"valueRequired\":true,\"valueName\":\"search_term_string\"}}],\"inLanguage\":\"en-GB\"},{\"@type\":\"Organization\",\"@id\":\"https:\/\/grupogpps.org\/#organization\",\"name\":\"GPS - Grupo de pa\u00edses productores del sur\",\"url\":\"https:\/\/grupogpps.org\/\",\"logo\":{\"@type\":\"ImageObject\",\"inLanguage\":\"en-GB\",\"@id\":\"https:\/\/grupogpps.org\/#\/schema\/logo\/image\/\",\"url\":\"http:\/\/grupogpps.org\/wp-content\/uploads\/2021\/06\/logoGPS3.svg\",\"contentUrl\":\"http:\/\/grupogpps.org\/wp-content\/uploads\/2021\/06\/logoGPS3.svg\",\"width\":1,\"height\":1,\"caption\":\"GPS - Grupo de pa\u00edses productores del sur\"},\"image\":{\"@id\":\"https:\/\/grupogpps.org\/#\/schema\/logo\/image\/\"},\"sameAs\":[\"https:\/\/www.linkedin.com\/company\/25037162\/\",\"https:\/\/x.com\/GPSLatinAmerica\",\"https:\/\/www.instagram.com\/gpslatin\/\",\"https:\/\/www.youtube.com\/channel\/UCM2Qf0jSqNRJRkqmU8dO9QA\/videos\"]},{\"@type\":\"Person\",\"@id\":\"https:\/\/grupogpps.org\/#\/schema\/person\/faaafcd24616dff095821c72659ce41f\",\"name\":\"GPS GPS\",\"url\":\"https:\/\/grupogpps.org\/en\/author\/gps\/\"}]}<\/script>\n<!-- \/ Yoast SEO plugin. -->","yoast_head_json":{"title":"Bioeconom\u00eda: GPS particip\u00f3 en el seminario organizado por la Embajada argentina en Bruselas - GPS","robots":{"index":"index","follow":"follow","max-snippet":"max-snippet:-1","max-image-preview":"max-image-preview:large","max-video-preview":"max-video-preview:-1"},"canonical":"https:\/\/grupogpps.org\/en\/bioeconomia-gps-participo-en-el-seminario-organizado-por-la-embajada-argentina-en-bruselas\/","og_locale":"en_GB","og_type":"article","og_title":"Bioeconom\u00eda: GPS particip\u00f3 en el seminario organizado por la Embajada argentina en Bruselas - GPS","og_description":"El Coordinador General del Grupo de Pa\u00edses Productores del Sur (GPS), Marcelo Reg\u00fanaga, particip\u00f3 en el seminario \u201cLa contribuci\u00f3n de la bioeconom\u00eda al desarrollo sostenible\u201d, organizado por Embajada argentina ante la Uni\u00f3n Europea (UE-27), y que se llev\u00f3 a cabo en Bruselas, durante la \u00faltima semana de enero. El evento tambi\u00e9n cont\u00f3 con la presencia [&hellip;]","og_url":"https:\/\/grupogpps.org\/en\/bioeconomia-gps-participo-en-el-seminario-organizado-por-la-embajada-argentina-en-bruselas\/","og_site_name":"GPS","article_publisher":"https:\/\/www.linkedin.com\/company\/25037162\/","article_published_time":"2024-02-16T20:42:16+00:00","article_modified_time":"2024-02-21T19:42:30+00:00","og_image":[{"width":653,"height":366,"url":"http:\/\/grupogpps.org\/wp-content\/uploads\/2024\/01\/CONTENIDOS-CREA.png","type":"image\/png"}],"author":"GPS GPS","twitter_card":"summary_large_image","twitter_creator":"@GPSLatinAmerica","twitter_site":"@GPSLatinAmerica","twitter_misc":{"Written by":"GPS GPS","Estimated reading time":"3 minutes"},"schema":{"@context":"https:\/\/schema.org","@graph":[{"@type":"Article","@id":"https:\/\/grupogpps.org\/bioeconomia-gps-participo-en-el-seminario-organizado-por-la-embajada-argentina-en-bruselas\/#article","isPartOf":{"@id":"https:\/\/grupogpps.org\/bioeconomia-gps-participo-en-el-seminario-organizado-por-la-embajada-argentina-en-bruselas\/"},"author":{"name":"GPS GPS","@id":"https:\/\/grupogpps.org\/#\/schema\/person\/faaafcd24616dff095821c72659ce41f"},"headline":"Bioeconom\u00eda: GPS particip\u00f3 en el seminario organizado por la Embajada argentina en Bruselas","datePublished":"2024-02-16T20:42:16+00:00","dateModified":"2024-02-21T19:42:30+00:00","mainEntityOfPage":{"@id":"https:\/\/grupogpps.org\/bioeconomia-gps-participo-en-el-seminario-organizado-por-la-embajada-argentina-en-bruselas\/"},"wordCount":359,"commentCount":0,"publisher":{"@id":"https:\/\/grupogpps.org\/#organization"},"image":{"@id":"https:\/\/grupogpps.org\/bioeconomia-gps-participo-en-el-seminario-organizado-por-la-embajada-argentina-en-bruselas\/#primaryimage"},"thumbnailUrl":"https:\/\/grupogpps.org\/wp-content\/uploads\/2024\/01\/CONTENIDOS-CREA.png","articleSection":["Actividades","Eventos","Home","Novedades"],"inLanguage":"en-GB","potentialAction":[{"@type":"CommentAction","name":"Comment","target":["https:\/\/grupogpps.org\/bioeconomia-gps-participo-en-el-seminario-organizado-por-la-embajada-argentina-en-bruselas\/#respond"]}]},{"@type":"WebPage","@id":"https:\/\/grupogpps.org\/bioeconomia-gps-participo-en-el-seminario-organizado-por-la-embajada-argentina-en-bruselas\/","url":"https:\/\/grupogpps.org\/bioeconomia-gps-participo-en-el-seminario-organizado-por-la-embajada-argentina-en-bruselas\/","name":"Bioeconom\u00eda: GPS particip\u00f3 en el seminario organizado por la Embajada argentina en Bruselas - GPS","isPartOf":{"@id":"https:\/\/grupogpps.org\/#website"},"primaryImageOfPage":{"@id":"https:\/\/grupogpps.org\/bioeconomia-gps-participo-en-el-seminario-organizado-por-la-embajada-argentina-en-bruselas\/#primaryimage"},"image":{"@id":"https:\/\/grupogpps.org\/bioeconomia-gps-participo-en-el-seminario-organizado-por-la-embajada-argentina-en-bruselas\/#primaryimage"},"thumbnailUrl":"https:\/\/grupogpps.org\/wp-content\/uploads\/2024\/01\/CONTENIDOS-CREA.png","datePublished":"2024-02-16T20:42:16+00:00","dateModified":"2024-02-21T19:42:30+00:00","breadcrumb":{"@id":"https:\/\/grupogpps.org\/bioeconomia-gps-participo-en-el-seminario-organizado-por-la-embajada-argentina-en-bruselas\/#breadcrumb"},"inLanguage":"en-GB","potentialAction":[{"@type":"ReadAction","target":["https:\/\/grupogpps.org\/bioeconomia-gps-participo-en-el-seminario-organizado-por-la-embajada-argentina-en-bruselas\/"]}]},{"@type":"ImageObject","inLanguage":"en-GB","@id":"https:\/\/grupogpps.org\/bioeconomia-gps-participo-en-el-seminario-organizado-por-la-embajada-argentina-en-bruselas\/#primaryimage","url":"https:\/\/grupogpps.org\/wp-content\/uploads\/2024\/01\/CONTENIDOS-CREA.png","contentUrl":"https:\/\/grupogpps.org\/wp-content\/uploads\/2024\/01\/CONTENIDOS-CREA.png","width":653,"height":366},{"@type":"BreadcrumbList","@id":"https:\/\/grupogpps.org\/bioeconomia-gps-participo-en-el-seminario-organizado-por-la-embajada-argentina-en-bruselas\/#breadcrumb","itemListElement":[{"@type":"ListItem","position":1,"name":"Inicio","item":"https:\/\/grupogpps.org\/"},{"@type":"ListItem","position":2,"name":"Bioeconom\u00eda: GPS particip\u00f3 en el seminario organizado por la Embajada argentina en Bruselas"}]},{"@type":"WebSite","@id":"https:\/\/grupogpps.org\/#website","url":"https:\/\/grupogpps.org\/","name":"GPS","description":"Grupo de pa\u00edses productores del sur","publisher":{"@id":"https:\/\/grupogpps.org\/#organization"},"potentialAction":[{"@type":"SearchAction","target":{"@type":"EntryPoint","urlTemplate":"https:\/\/grupogpps.org\/?s={search_term_string}"},"query-input":{"@type":"PropertyValueSpecification","valueRequired":true,"valueName":"search_term_string"}}],"inLanguage":"en-GB"},{"@type":"Organization","@id":"https:\/\/grupogpps.org\/#organization","name":"GPS - Grupo de pa\u00edses productores del sur","url":"https:\/\/grupogpps.org\/","logo":{"@type":"ImageObject","inLanguage":"en-GB","@id":"https:\/\/grupogpps.org\/#\/schema\/logo\/image\/","url":"http:\/\/grupogpps.org\/wp-content\/uploads\/2021\/06\/logoGPS3.svg","contentUrl":"http:\/\/grupogpps.org\/wp-content\/uploads\/2021\/06\/logoGPS3.svg","width":1,"height":1,"caption":"GPS - Grupo de pa\u00edses productores del sur"},"image":{"@id":"https:\/\/grupogpps.org\/#\/schema\/logo\/image\/"},"sameAs":["https:\/\/www.linkedin.com\/company\/25037162\/","https:\/\/x.com\/GPSLatinAmerica","https:\/\/www.instagram.com\/gpslatin\/","https:\/\/www.youtube.com\/channel\/UCM2Qf0jSqNRJRkqmU8dO9QA\/videos"]},{"@type":"Person","@id":"https:\/\/grupogpps.org\/#\/schema\/person\/faaafcd24616dff095821c72659ce41f","name":"GPS GPS","url":"https:\/\/grupogpps.org\/en\/author\/gps\/"}]}},"_links":{"self":[{"href":"https:\/\/grupogpps.org\/en\/wp-json\/wp\/v2\/posts\/4575","targetHints":{"allow":["GET"]}}],"collection":[{"href":"https:\/\/grupogpps.org\/en\/wp-json\/wp\/v2\/posts"}],"about":[{"href":"https:\/\/grupogpps.org\/en\/wp-json\/wp\/v2\/types\/post"}],"author":[{"embeddable":true,"href":"https:\/\/grupogpps.org\/en\/wp-json\/wp\/v2\/users\/2"}],"replies":[{"embeddable":true,"href":"https:\/\/grupogpps.org\/en\/wp-json\/wp\/v2\/comments?post=4575"}],"version-history":[{"count":2,"href":"https:\/\/grupogpps.org\/en\/wp-json\/wp\/v2\/posts\/4575\/revisions"}],"predecessor-version":[{"id":4581,"href":"https:\/\/grupogpps.org\/en\/wp-json\/wp\/v2\/posts\/4575\/revisions\/4581"}],"wp:featuredmedia":[{"embeddable":true,"href":"https:\/\/grupogpps.org\/en\/wp-json\/wp\/v2\/media\/4572"}],"wp:attachment":[{"href":"https:\/\/grupogpps.org\/en\/wp-json\/wp\/v2\/media?parent=4575"}],"wp:term":[{"taxonomy":"category","embeddable":true,"href":"https:\/\/grupogpps.org\/en\/wp-json\/wp\/v2\/categories?post=4575"},{"taxonomy":"post_tag","embeddable":true,"href":"https:\/\/grupogpps.org\/en\/wp-json\/wp\/v2\/tags?post=4575"}],"curies":[{"name":"wp","href":"https:\/\/api.w.org\/{rel}","templated":true}]}}