{"id":4534,"date":"2023-12-21T16:26:15","date_gmt":"2023-12-21T19:26:15","guid":{"rendered":"http:\/\/grupogpps.org\/?p=4534"},"modified":"2023-12-21T22:38:34","modified_gmt":"2023-12-22T01:38:34","slug":"gps-participo-activamente-de-las-actividades-del-sector-privado-en-la-cop28-en-dubai","status":"publish","type":"post","link":"https:\/\/grupogpps.org\/en\/gps-participo-activamente-de-las-actividades-del-sector-privado-en-la-cop28-en-dubai\/","title":{"rendered":"GPS actively participated in private sector activities at COP28 in Dubai"},"content":{"rendered":"<p class=\"has-medium-font-size\"><\/p>\n\n\n\n<p>From December 1 to 13, representatives from some 200 countries gathered in Dubai, United Arab Emirates, for the Conference of the Parties to the United Nations Framework Convention on Climate Change, COP28.<\/p>\n\n\n\n<p>In this edition, as in previous ones, countries sought to reach agreements that allow significant progress towards achieving the central objective set in the Paris Agreement, signed in 2015: stopping the increase in global average temperature below 2 \u00b0C, and continue efforts to limit the increase to 1.5\u00b0C above pre-industrial levels.<\/p>\n\n\n\n<p>This COP achieved significant progress: <strong>the approval of a roadmap for the \u201ctransition away from fossil fuels\u201d, although it has not yet been possible to establish enforceable commitments for the withdrawal of coal, oil and gas.<\/strong><\/p>\n\n\n\n<p>Likewise, commitments were made to triple renewable energy capacity and double energy efficiency by 2030, and progress was made in relation to adaptation and financing, including the launch of the Loss and Damage Fund, although commitments in terms financial resources are still very limited.<\/p>\n\n\n\n<p>GPS activity in the COPs has been growing steadily in recent years, accompanied by greater involvement of the private sector as well as regional institutions linked to agriculture, such as IICA.<\/p>\n\n\n\n<p>With the understanding that the agri-food sector in the region (and, in particular, in Argentina, Brazil, Paraguay and Uruguay) can play a key role in addressing two of the great global problems of today, food security and mitigation of climate change, various events were organized during the COP.<\/p>\n\n\n\n<p>On December 4 (Finance Day) a virtual session was held within the framework of the ICC (International Chamber of Commerce) platform whose title was <strong>\u201cCapital costs, transition risks and the burden for developing countries\u201d<\/strong> and which addressed, precisely , the impact of transition risks derived from arbitrary regulations and their impact on the increase in the cost of capital for developing countries, which are those that most require access to financing at a competitive cost. These countries, in general, are the ones that contribute the least to GHG emissions but, in many cases, they are penalized by these regulations.<\/p>\n\n\n\n<p>Participaron del panel, que fue moderado por <strong>Mar\u00eda Noel Sanguinetti<\/strong> (economist, member of GPS Uruguay), <strong>Mart\u00edn Fragu\u00edo<\/strong>&nbsp;(Founding Member of GPS Argentina and Director Carbon Group), <strong>Roberto Azevedo<\/strong>&nbsp;(Founding Partner of YvY Capital and former Director of the WTO, Brazil) <strong>Diego Flaiban<\/strong>&nbsp;(Director of the Financial Sector for the Southern Cone of IDB Invest, Argentina).<\/p>\n\n\n\n<p><strong>The recording of the session can be seen at the following <a href=\"https:\/\/www.youtube.com\/watch?v=tWL4LlUhSyU\">link.<\/a><\/strong><\/p>\n\n\n\n<p><\/p>\n\n\n\n<p>Likewise, on December 10 (Agriculture Day), GPS co-organized two in-person events in Dubai.<\/p>\n\n\n\n<p>Considering that sustainability is a complex field for companies and that new rules and regulations, as well as market demands, continually shape the local and international scenario, the first of them, organized jointly with ICC Argentina, was titled<strong> \u00abTowards a Sustainable Trade Worldwide. Discussions among the Americas and Europe\u00bb. <\/strong>&nbsp;The session proposed a discussion on opportunities and challenges that the agricultural and livestock sector has to overcome particularly in three main fields: new international standards and regulations to access international markets; systems reconversion; and sources of financing.<\/p>\n\n\n\n<p>The opening of the session was carried out by <strong>Sandra Hanni&nbsp;<\/strong>(Global Policy Lead \u2013 Climate, ICC) and had the participation of&nbsp;<strong>Roberto Azevedo<\/strong>&nbsp;(former Director General of the WTO, President of the International Initiative for Brazilian Agribusiness and Founding Partner of YvY Capital), <strong>Marcos Pereda&nbsp;<\/strong>(Vice President of the Argentine Rural Society and member of the Board of ICC Argentina), <strong>Alex Peterson<\/strong>&nbsp;(Owner of Peterson Dairy, USA) and <strong>Mario Cerutti&nbsp;<\/strong>(Jefe de Relaciones Institucionales y Sustentabilidad de Lavazza Group, Italia), y fue moderada por <strong>Mart\u00edn Fragu\u00edo<\/strong>&nbsp;(Miembro Fundador de GPS Argentina y Director Carbon&nbsp;Group).<\/p>\n\n\n\n<p><strong>The recording of the session can be seen here <a href=\"https:\/\/youtu.be\/yfViEaeNR5g\">at<\/a>.<\/strong><\/p>\n\n\n\n<p>On the other hand, that same day, at IICA's Sustainable Agriculture Pavilion of the Americas, a panel was organized on <strong>\u00abSustainability of Production Systems in Southern Cone Countries: Experiences and Developments in Argentina, Brasil, Paraguay and Uruguay\u00bb <\/strong>in which the progress of the joint project that the four countries are developing was presented, whose objective (in this first stage) is to characterize the productive systems and generate a common methodology that, in a later stage, will allow specific studies to be undertaken for each country within of a common framework and unified communication. The session presented the tasks and methodology of the process of integration and characterization of climate-smart production systems in the region, along with cases and practical application examples.<\/p>\n\n\n\n<p>The session was presented by<strong> Francisco Lezama<\/strong>&nbsp;(Coordinator of the Uruguay GPS Forum) and had the participation of <strong>Marcelo Torres<\/strong>&nbsp;(Presidente de AAPRESID, Argentina), <strong>Daniel Vargas<\/strong>&nbsp;(Bioeconomy Coordinator of the Getulio Vargas Foundation, Brazil) and <strong>Ignacio Di Pascua<\/strong>&nbsp;(INAC Project Director, Uruguay). She was moderated by<strong> Mail\u00e9n Saluzzio<\/strong>&nbsp;(Responsable de Relaciones Internacionales de AAPRESID, Argentina).<\/p>\n\n\n\n<p><strong>El video de la sesi\u00f3n puede verse en el <a href=\"https:\/\/www.youtube.com\/watch?v=XiAdn5I3mkA\">at<\/a><\/strong><\/p>\n\n\n\n<p>Likewise, within the framework of the COP, GPS joined, along with other institutions, such as the Argentine Association of Direct Sowing Producers (AAPRESID), the Department of Forestry of the Michigan State University (MSU), Gold Standard, ACORN of Rabobank and Climate Focus, to the Voluntary Carbon Market Integrity Initiative (VCMI), promoted by IICA, whose objective is to support the access of agriculture in Latin America and the Caribbean to financing of voluntary and compliance carbon markets.<\/p>\n\n\n\n<p><\/p>\n\n\n\n<p><\/p>\n\n\n\n<p class=\"has-text-align-center\"><\/p>","protected":false},"excerpt":{"rendered":"<p>Entre el 1 y el 13 de diciembre, representantes de unos 200 pa\u00edses se reunieron en Dub\u00e1i (Emiratos \u00c1rabes Unidos) para la Conferencia de las Partes en la Convenci\u00f3n Marco de Naciones Unidas sobre Cambio Clim\u00e1tico, la COP28. En esta edici\u00f3n, como en las anteriores, los pa\u00edses buscaron alcanzar acuerdos que permitan avances significativos hacia [&hellip;]<\/p>","protected":false},"author":2,"featured_media":4535,"comment_status":"open","ping_status":"closed","sticky":false,"template":"","format":"standard","meta":{"footnotes":""},"categories":[19,58,25,23],"tags":[],"class_list":["post-4534","post","type-post","status-publish","format-standard","has-post-thumbnail","hentry","category-actividades","category-eventos","category-home","category-novedades"],"yoast_head":"<!-- This site is optimized with the Yoast SEO plugin v26.8 - https:\/\/yoast.com\/product\/yoast-seo-wordpress\/ -->\n<title>GPS particip\u00f3 activamente de las actividades del sector privado en la COP28 en Dub\u00e1i - GPS<\/title>\n<meta name=\"robots\" content=\"index, follow, max-snippet:-1, max-image-preview:large, max-video-preview:-1\" \/>\n<link rel=\"canonical\" href=\"https:\/\/grupogpps.org\/en\/gps-participo-activamente-de-las-actividades-del-sector-privado-en-la-cop28-en-dubai\/\" \/>\n<meta property=\"og:locale\" content=\"en_GB\" \/>\n<meta property=\"og:type\" content=\"article\" \/>\n<meta property=\"og:title\" content=\"GPS particip\u00f3 activamente de las actividades del sector privado en la COP28 en Dub\u00e1i - GPS\" \/>\n<meta property=\"og:description\" content=\"Entre el 1 y el 13 de diciembre, representantes de unos 200 pa\u00edses se reunieron en Dub\u00e1i (Emiratos \u00c1rabes Unidos) para la Conferencia de las Partes en la Convenci\u00f3n Marco de Naciones Unidas sobre Cambio Clim\u00e1tico, la COP28. En esta edici\u00f3n, como en las anteriores, los pa\u00edses buscaron alcanzar acuerdos que permitan avances significativos hacia [&hellip;]\" \/>\n<meta property=\"og:url\" content=\"https:\/\/grupogpps.org\/en\/gps-participo-activamente-de-las-actividades-del-sector-privado-en-la-cop28-en-dubai\/\" \/>\n<meta property=\"og:site_name\" content=\"GPS\" \/>\n<meta property=\"article:publisher\" content=\"https:\/\/www.linkedin.com\/company\/25037162\/\" \/>\n<meta property=\"article:published_time\" content=\"2023-12-21T19:26:15+00:00\" \/>\n<meta property=\"article:modified_time\" content=\"2023-12-22T01:38:34+00:00\" \/>\n<meta property=\"og:image\" content=\"https:\/\/grupogpps.org\/wp-content\/uploads\/2023\/12\/foto_cop281.jpg\" \/>\n\t<meta property=\"og:image:width\" content=\"840\" \/>\n\t<meta property=\"og:image:height\" content=\"475\" \/>\n\t<meta property=\"og:image:type\" content=\"image\/jpeg\" \/>\n<meta name=\"author\" content=\"GPS GPS\" \/>\n<meta name=\"twitter:card\" content=\"summary_large_image\" \/>\n<meta name=\"twitter:creator\" content=\"@GPSLatinAmerica\" \/>\n<meta name=\"twitter:site\" content=\"@GPSLatinAmerica\" \/>\n<meta name=\"twitter:label1\" content=\"Written by\" \/>\n\t<meta name=\"twitter:data1\" content=\"GPS GPS\" \/>\n\t<meta name=\"twitter:label2\" content=\"Estimated reading time\" \/>\n\t<meta name=\"twitter:data2\" content=\"5 minutes\" \/>\n<script type=\"application\/ld+json\" class=\"yoast-schema-graph\">{\"@context\":\"https:\/\/schema.org\",\"@graph\":[{\"@type\":\"Article\",\"@id\":\"https:\/\/grupogpps.org\/gps-participo-activamente-de-las-actividades-del-sector-privado-en-la-cop28-en-dubai\/#article\",\"isPartOf\":{\"@id\":\"https:\/\/grupogpps.org\/gps-participo-activamente-de-las-actividades-del-sector-privado-en-la-cop28-en-dubai\/\"},\"author\":{\"name\":\"GPS GPS\",\"@id\":\"https:\/\/grupogpps.org\/#\/schema\/person\/faaafcd24616dff095821c72659ce41f\"},\"headline\":\"GPS particip\u00f3 activamente de las actividades del sector privado en la COP28 en Dub\u00e1i\",\"datePublished\":\"2023-12-21T19:26:15+00:00\",\"dateModified\":\"2023-12-22T01:38:34+00:00\",\"mainEntityOfPage\":{\"@id\":\"https:\/\/grupogpps.org\/gps-participo-activamente-de-las-actividades-del-sector-privado-en-la-cop28-en-dubai\/\"},\"wordCount\":1045,\"commentCount\":0,\"publisher\":{\"@id\":\"https:\/\/grupogpps.org\/#organization\"},\"image\":{\"@id\":\"https:\/\/grupogpps.org\/gps-participo-activamente-de-las-actividades-del-sector-privado-en-la-cop28-en-dubai\/#primaryimage\"},\"thumbnailUrl\":\"https:\/\/grupogpps.org\/wp-content\/uploads\/2023\/12\/foto_cop281.jpg\",\"articleSection\":[\"Actividades\",\"Eventos\",\"Home\",\"Novedades\"],\"inLanguage\":\"en-GB\",\"potentialAction\":[{\"@type\":\"CommentAction\",\"name\":\"Comment\",\"target\":[\"https:\/\/grupogpps.org\/gps-participo-activamente-de-las-actividades-del-sector-privado-en-la-cop28-en-dubai\/#respond\"]}]},{\"@type\":\"WebPage\",\"@id\":\"https:\/\/grupogpps.org\/gps-participo-activamente-de-las-actividades-del-sector-privado-en-la-cop28-en-dubai\/\",\"url\":\"https:\/\/grupogpps.org\/gps-participo-activamente-de-las-actividades-del-sector-privado-en-la-cop28-en-dubai\/\",\"name\":\"GPS particip\u00f3 activamente de las actividades del sector privado en la COP28 en Dub\u00e1i - GPS\",\"isPartOf\":{\"@id\":\"https:\/\/grupogpps.org\/#website\"},\"primaryImageOfPage\":{\"@id\":\"https:\/\/grupogpps.org\/gps-participo-activamente-de-las-actividades-del-sector-privado-en-la-cop28-en-dubai\/#primaryimage\"},\"image\":{\"@id\":\"https:\/\/grupogpps.org\/gps-participo-activamente-de-las-actividades-del-sector-privado-en-la-cop28-en-dubai\/#primaryimage\"},\"thumbnailUrl\":\"https:\/\/grupogpps.org\/wp-content\/uploads\/2023\/12\/foto_cop281.jpg\",\"datePublished\":\"2023-12-21T19:26:15+00:00\",\"dateModified\":\"2023-12-22T01:38:34+00:00\",\"breadcrumb\":{\"@id\":\"https:\/\/grupogpps.org\/gps-participo-activamente-de-las-actividades-del-sector-privado-en-la-cop28-en-dubai\/#breadcrumb\"},\"inLanguage\":\"en-GB\",\"potentialAction\":[{\"@type\":\"ReadAction\",\"target\":[\"https:\/\/grupogpps.org\/gps-participo-activamente-de-las-actividades-del-sector-privado-en-la-cop28-en-dubai\/\"]}]},{\"@type\":\"ImageObject\",\"inLanguage\":\"en-GB\",\"@id\":\"https:\/\/grupogpps.org\/gps-participo-activamente-de-las-actividades-del-sector-privado-en-la-cop28-en-dubai\/#primaryimage\",\"url\":\"https:\/\/grupogpps.org\/wp-content\/uploads\/2023\/12\/foto_cop281.jpg\",\"contentUrl\":\"https:\/\/grupogpps.org\/wp-content\/uploads\/2023\/12\/foto_cop281.jpg\",\"width\":840,\"height\":475},{\"@type\":\"BreadcrumbList\",\"@id\":\"https:\/\/grupogpps.org\/gps-participo-activamente-de-las-actividades-del-sector-privado-en-la-cop28-en-dubai\/#breadcrumb\",\"itemListElement\":[{\"@type\":\"ListItem\",\"position\":1,\"name\":\"Inicio\",\"item\":\"https:\/\/grupogpps.org\/\"},{\"@type\":\"ListItem\",\"position\":2,\"name\":\"GPS particip\u00f3 activamente de las actividades del sector privado en la COP28 en Dub\u00e1i\"}]},{\"@type\":\"WebSite\",\"@id\":\"https:\/\/grupogpps.org\/#website\",\"url\":\"https:\/\/grupogpps.org\/\",\"name\":\"GPS\",\"description\":\"Grupo de pa\u00edses productores del sur\",\"publisher\":{\"@id\":\"https:\/\/grupogpps.org\/#organization\"},\"potentialAction\":[{\"@type\":\"SearchAction\",\"target\":{\"@type\":\"EntryPoint\",\"urlTemplate\":\"https:\/\/grupogpps.org\/?s={search_term_string}\"},\"query-input\":{\"@type\":\"PropertyValueSpecification\",\"valueRequired\":true,\"valueName\":\"search_term_string\"}}],\"inLanguage\":\"en-GB\"},{\"@type\":\"Organization\",\"@id\":\"https:\/\/grupogpps.org\/#organization\",\"name\":\"GPS - Grupo de pa\u00edses productores del sur\",\"url\":\"https:\/\/grupogpps.org\/\",\"logo\":{\"@type\":\"ImageObject\",\"inLanguage\":\"en-GB\",\"@id\":\"https:\/\/grupogpps.org\/#\/schema\/logo\/image\/\",\"url\":\"http:\/\/grupogpps.org\/wp-content\/uploads\/2021\/06\/logoGPS3.svg\",\"contentUrl\":\"http:\/\/grupogpps.org\/wp-content\/uploads\/2021\/06\/logoGPS3.svg\",\"width\":1,\"height\":1,\"caption\":\"GPS - Grupo de pa\u00edses productores del sur\"},\"image\":{\"@id\":\"https:\/\/grupogpps.org\/#\/schema\/logo\/image\/\"},\"sameAs\":[\"https:\/\/www.linkedin.com\/company\/25037162\/\",\"https:\/\/x.com\/GPSLatinAmerica\",\"https:\/\/www.instagram.com\/gpslatin\/\",\"https:\/\/www.youtube.com\/channel\/UCM2Qf0jSqNRJRkqmU8dO9QA\/videos\"]},{\"@type\":\"Person\",\"@id\":\"https:\/\/grupogpps.org\/#\/schema\/person\/faaafcd24616dff095821c72659ce41f\",\"name\":\"GPS GPS\",\"url\":\"https:\/\/grupogpps.org\/en\/author\/gps\/\"}]}<\/script>\n<!-- \/ Yoast SEO plugin. -->","yoast_head_json":{"title":"GPS particip\u00f3 activamente de las actividades del sector privado en la COP28 en Dub\u00e1i - GPS","robots":{"index":"index","follow":"follow","max-snippet":"max-snippet:-1","max-image-preview":"max-image-preview:large","max-video-preview":"max-video-preview:-1"},"canonical":"https:\/\/grupogpps.org\/en\/gps-participo-activamente-de-las-actividades-del-sector-privado-en-la-cop28-en-dubai\/","og_locale":"en_GB","og_type":"article","og_title":"GPS particip\u00f3 activamente de las actividades del sector privado en la COP28 en Dub\u00e1i - GPS","og_description":"Entre el 1 y el 13 de diciembre, representantes de unos 200 pa\u00edses se reunieron en Dub\u00e1i (Emiratos \u00c1rabes Unidos) para la Conferencia de las Partes en la Convenci\u00f3n Marco de Naciones Unidas sobre Cambio Clim\u00e1tico, la COP28. En esta edici\u00f3n, como en las anteriores, los pa\u00edses buscaron alcanzar acuerdos que permitan avances significativos hacia [&hellip;]","og_url":"https:\/\/grupogpps.org\/en\/gps-participo-activamente-de-las-actividades-del-sector-privado-en-la-cop28-en-dubai\/","og_site_name":"GPS","article_publisher":"https:\/\/www.linkedin.com\/company\/25037162\/","article_published_time":"2023-12-21T19:26:15+00:00","article_modified_time":"2023-12-22T01:38:34+00:00","og_image":[{"width":840,"height":475,"url":"https:\/\/grupogpps.org\/wp-content\/uploads\/2023\/12\/foto_cop281.jpg","type":"image\/jpeg"}],"author":"GPS GPS","twitter_card":"summary_large_image","twitter_creator":"@GPSLatinAmerica","twitter_site":"@GPSLatinAmerica","twitter_misc":{"Written by":"GPS GPS","Estimated reading time":"5 minutes"},"schema":{"@context":"https:\/\/schema.org","@graph":[{"@type":"Article","@id":"https:\/\/grupogpps.org\/gps-participo-activamente-de-las-actividades-del-sector-privado-en-la-cop28-en-dubai\/#article","isPartOf":{"@id":"https:\/\/grupogpps.org\/gps-participo-activamente-de-las-actividades-del-sector-privado-en-la-cop28-en-dubai\/"},"author":{"name":"GPS GPS","@id":"https:\/\/grupogpps.org\/#\/schema\/person\/faaafcd24616dff095821c72659ce41f"},"headline":"GPS particip\u00f3 activamente de las actividades del sector privado en la COP28 en Dub\u00e1i","datePublished":"2023-12-21T19:26:15+00:00","dateModified":"2023-12-22T01:38:34+00:00","mainEntityOfPage":{"@id":"https:\/\/grupogpps.org\/gps-participo-activamente-de-las-actividades-del-sector-privado-en-la-cop28-en-dubai\/"},"wordCount":1045,"commentCount":0,"publisher":{"@id":"https:\/\/grupogpps.org\/#organization"},"image":{"@id":"https:\/\/grupogpps.org\/gps-participo-activamente-de-las-actividades-del-sector-privado-en-la-cop28-en-dubai\/#primaryimage"},"thumbnailUrl":"https:\/\/grupogpps.org\/wp-content\/uploads\/2023\/12\/foto_cop281.jpg","articleSection":["Actividades","Eventos","Home","Novedades"],"inLanguage":"en-GB","potentialAction":[{"@type":"CommentAction","name":"Comment","target":["https:\/\/grupogpps.org\/gps-participo-activamente-de-las-actividades-del-sector-privado-en-la-cop28-en-dubai\/#respond"]}]},{"@type":"WebPage","@id":"https:\/\/grupogpps.org\/gps-participo-activamente-de-las-actividades-del-sector-privado-en-la-cop28-en-dubai\/","url":"https:\/\/grupogpps.org\/gps-participo-activamente-de-las-actividades-del-sector-privado-en-la-cop28-en-dubai\/","name":"GPS particip\u00f3 activamente de las actividades del sector privado en la COP28 en Dub\u00e1i - GPS","isPartOf":{"@id":"https:\/\/grupogpps.org\/#website"},"primaryImageOfPage":{"@id":"https:\/\/grupogpps.org\/gps-participo-activamente-de-las-actividades-del-sector-privado-en-la-cop28-en-dubai\/#primaryimage"},"image":{"@id":"https:\/\/grupogpps.org\/gps-participo-activamente-de-las-actividades-del-sector-privado-en-la-cop28-en-dubai\/#primaryimage"},"thumbnailUrl":"https:\/\/grupogpps.org\/wp-content\/uploads\/2023\/12\/foto_cop281.jpg","datePublished":"2023-12-21T19:26:15+00:00","dateModified":"2023-12-22T01:38:34+00:00","breadcrumb":{"@id":"https:\/\/grupogpps.org\/gps-participo-activamente-de-las-actividades-del-sector-privado-en-la-cop28-en-dubai\/#breadcrumb"},"inLanguage":"en-GB","potentialAction":[{"@type":"ReadAction","target":["https:\/\/grupogpps.org\/gps-participo-activamente-de-las-actividades-del-sector-privado-en-la-cop28-en-dubai\/"]}]},{"@type":"ImageObject","inLanguage":"en-GB","@id":"https:\/\/grupogpps.org\/gps-participo-activamente-de-las-actividades-del-sector-privado-en-la-cop28-en-dubai\/#primaryimage","url":"https:\/\/grupogpps.org\/wp-content\/uploads\/2023\/12\/foto_cop281.jpg","contentUrl":"https:\/\/grupogpps.org\/wp-content\/uploads\/2023\/12\/foto_cop281.jpg","width":840,"height":475},{"@type":"BreadcrumbList","@id":"https:\/\/grupogpps.org\/gps-participo-activamente-de-las-actividades-del-sector-privado-en-la-cop28-en-dubai\/#breadcrumb","itemListElement":[{"@type":"ListItem","position":1,"name":"Inicio","item":"https:\/\/grupogpps.org\/"},{"@type":"ListItem","position":2,"name":"GPS particip\u00f3 activamente de las actividades del sector privado en la COP28 en Dub\u00e1i"}]},{"@type":"WebSite","@id":"https:\/\/grupogpps.org\/#website","url":"https:\/\/grupogpps.org\/","name":"GPS","description":"Grupo de pa\u00edses productores del sur","publisher":{"@id":"https:\/\/grupogpps.org\/#organization"},"potentialAction":[{"@type":"SearchAction","target":{"@type":"EntryPoint","urlTemplate":"https:\/\/grupogpps.org\/?s={search_term_string}"},"query-input":{"@type":"PropertyValueSpecification","valueRequired":true,"valueName":"search_term_string"}}],"inLanguage":"en-GB"},{"@type":"Organization","@id":"https:\/\/grupogpps.org\/#organization","name":"GPS - Grupo de pa\u00edses productores del sur","url":"https:\/\/grupogpps.org\/","logo":{"@type":"ImageObject","inLanguage":"en-GB","@id":"https:\/\/grupogpps.org\/#\/schema\/logo\/image\/","url":"http:\/\/grupogpps.org\/wp-content\/uploads\/2021\/06\/logoGPS3.svg","contentUrl":"http:\/\/grupogpps.org\/wp-content\/uploads\/2021\/06\/logoGPS3.svg","width":1,"height":1,"caption":"GPS - Grupo de pa\u00edses productores del sur"},"image":{"@id":"https:\/\/grupogpps.org\/#\/schema\/logo\/image\/"},"sameAs":["https:\/\/www.linkedin.com\/company\/25037162\/","https:\/\/x.com\/GPSLatinAmerica","https:\/\/www.instagram.com\/gpslatin\/","https:\/\/www.youtube.com\/channel\/UCM2Qf0jSqNRJRkqmU8dO9QA\/videos"]},{"@type":"Person","@id":"https:\/\/grupogpps.org\/#\/schema\/person\/faaafcd24616dff095821c72659ce41f","name":"GPS GPS","url":"https:\/\/grupogpps.org\/en\/author\/gps\/"}]}},"_links":{"self":[{"href":"https:\/\/grupogpps.org\/en\/wp-json\/wp\/v2\/posts\/4534","targetHints":{"allow":["GET"]}}],"collection":[{"href":"https:\/\/grupogpps.org\/en\/wp-json\/wp\/v2\/posts"}],"about":[{"href":"https:\/\/grupogpps.org\/en\/wp-json\/wp\/v2\/types\/post"}],"author":[{"embeddable":true,"href":"https:\/\/grupogpps.org\/en\/wp-json\/wp\/v2\/users\/2"}],"replies":[{"embeddable":true,"href":"https:\/\/grupogpps.org\/en\/wp-json\/wp\/v2\/comments?post=4534"}],"version-history":[{"count":4,"href":"https:\/\/grupogpps.org\/en\/wp-json\/wp\/v2\/posts\/4534\/revisions"}],"predecessor-version":[{"id":4541,"href":"https:\/\/grupogpps.org\/en\/wp-json\/wp\/v2\/posts\/4534\/revisions\/4541"}],"wp:featuredmedia":[{"embeddable":true,"href":"https:\/\/grupogpps.org\/en\/wp-json\/wp\/v2\/media\/4535"}],"wp:attachment":[{"href":"https:\/\/grupogpps.org\/en\/wp-json\/wp\/v2\/media?parent=4534"}],"wp:term":[{"taxonomy":"category","embeddable":true,"href":"https:\/\/grupogpps.org\/en\/wp-json\/wp\/v2\/categories?post=4534"},{"taxonomy":"post_tag","embeddable":true,"href":"https:\/\/grupogpps.org\/en\/wp-json\/wp\/v2\/tags?post=4534"}],"curies":[{"name":"wp","href":"https:\/\/api.w.org\/{rel}","templated":true}]}}