{"id":4494,"date":"2023-12-01T14:32:13","date_gmt":"2023-12-01T17:32:13","guid":{"rendered":"http:\/\/grupogpps.org\/?p=4494"},"modified":"2023-12-01T14:32:15","modified_gmt":"2023-12-01T17:32:15","slug":"gps-participa-en-la-cop28","status":"publish","type":"post","link":"https:\/\/grupogpps.org\/en\/gps-participa-en-la-cop28\/","title":{"rendered":"GPS participa en la COP28"},"content":{"rendered":"<p class=\"has-medium-font-size\"><em><strong>Miembros del Grupo de Pa\u00edses Productores del Sur (GPS) se dar\u00e1n cita, de forma conjunta con la C\u00e1mara de Comercio Internacional (ICC) y el Instituto Interamericano de Cooperaci\u00f3n para la Agricultura (IICA) en una nueva edici\u00f3n de COP, para informar sobre la sustentabilidad de nuestros sistemas productivos, as\u00ed como la importancia de canalizar inversiones hacia la regi\u00f3n.<\/strong><\/em><\/p>\n\n\n\n<p>Este 30 de noviembre se inicia la cumbre del clima n\u00famero 28 en Dub\u00e1i, donde se dar\u00e1n cita l\u00edderes del mundo para debatir acciones y pol\u00edticas para frenar el cambio clim\u00e1tico, que, junto con la seguridad alimentario, constituyen los dos grandes desaf\u00edos globales de la actualidad y del futuro. El sector agroalimentario es un actor clave que puede contribuir al logro de ambos objetivos, a trav\u00e9s de pr\u00e1cticas sustentables.<\/p>\n\n\n\n<p>Uno de los consensos m\u00e1s importantes alcanzados en el Acuerdo de Par\u00eds es que, para alcanzar los objetivos de reducir la temperatura en 1,5 \u00b0C, ya no basta con reducir las emisiones, sino que hay que capturar y eliminar el di\u00f3xido de carbono de la atm\u00f3sfera.<\/p>\n\n\n\n<p>Los pa\u00edses del Cono Sur de las Am\u00e9ricas (y, en particular, Argentina, Brasil, Paraguay y Uruguay) tienen la oportunidad de capturar valor a trav\u00e9s de la diferenciaci\u00f3n de los atributos ambientales de sus sistemas productivos y sus productos y la valorizaci\u00f3n de sus servicios ecosist\u00e9micos que puedan mejorar la adaptaci\u00f3n y reducir la huella de carbono sin comprometer los niveles de producci\u00f3n.<\/p>\n\n\n\n<p>Por ello es clave que el sector participe activamente en las negociaciones clim\u00e1ticas, apoyando y promoviendo actividades que contribuyan a comunicar la sustentabilidad de nuestros sistemas productivos, as\u00ed como la importancia de canalizar inversiones hacia la regi\u00f3n.<\/p>\n\n\n\n<p>Miembros del GPS se dar\u00e1n cita, de forma conjunta con la C\u00e1mara de Comercio Internacional (ICC) y el Instituto Interamericano de Cooperaci\u00f3n para la Agricultura (IICA), en esta serie de paneles que se alinean con estos objetivos.<\/p>\n\n\n\n<p class=\"has-large-font-size\"><strong>AGENDA GPS:<\/strong><\/p>\n\n\n<div class=\"wp-block-image\">\n<figure class=\"aligncenter size-large is-resized\"><img loading=\"lazy\" decoding=\"async\" width=\"1080\" height=\"1080\" src=\"http:\/\/grupogpps.org\/wp-content\/uploads\/2023\/12\/4-1024x1024.png\" alt=\"\" class=\"wp-image-4496\" style=\"width:532px;height:auto\" srcset=\"https:\/\/grupogpps.org\/wp-content\/uploads\/2023\/12\/4-1024x1024.png 1024w, https:\/\/grupogpps.org\/wp-content\/uploads\/2023\/12\/4-300x300.png 300w, https:\/\/grupogpps.org\/wp-content\/uploads\/2023\/12\/4-150x150.png 150w, https:\/\/grupogpps.org\/wp-content\/uploads\/2023\/12\/4-768x768.png 768w, https:\/\/grupogpps.org\/wp-content\/uploads\/2023\/12\/4-12x12.png 12w, https:\/\/grupogpps.org\/wp-content\/uploads\/2023\/12\/4.png 1080w\" sizes=\"auto, (max-width: 1080px) 100vw, 1080px\" \/><\/figure><\/div>\n\n\n<p><\/p>\n\n\n\n<div class=\"wp-block-buttons is-content-justification-center is-layout-flex wp-container-core-buttons-is-layout-1 wp-block-buttons-is-layout-flex\">\n<div class=\"wp-block-button is-style-fill\"><a class=\"wp-block-button__link has-text-align-left wp-element-button\" href=\"https:\/\/www.youtube.com\/watch?v=tWL4LlUhSyU\" target=\"_blank\" rel=\"noreferrer noopener\"><strong>Watch panel session<\/strong><\/a><\/div>\n<\/div>\n\n\n\n<figure class=\"wp-block-image size-large\"><img loading=\"lazy\" decoding=\"async\" width=\"1024\" height=\"577\" src=\"http:\/\/grupogpps.org\/wp-content\/uploads\/2023\/12\/WEB-Agenda-COP28-ICC-1024x577.png\" alt=\"\" class=\"wp-image-4502\" srcset=\"https:\/\/grupogpps.org\/wp-content\/uploads\/2023\/12\/WEB-Agenda-COP28-ICC-1024x577.png 1024w, https:\/\/grupogpps.org\/wp-content\/uploads\/2023\/12\/WEB-Agenda-COP28-ICC-300x169.png 300w, https:\/\/grupogpps.org\/wp-content\/uploads\/2023\/12\/WEB-Agenda-COP28-ICC-768x433.png 768w, https:\/\/grupogpps.org\/wp-content\/uploads\/2023\/12\/WEB-Agenda-COP28-ICC-1536x865.png 1536w, https:\/\/grupogpps.org\/wp-content\/uploads\/2023\/12\/WEB-Agenda-COP28-ICC-18x10.png 18w, https:\/\/grupogpps.org\/wp-content\/uploads\/2023\/12\/WEB-Agenda-COP28-ICC.png 1640w\" sizes=\"auto, (max-width: 1024px) 100vw, 1024px\" \/><\/figure>\n\n\n\n<p><\/p>\n\n\n\n<div class=\"wp-block-buttons is-content-justification-center is-layout-flex wp-container-core-buttons-is-layout-2 wp-block-buttons-is-layout-flex\">\n<div class=\"wp-block-button\"><a class=\"wp-block-button__link wp-element-button\" href=\"https:\/\/www.youtube.com\/watch?v=yXQJTmzM41A\" target=\"_blank\" rel=\"noreferrer noopener\"><strong>Watch online streaming<\/strong><\/a><\/div>\n\n\n\n<div class=\"wp-block-button\"><a class=\"wp-block-button__link wp-element-button\" href=\"https:\/\/live.classy.org\/register\/icc-make-climate-action-everyone-s-business-forum\/7407b8b4-e31d-440f-8413-41b50cf204b3#msdynttrid=UmaoUOXt_1zGh4gP4VNkzAnCwfs_diaZWCX7U1zjhwc\" target=\"_blank\" rel=\"noreferrer noopener\"><strong>Access agenda of ICC events<\/strong><\/a><\/div>\n<\/div>\n\n\n<div class=\"wp-block-image\">\n<figure class=\"aligncenter size-large is-resized\"><img loading=\"lazy\" decoding=\"async\" width=\"1024\" height=\"1024\" src=\"http:\/\/grupogpps.org\/wp-content\/uploads\/2023\/12\/WEB-Agenda-COP28-ultima-1024x1024.jpg\" alt=\"\" class=\"wp-image-4510\" style=\"width:527px;height:auto\" srcset=\"https:\/\/grupogpps.org\/wp-content\/uploads\/2023\/12\/WEB-Agenda-COP28-ultima-1024x1024.jpg 1024w, https:\/\/grupogpps.org\/wp-content\/uploads\/2023\/12\/WEB-Agenda-COP28-ultima-300x300.jpg 300w, https:\/\/grupogpps.org\/wp-content\/uploads\/2023\/12\/WEB-Agenda-COP28-ultima-150x150.jpg 150w, https:\/\/grupogpps.org\/wp-content\/uploads\/2023\/12\/WEB-Agenda-COP28-ultima-768x768.jpg 768w, https:\/\/grupogpps.org\/wp-content\/uploads\/2023\/12\/WEB-Agenda-COP28-ultima-12x12.jpg 12w, https:\/\/grupogpps.org\/wp-content\/uploads\/2023\/12\/WEB-Agenda-COP28-ultima.jpg 1080w\" sizes=\"auto, (max-width: 1024px) 100vw, 1024px\" \/><\/figure><\/div>\n\n\n<p class=\"has-text-align-center\"><strong><em>There will be no streaming of IICA events. Recording of the session will be available after the event and uploaded to our YouTube Channel.<\/em><\/strong><\/p>","protected":false},"excerpt":{"rendered":"<p>Miembros del Grupo de Pa\u00edses Productores del Sur (GPS) se dar\u00e1n cita, de forma conjunta con la C\u00e1mara de Comercio Internacional (ICC) y el Instituto Interamericano de Cooperaci\u00f3n para la Agricultura (IICA) en una nueva edici\u00f3n de COP, para informar sobre la sustentabilidad de nuestros sistemas productivos, as\u00ed como la importancia de canalizar inversiones hacia [&hellip;]<\/p>","protected":false},"author":2,"featured_media":4495,"comment_status":"open","ping_status":"closed","sticky":false,"template":"","format":"standard","meta":{"footnotes":""},"categories":[19,58,25,23],"tags":[],"class_list":["post-4494","post","type-post","status-publish","format-standard","has-post-thumbnail","hentry","category-actividades","category-eventos","category-home","category-novedades"],"yoast_head":"<!-- This site is optimized with the Yoast SEO plugin v26.8 - https:\/\/yoast.com\/product\/yoast-seo-wordpress\/ -->\n<title>GPS participa en la COP28 - GPS<\/title>\n<meta name=\"robots\" content=\"index, follow, max-snippet:-1, max-image-preview:large, max-video-preview:-1\" \/>\n<link rel=\"canonical\" href=\"https:\/\/grupogpps.org\/en\/gps-participa-en-la-cop28\/\" \/>\n<meta property=\"og:locale\" content=\"en_GB\" \/>\n<meta property=\"og:type\" content=\"article\" \/>\n<meta property=\"og:title\" content=\"GPS participa en la COP28 - GPS\" \/>\n<meta property=\"og:description\" content=\"Miembros del Grupo de Pa\u00edses Productores del Sur (GPS) se dar\u00e1n cita, de forma conjunta con la C\u00e1mara de Comercio Internacional (ICC) y el Instituto Interamericano de Cooperaci\u00f3n para la Agricultura (IICA) en una nueva edici\u00f3n de COP, para informar sobre la sustentabilidad de nuestros sistemas productivos, as\u00ed como la importancia de canalizar inversiones hacia [&hellip;]\" \/>\n<meta property=\"og:url\" content=\"https:\/\/grupogpps.org\/en\/gps-participa-en-la-cop28\/\" \/>\n<meta property=\"og:site_name\" content=\"GPS\" \/>\n<meta property=\"article:publisher\" content=\"https:\/\/www.linkedin.com\/company\/25037162\/\" \/>\n<meta property=\"article:published_time\" content=\"2023-12-01T17:32:13+00:00\" \/>\n<meta property=\"article:modified_time\" content=\"2023-12-01T17:32:15+00:00\" \/>\n<meta property=\"og:image\" content=\"http:\/\/grupogpps.org\/wp-content\/uploads\/2023\/12\/3.png\" \/>\n\t<meta property=\"og:image:width\" content=\"1080\" \/>\n\t<meta property=\"og:image:height\" content=\"1080\" \/>\n\t<meta property=\"og:image:type\" content=\"image\/png\" \/>\n<meta name=\"author\" content=\"GPS GPS\" \/>\n<meta name=\"twitter:card\" content=\"summary_large_image\" \/>\n<meta name=\"twitter:creator\" content=\"@GPSLatinAmerica\" \/>\n<meta name=\"twitter:site\" content=\"@GPSLatinAmerica\" \/>\n<meta name=\"twitter:label1\" content=\"Written by\" \/>\n\t<meta name=\"twitter:data1\" content=\"GPS GPS\" \/>\n\t<meta name=\"twitter:label2\" content=\"Estimated reading time\" \/>\n\t<meta name=\"twitter:data2\" content=\"3 minutes\" \/>\n<script type=\"application\/ld+json\" class=\"yoast-schema-graph\">{\"@context\":\"https:\/\/schema.org\",\"@graph\":[{\"@type\":\"Article\",\"@id\":\"https:\/\/grupogpps.org\/gps-participa-en-la-cop28\/#article\",\"isPartOf\":{\"@id\":\"https:\/\/grupogpps.org\/gps-participa-en-la-cop28\/\"},\"author\":{\"name\":\"GPS GPS\",\"@id\":\"https:\/\/grupogpps.org\/#\/schema\/person\/faaafcd24616dff095821c72659ce41f\"},\"headline\":\"GPS participa en la COP28\",\"datePublished\":\"2023-12-01T17:32:13+00:00\",\"dateModified\":\"2023-12-01T17:32:15+00:00\",\"mainEntityOfPage\":{\"@id\":\"https:\/\/grupogpps.org\/gps-participa-en-la-cop28\/\"},\"wordCount\":379,\"commentCount\":0,\"publisher\":{\"@id\":\"https:\/\/grupogpps.org\/#organization\"},\"image\":{\"@id\":\"https:\/\/grupogpps.org\/gps-participa-en-la-cop28\/#primaryimage\"},\"thumbnailUrl\":\"https:\/\/grupogpps.org\/wp-content\/uploads\/2023\/12\/3.png\",\"articleSection\":[\"Actividades\",\"Eventos\",\"Home\",\"Novedades\"],\"inLanguage\":\"en-GB\",\"potentialAction\":[{\"@type\":\"CommentAction\",\"name\":\"Comment\",\"target\":[\"https:\/\/grupogpps.org\/gps-participa-en-la-cop28\/#respond\"]}]},{\"@type\":\"WebPage\",\"@id\":\"https:\/\/grupogpps.org\/gps-participa-en-la-cop28\/\",\"url\":\"https:\/\/grupogpps.org\/gps-participa-en-la-cop28\/\",\"name\":\"GPS participa en la COP28 - GPS\",\"isPartOf\":{\"@id\":\"https:\/\/grupogpps.org\/#website\"},\"primaryImageOfPage\":{\"@id\":\"https:\/\/grupogpps.org\/gps-participa-en-la-cop28\/#primaryimage\"},\"image\":{\"@id\":\"https:\/\/grupogpps.org\/gps-participa-en-la-cop28\/#primaryimage\"},\"thumbnailUrl\":\"https:\/\/grupogpps.org\/wp-content\/uploads\/2023\/12\/3.png\",\"datePublished\":\"2023-12-01T17:32:13+00:00\",\"dateModified\":\"2023-12-01T17:32:15+00:00\",\"breadcrumb\":{\"@id\":\"https:\/\/grupogpps.org\/gps-participa-en-la-cop28\/#breadcrumb\"},\"inLanguage\":\"en-GB\",\"potentialAction\":[{\"@type\":\"ReadAction\",\"target\":[\"https:\/\/grupogpps.org\/gps-participa-en-la-cop28\/\"]}]},{\"@type\":\"ImageObject\",\"inLanguage\":\"en-GB\",\"@id\":\"https:\/\/grupogpps.org\/gps-participa-en-la-cop28\/#primaryimage\",\"url\":\"https:\/\/grupogpps.org\/wp-content\/uploads\/2023\/12\/3.png\",\"contentUrl\":\"https:\/\/grupogpps.org\/wp-content\/uploads\/2023\/12\/3.png\",\"width\":1080,\"height\":1080},{\"@type\":\"BreadcrumbList\",\"@id\":\"https:\/\/grupogpps.org\/gps-participa-en-la-cop28\/#breadcrumb\",\"itemListElement\":[{\"@type\":\"ListItem\",\"position\":1,\"name\":\"Inicio\",\"item\":\"https:\/\/grupogpps.org\/\"},{\"@type\":\"ListItem\",\"position\":2,\"name\":\"GPS participa en la COP28\"}]},{\"@type\":\"WebSite\",\"@id\":\"https:\/\/grupogpps.org\/#website\",\"url\":\"https:\/\/grupogpps.org\/\",\"name\":\"GPS\",\"description\":\"Grupo de pa\u00edses productores del sur\",\"publisher\":{\"@id\":\"https:\/\/grupogpps.org\/#organization\"},\"potentialAction\":[{\"@type\":\"SearchAction\",\"target\":{\"@type\":\"EntryPoint\",\"urlTemplate\":\"https:\/\/grupogpps.org\/?s={search_term_string}\"},\"query-input\":{\"@type\":\"PropertyValueSpecification\",\"valueRequired\":true,\"valueName\":\"search_term_string\"}}],\"inLanguage\":\"en-GB\"},{\"@type\":\"Organization\",\"@id\":\"https:\/\/grupogpps.org\/#organization\",\"name\":\"GPS - Grupo de pa\u00edses productores del sur\",\"url\":\"https:\/\/grupogpps.org\/\",\"logo\":{\"@type\":\"ImageObject\",\"inLanguage\":\"en-GB\",\"@id\":\"https:\/\/grupogpps.org\/#\/schema\/logo\/image\/\",\"url\":\"http:\/\/grupogpps.org\/wp-content\/uploads\/2021\/06\/logoGPS3.svg\",\"contentUrl\":\"http:\/\/grupogpps.org\/wp-content\/uploads\/2021\/06\/logoGPS3.svg\",\"width\":1,\"height\":1,\"caption\":\"GPS - Grupo de pa\u00edses productores del sur\"},\"image\":{\"@id\":\"https:\/\/grupogpps.org\/#\/schema\/logo\/image\/\"},\"sameAs\":[\"https:\/\/www.linkedin.com\/company\/25037162\/\",\"https:\/\/x.com\/GPSLatinAmerica\",\"https:\/\/www.instagram.com\/gpslatin\/\",\"https:\/\/www.youtube.com\/channel\/UCM2Qf0jSqNRJRkqmU8dO9QA\/videos\"]},{\"@type\":\"Person\",\"@id\":\"https:\/\/grupogpps.org\/#\/schema\/person\/faaafcd24616dff095821c72659ce41f\",\"name\":\"GPS GPS\",\"url\":\"https:\/\/grupogpps.org\/en\/author\/gps\/\"}]}<\/script>\n<!-- \/ Yoast SEO plugin. -->","yoast_head_json":{"title":"GPS participa en la COP28 - GPS","robots":{"index":"index","follow":"follow","max-snippet":"max-snippet:-1","max-image-preview":"max-image-preview:large","max-video-preview":"max-video-preview:-1"},"canonical":"https:\/\/grupogpps.org\/en\/gps-participa-en-la-cop28\/","og_locale":"en_GB","og_type":"article","og_title":"GPS participa en la COP28 - GPS","og_description":"Miembros del Grupo de Pa\u00edses Productores del Sur (GPS) se dar\u00e1n cita, de forma conjunta con la C\u00e1mara de Comercio Internacional (ICC) y el Instituto Interamericano de Cooperaci\u00f3n para la Agricultura (IICA) en una nueva edici\u00f3n de COP, para informar sobre la sustentabilidad de nuestros sistemas productivos, as\u00ed como la importancia de canalizar inversiones hacia [&hellip;]","og_url":"https:\/\/grupogpps.org\/en\/gps-participa-en-la-cop28\/","og_site_name":"GPS","article_publisher":"https:\/\/www.linkedin.com\/company\/25037162\/","article_published_time":"2023-12-01T17:32:13+00:00","article_modified_time":"2023-12-01T17:32:15+00:00","og_image":[{"width":1080,"height":1080,"url":"http:\/\/grupogpps.org\/wp-content\/uploads\/2023\/12\/3.png","type":"image\/png"}],"author":"GPS GPS","twitter_card":"summary_large_image","twitter_creator":"@GPSLatinAmerica","twitter_site":"@GPSLatinAmerica","twitter_misc":{"Written by":"GPS GPS","Estimated reading time":"3 minutes"},"schema":{"@context":"https:\/\/schema.org","@graph":[{"@type":"Article","@id":"https:\/\/grupogpps.org\/gps-participa-en-la-cop28\/#article","isPartOf":{"@id":"https:\/\/grupogpps.org\/gps-participa-en-la-cop28\/"},"author":{"name":"GPS GPS","@id":"https:\/\/grupogpps.org\/#\/schema\/person\/faaafcd24616dff095821c72659ce41f"},"headline":"GPS participa en la COP28","datePublished":"2023-12-01T17:32:13+00:00","dateModified":"2023-12-01T17:32:15+00:00","mainEntityOfPage":{"@id":"https:\/\/grupogpps.org\/gps-participa-en-la-cop28\/"},"wordCount":379,"commentCount":0,"publisher":{"@id":"https:\/\/grupogpps.org\/#organization"},"image":{"@id":"https:\/\/grupogpps.org\/gps-participa-en-la-cop28\/#primaryimage"},"thumbnailUrl":"https:\/\/grupogpps.org\/wp-content\/uploads\/2023\/12\/3.png","articleSection":["Actividades","Eventos","Home","Novedades"],"inLanguage":"en-GB","potentialAction":[{"@type":"CommentAction","name":"Comment","target":["https:\/\/grupogpps.org\/gps-participa-en-la-cop28\/#respond"]}]},{"@type":"WebPage","@id":"https:\/\/grupogpps.org\/gps-participa-en-la-cop28\/","url":"https:\/\/grupogpps.org\/gps-participa-en-la-cop28\/","name":"GPS participa en la COP28 - GPS","isPartOf":{"@id":"https:\/\/grupogpps.org\/#website"},"primaryImageOfPage":{"@id":"https:\/\/grupogpps.org\/gps-participa-en-la-cop28\/#primaryimage"},"image":{"@id":"https:\/\/grupogpps.org\/gps-participa-en-la-cop28\/#primaryimage"},"thumbnailUrl":"https:\/\/grupogpps.org\/wp-content\/uploads\/2023\/12\/3.png","datePublished":"2023-12-01T17:32:13+00:00","dateModified":"2023-12-01T17:32:15+00:00","breadcrumb":{"@id":"https:\/\/grupogpps.org\/gps-participa-en-la-cop28\/#breadcrumb"},"inLanguage":"en-GB","potentialAction":[{"@type":"ReadAction","target":["https:\/\/grupogpps.org\/gps-participa-en-la-cop28\/"]}]},{"@type":"ImageObject","inLanguage":"en-GB","@id":"https:\/\/grupogpps.org\/gps-participa-en-la-cop28\/#primaryimage","url":"https:\/\/grupogpps.org\/wp-content\/uploads\/2023\/12\/3.png","contentUrl":"https:\/\/grupogpps.org\/wp-content\/uploads\/2023\/12\/3.png","width":1080,"height":1080},{"@type":"BreadcrumbList","@id":"https:\/\/grupogpps.org\/gps-participa-en-la-cop28\/#breadcrumb","itemListElement":[{"@type":"ListItem","position":1,"name":"Inicio","item":"https:\/\/grupogpps.org\/"},{"@type":"ListItem","position":2,"name":"GPS participa en la COP28"}]},{"@type":"WebSite","@id":"https:\/\/grupogpps.org\/#website","url":"https:\/\/grupogpps.org\/","name":"GPS","description":"Grupo de pa\u00edses productores del sur","publisher":{"@id":"https:\/\/grupogpps.org\/#organization"},"potentialAction":[{"@type":"SearchAction","target":{"@type":"EntryPoint","urlTemplate":"https:\/\/grupogpps.org\/?s={search_term_string}"},"query-input":{"@type":"PropertyValueSpecification","valueRequired":true,"valueName":"search_term_string"}}],"inLanguage":"en-GB"},{"@type":"Organization","@id":"https:\/\/grupogpps.org\/#organization","name":"GPS - Grupo de pa\u00edses productores del sur","url":"https:\/\/grupogpps.org\/","logo":{"@type":"ImageObject","inLanguage":"en-GB","@id":"https:\/\/grupogpps.org\/#\/schema\/logo\/image\/","url":"http:\/\/grupogpps.org\/wp-content\/uploads\/2021\/06\/logoGPS3.svg","contentUrl":"http:\/\/grupogpps.org\/wp-content\/uploads\/2021\/06\/logoGPS3.svg","width":1,"height":1,"caption":"GPS - Grupo de pa\u00edses productores del sur"},"image":{"@id":"https:\/\/grupogpps.org\/#\/schema\/logo\/image\/"},"sameAs":["https:\/\/www.linkedin.com\/company\/25037162\/","https:\/\/x.com\/GPSLatinAmerica","https:\/\/www.instagram.com\/gpslatin\/","https:\/\/www.youtube.com\/channel\/UCM2Qf0jSqNRJRkqmU8dO9QA\/videos"]},{"@type":"Person","@id":"https:\/\/grupogpps.org\/#\/schema\/person\/faaafcd24616dff095821c72659ce41f","name":"GPS GPS","url":"https:\/\/grupogpps.org\/en\/author\/gps\/"}]}},"_links":{"self":[{"href":"https:\/\/grupogpps.org\/en\/wp-json\/wp\/v2\/posts\/4494","targetHints":{"allow":["GET"]}}],"collection":[{"href":"https:\/\/grupogpps.org\/en\/wp-json\/wp\/v2\/posts"}],"about":[{"href":"https:\/\/grupogpps.org\/en\/wp-json\/wp\/v2\/types\/post"}],"author":[{"embeddable":true,"href":"https:\/\/grupogpps.org\/en\/wp-json\/wp\/v2\/users\/2"}],"replies":[{"embeddable":true,"href":"https:\/\/grupogpps.org\/en\/wp-json\/wp\/v2\/comments?post=4494"}],"version-history":[{"count":12,"href":"https:\/\/grupogpps.org\/en\/wp-json\/wp\/v2\/posts\/4494\/revisions"}],"predecessor-version":[{"id":4515,"href":"https:\/\/grupogpps.org\/en\/wp-json\/wp\/v2\/posts\/4494\/revisions\/4515"}],"wp:featuredmedia":[{"embeddable":true,"href":"https:\/\/grupogpps.org\/en\/wp-json\/wp\/v2\/media\/4495"}],"wp:attachment":[{"href":"https:\/\/grupogpps.org\/en\/wp-json\/wp\/v2\/media?parent=4494"}],"wp:term":[{"taxonomy":"category","embeddable":true,"href":"https:\/\/grupogpps.org\/en\/wp-json\/wp\/v2\/categories?post=4494"},{"taxonomy":"post_tag","embeddable":true,"href":"https:\/\/grupogpps.org\/en\/wp-json\/wp\/v2\/tags?post=4494"}],"curies":[{"name":"wp","href":"https:\/\/api.w.org\/{rel}","templated":true}]}}