{"id":4477,"date":"2023-11-02T12:46:12","date_gmt":"2023-11-02T15:46:12","guid":{"rendered":"http:\/\/grupogpps.org\/?p=4477"},"modified":"2023-11-02T12:46:17","modified_gmt":"2023-11-02T15:46:17","slug":"cuantos-agregados-agricolas-necesita-argentina-exportadores-piden-duplicarlos-y-sumar-destinos","status":"publish","type":"post","link":"https:\/\/grupogpps.org\/en\/cuantos-agregados-agricolas-necesita-argentina-exportadores-piden-duplicarlos-y-sumar-destinos\/","title":{"rendered":"\u00bfCu\u00e1ntos agregados agr\u00edcolas necesita Argentina?: exportadores piden \u201cduplicarlos y sumar destinos\u201d"},"content":{"rendered":"<p><em>Tras ganar las elecciones, Sergio Massa pidi\u00f3 \u201cembajadores que hagan negocios y traigan resultados para Argentina\u201d. Diversos analistas internacionales remarcan la importancia de extender la red de agregados agr\u00edcolas.<\/em><\/p>\n\n\n\n<p><strong>Por Ezequiel Morales<\/strong><\/p>\n\n\n\n<p>Los<strong>&nbsp;siete agregados agr\u00edcolas<\/strong>&nbsp;que tiene la Argentina alrededor del mundo en la actualidad parecen un grupo de escaso alcance si se lo compara con&nbsp;<strong>los 25 de Brasil, los 25 australianos o incluso la docena de chilenos<\/strong>.<\/p>\n\n\n\n<p><strong>Las \u201cConsejer\u00edas agr\u00edcolas\u201d dependientes de la Secretar\u00eda de Agricultura, Ganader\u00eda y Pesca de la Naci\u00f3n<\/strong>, pero que trabajan y conviven con la diaria de lo que sucede en Embajadas argentinas en lugares como Estados Unidos, China, Rusia, India, Brasil y la Uni\u00f3n Europea, hoy est\u00e1n siendo evaluadas.<\/p>\n\n\n\n<p>\u201cComo Consejo Agroindustrial, en el programa de Desarrollo Exportador que tenemos,&nbsp;<strong>pedimos la duplicaci\u00f3n de la cantidad de conserjer\u00edas agr\u00edcolas<\/strong>\u201d, manifest\u00f3 Gustavo Id\u00edgoras, el presidente de la C\u00e1mara de Industrias Aceiteras de la Rep\u00fablica Argentina y el Centro Exportador de Cereales (CIARA-CEC), y que fue durante muchos a\u00f1os agregado agr\u00edcola en la Uni\u00f3n Europea.<\/p>\n\n\n\n<p>En el sector m\u00e1s habituado a estar en contacto con quienes est\u00e1n en cada destino estrat\u00e9gico en cuestiones comerciales entienden que \u201c<strong>ellos son los \u00fanicos especializados en hacer negociaciones en esto<\/strong>, con las exigencias sanitarias, y abrir mercados\u201d.<\/p>\n\n\n\n<blockquote class=\"wp-block-quote is-layout-flow wp-block-quote-is-layout-flow\">\n<p>\u201cEs el \u00fanico cuerpo especializado a nivel internacional. Brasil tom\u00f3 el ejemplo de Argentina, pero hoy Brasil tiene 25.&nbsp;<strong>Necesitamos duplicar y llegar a pa\u00edses del sudeste asi\u00e1tico, del norte de \u00c1frica<\/strong>, as\u00ed podemos llegar a nuevos mercados\u201d, manifest\u00f3 Id\u00edgoras.<\/p>\n<\/blockquote>\n\n\n\n<p>Como se mencion\u00f3, el titular de CIARA-CEC supo afrontar ese rol ante la Uni\u00f3n Europea, donde hoy ocupa el cargo\u00a0<strong>Gast\u00f3n Funes, en la sede ubicada en Bruselas, B\u00e9lgica<\/strong>. La m\u00e1s cercana de all\u00ed queda en Mosc\u00fa, Rusia, donde cumple sus funciones Alonso Ferrando.<\/p>\n\n\n\n<figure class=\"wp-block-image size-large\"><img loading=\"lazy\" decoding=\"async\" width=\"1024\" height=\"676\" src=\"http:\/\/grupogpps.org\/wp-content\/uploads\/2023\/11\/image-6-1024x676.png\" alt=\"\" class=\"wp-image-4484\" srcset=\"https:\/\/grupogpps.org\/wp-content\/uploads\/2023\/11\/image-6-1024x676.png 1024w, https:\/\/grupogpps.org\/wp-content\/uploads\/2023\/11\/image-6-300x198.png 300w, https:\/\/grupogpps.org\/wp-content\/uploads\/2023\/11\/image-6-768x507.png 768w, https:\/\/grupogpps.org\/wp-content\/uploads\/2023\/11\/image-6-18x12.png 18w, https:\/\/grupogpps.org\/wp-content\/uploads\/2023\/11\/image-6.png 1280w\" sizes=\"auto, (max-width: 1024px) 100vw, 1024px\" \/><\/figure>\n\n\n\n<p><strong>En Estados Unidos, el agregado agr\u00edcola argentino es Jos\u00e9 Molina<\/strong>, quien trabaja en la Embajada argentina en Whasington. En suelo americano existe tambi\u00e9n la m\u00e1s cercana, en Brasilia, Brasil. All\u00ed cumple sus funciones&nbsp;<strong>Javier Dufourquet<\/strong>.<\/p>\n\n\n\n<p><strong>Del \u201cotro lado del mundo\u201d tambi\u00e9n hay una vidriera<\/strong>&nbsp;para los productos argentinos. La magnitud del mercado chino y todas sus complejidades para resolver comercialmente gener\u00f3 la necesidad de las actuales dos conserjer\u00edas agr\u00edcolas en el pa\u00eds.&nbsp;<strong>La de Beijiing est\u00e1 a cargo de Hern\u00e1n Viola<\/strong>, mientras que&nbsp;<strong>en Shanghai ocupa su lugar Oscar Sol\u00eds<\/strong>.<\/p>\n\n\n\n<p>Esta \u00faltima Conserjer\u00eda no cuenta a\u00fan con ninguna informaci\u00f3n en la&nbsp;<a href=\"https:\/\/www.argentina.gob.ar\/agricultura\/mercados-agroindustriales\/internacionales\/consejerias-agricolas\" target=\"_blank\" rel=\"noreferrer noopener\">p\u00e1gina oficial<\/a>&nbsp;que informa d\u00f3nde est\u00e1n los agregados y sus v\u00edas de contacto, a pesar de haber sido creada a principios de 2021.<\/p>\n\n\n\n<p>Lo mismo sucede en el caso de la que funciona en la Embajada argentina en\u00a0<strong>Nueva Delhi, India, donde se desempe\u00f1a Mariano Beher\u00e1n<\/strong>.<\/p>\n\n\n\n<figure class=\"wp-block-image size-large\"><img loading=\"lazy\" decoding=\"async\" width=\"1024\" height=\"576\" src=\"http:\/\/grupogpps.org\/wp-content\/uploads\/2023\/11\/image-5-1024x576.png\" alt=\"\" class=\"wp-image-4483\" srcset=\"https:\/\/grupogpps.org\/wp-content\/uploads\/2023\/11\/image-5-1024x576.png 1024w, https:\/\/grupogpps.org\/wp-content\/uploads\/2023\/11\/image-5-300x169.png 300w, https:\/\/grupogpps.org\/wp-content\/uploads\/2023\/11\/image-5-768x432.png 768w, https:\/\/grupogpps.org\/wp-content\/uploads\/2023\/11\/image-5-18x10.png 18w, https:\/\/grupogpps.org\/wp-content\/uploads\/2023\/11\/image-5.png 1200w\" sizes=\"auto, (max-width: 1024px) 100vw, 1024px\" \/><\/figure>\n\n\n\n<h2 class=\"wp-block-heading\"><strong>\u201cNI SANGUCHITOS, NI CHAMPAGNE\u201d<\/strong><\/h2>\n\n\n\n<p>Luego de su triunfo en las elecciones presidenciales, Sergio Massa brind\u00f3 el pasado lunes una conferencia de prensa con medios de comunicaci\u00f3n del Exterior.<\/p>\n\n\n\n<p>All\u00ed brind\u00f3 alguna l\u00ednea de su intenci\u00f3n en este sentido, en el caso de llegar a la Presidencia. \u201cLes quiero contar algo que para m\u00ed es fundamental, que es&nbsp;<strong>un cambio en el sistema de servicio exterior argentino\u201d, adelant\u00f3<\/strong>.<\/p>\n\n\n\n<p>\u201cEl ascenso de los embajadores no se va a dar por antig\u00fcedad, se va a dar por capacidad de generaci\u00f3n de negocios para la Argentina\u201d, expuso.<\/p>\n\n\n\n<blockquote class=\"wp-block-quote is-layout-flow wp-block-quote-is-layout-flow\">\n<p>Y tir\u00f3: \u201c<strong>No quiero embajadores que coman sanguchitos en los c\u00f3cteles ni que tomen copas de champagne<\/strong>. Quiero embajadores que hagan negocios para la Argentina y que traigan resultados para nuestras empresas\u201d.<\/p>\n<\/blockquote>\n\n\n\n<p>Para llevar a cabo su plan el ministro de Econom\u00eda debe vencer en el balotaje del 19 de noviembre a Javier Milei. Desde el espacio libertario,\u00a0<strong>por ahora, eligen no ahondar en detalles<\/strong>.<\/p>\n\n\n\n<figure class=\"wp-block-image size-large\"><img loading=\"lazy\" decoding=\"async\" width=\"1024\" height=\"576\" src=\"http:\/\/grupogpps.org\/wp-content\/uploads\/2023\/11\/image-4-1024x576.png\" alt=\"\" class=\"wp-image-4482\" srcset=\"https:\/\/grupogpps.org\/wp-content\/uploads\/2023\/11\/image-4-1024x576.png 1024w, https:\/\/grupogpps.org\/wp-content\/uploads\/2023\/11\/image-4-300x169.png 300w, https:\/\/grupogpps.org\/wp-content\/uploads\/2023\/11\/image-4-768x432.png 768w, https:\/\/grupogpps.org\/wp-content\/uploads\/2023\/11\/image-4-18x10.png 18w, https:\/\/grupogpps.org\/wp-content\/uploads\/2023\/11\/image-4.png 1200w\" sizes=\"auto, (max-width: 1024px) 100vw, 1024px\" \/><\/figure>\n\n\n\n<p>\u201cSer\u00eda muy razonable y beneficioso para el sector. Hay destinos muy importantes que deber\u00edan tener alguien all\u00ed.&nbsp;<strong>Es necesario sumar unos 4 o 6 m\u00e1s<\/strong>&nbsp;en destinos clave para nuestros productos\u201d,&nbsp;<strong>reconoci\u00f3 un agregado agr\u00edcola<\/strong>&nbsp;hoy en funciones, ante la consulta de&nbsp;<strong>Infocampo<\/strong>.<\/p>\n\n\n\n<h2 class=\"wp-block-heading\"><strong>\u201cES UN TEMA VITAL PARA LA ARGENTINA\u201d<\/strong><\/h2>\n\n\n\n<p>D\u00edas atr\u00e1s el analista internacional y docente universitario Mauro Labombarda sum\u00f3 su mirada. En una charla con La Red Rural (AM 910), indic\u00f3 que<strong>&nbsp;\u201cArgentina necesita de m\u00e1s agregados agr\u00edcolas porque tiene protagonismo en este escenario global actual<\/strong>, dado por los alimentos y por la energ\u00eda\u201d.<\/p>\n\n\n\n<p>\u201cEs un tema vital para nuestro pa\u00eds,&nbsp;<strong>no es un tema menor<\/strong>\u201d, evalu\u00f3.<\/p>\n\n\n\n<p>Adem\u00e1s Labombarda pidi\u00f3 que en la presidencia que suceda a la de Alberto Fern\u00e1ndez \u201clos aspectos geopol\u00edticos de un pa\u00eds no los maneje la Canciller\u00eda\u201d.<\/p>\n\n\n\n<blockquote class=\"wp-block-quote is-layout-flow wp-block-quote-is-layout-flow\">\n<p>\u201c\u00b4La misma debe dedicarse a asuntos internacionales.&nbsp;<strong>Los asuntos geopol\u00edticos se manejan desde Presidencia<\/strong>\u201d, afirm\u00f3.<\/p>\n<\/blockquote>\n\n\n\n<p>En esta l\u00ednea es importante remarcar que los agregados agr\u00edcolas no dependen de las embajadas ni de la Canciller\u00eda,\u00a0<strong>sino de la Secretar\u00eda de Agricultura, hoy en la \u00f3rbita del Ministerio de Econom\u00eda<\/strong>. Con lo cual, una armon\u00eda deseable para la tarea y un horizonte en com\u00fan entre ambos \u00e1mbitos requerir\u00e1n de un criterio claro y definido de parte de quien maneje la pol\u00edtica exterior.<\/p>\n\n\n\n<figure class=\"wp-block-image size-full\"><img loading=\"lazy\" decoding=\"async\" width=\"999\" height=\"572\" src=\"http:\/\/grupogpps.org\/wp-content\/uploads\/2023\/11\/image-3.png\" alt=\"\" class=\"wp-image-4481\" srcset=\"https:\/\/grupogpps.org\/wp-content\/uploads\/2023\/11\/image-3.png 999w, https:\/\/grupogpps.org\/wp-content\/uploads\/2023\/11\/image-3-300x172.png 300w, https:\/\/grupogpps.org\/wp-content\/uploads\/2023\/11\/image-3-768x440.png 768w, https:\/\/grupogpps.org\/wp-content\/uploads\/2023\/11\/image-3-18x10.png 18w\" sizes=\"auto, (max-width: 999px) 100vw, 999px\" \/><\/figure>\n\n\n\n<h2 class=\"wp-block-heading\"><strong>\u201cNO HAY ESPECIALISTAS\u201d<\/strong><\/h2>\n\n\n\n<p>Otro de los consultados al respecto fue Nelson Illescas, abogado y director del Instituto de Negociaciones Ag\u00edcolas Internacionales (INAI). Desde el espacio sugieren&nbsp;<strong>una propuesta \u201cde m\u00ednima\u201d para mejorar el presente: capacitar a los actuales funcionarios<\/strong>&nbsp;en materia de comercio agroindustrial, con el conocimiento de las necesarias barreras sanitarias ante cada pa\u00eds y regi\u00f3n.<\/p>\n\n\n\n<p>Y, adem\u00e1s, sugieren como necesaria la incorporaci\u00f3n de m\u00e1s destinos para las conserjer\u00edas agr\u00edcolas.<\/p>\n\n\n\n<p>\u201c<strong>Estamos bastante lejos de otros pa\u00edses que son grandes exportadores de alimentos. Chile tiene 12, Brasil m\u00e1s de 25, Australia otro n\u00famero similar<\/strong>. Entonces, lo que ves en ciertos mercados que crecimos \u00faltimamente es que no tenemos alguien que te facilite el acceso cuando ten\u00e9s alg\u00fan freno o problema del orden sanitario\u201d, detall\u00f3 Illescas.<\/p>\n\n\n\n<p>Incluso, la funci\u00f3n est\u00e1 relacionada a la necesidad de otros requerimientos comerciales de las 6 embajadas en las que s\u00ed hay agregados, m\u00e1s la Conserjer\u00eda de Shanghai.&nbsp;<strong>\u201cEn la actualidad no hay especialistas, y dos tercios de las exportaciones son agropecuarias\u201d<\/strong>, indic\u00f3.<\/p>\n\n\n\n<p>\u201cEstar\u00eda faltando algo m\u00e1s en Medio Oriente, con todas las potencialidades que abre estar en un pa\u00eds como&nbsp;<strong>Egipto<\/strong>&nbsp;y esa regi\u00f3n, m\u00e1s el sudeste asi\u00e1tico, para poder seguir haci\u00e9ndonos fuertes en el comercio con&nbsp;<strong>Vietnam<\/strong>&nbsp;y el resto de los pa\u00edses de la zona\u201d, explic\u00f3 Illescas. Vietnam hoy es un socio agr\u00edcola de relevancia all\u00ed, y desde el lugar se puede hacer \u201cbase\u201d y atender las demandas de los mercados de cercan\u00eda.<\/p>\n\n\n\n<blockquote class=\"wp-block-quote is-layout-flow wp-block-quote-is-layout-flow\">\n<p>\u201cEl agregado agr\u00edcola de Australia est\u00e1 en Chile y atiende Brasil y tambi\u00e9n nuestro pa\u00eds. As\u00ed se opera\u201d, compar\u00f3.<\/p>\n\n\n\n<figure class=\"wp-block-image size-large\"><img loading=\"lazy\" decoding=\"async\" width=\"1024\" height=\"584\" src=\"http:\/\/grupogpps.org\/wp-content\/uploads\/2023\/11\/image-2-1024x584.png\" alt=\"\" class=\"wp-image-4480\" srcset=\"https:\/\/grupogpps.org\/wp-content\/uploads\/2023\/11\/image-2-1024x584.png 1024w, https:\/\/grupogpps.org\/wp-content\/uploads\/2023\/11\/image-2-300x171.png 300w, https:\/\/grupogpps.org\/wp-content\/uploads\/2023\/11\/image-2-768x438.png 768w, https:\/\/grupogpps.org\/wp-content\/uploads\/2023\/11\/image-2-18x10.png 18w, https:\/\/grupogpps.org\/wp-content\/uploads\/2023\/11\/image-2.png 1105w\" sizes=\"auto, (max-width: 1024px) 100vw, 1024px\" \/><\/figure>\n\n\n\n<p>Para salir de esta situaci\u00f3n, la propuesta de parte del INAI pasa por que el ISEN, el Instituto del Servicio Exterior de la Naci\u00f3n, que depende de la Canciller\u00eda, incorpore en su programa de estudios una materia que est\u00e9 relacionada netamente con el comercio agroindustrial argentino, una materia especializada.<\/p>\n\n\n\n<p>Hoy, entre las asignaturas que se pueden observar en el programa, se encuentra un seminario de \u201cexportaciones e inversiones\u201d, un taller sobre \u201cnegociaciones econ\u00f3micas multilaterales\u201d y un encuentro sobre \u201ctecnolog\u00eda agropecuaria\u201d.<\/p>\n\n\n\n<p>\u201cEs la universidad de los diplom\u00e1ticos. Hay que dar un curso de ingreso y una vez que ingres\u00e1s te van formando en protocolos, idiomas, etc.\u00a0<strong>Tienen excelente formaci\u00f3n, pero les falta la pata de promoci\u00f3n comercial<\/strong>\u00a0o la de conocimientos de por d\u00f3nde va la exportaci\u00f3n del pa\u00eds\u201d, concluy\u00f3.<\/p>\n\n\n\n<figure class=\"wp-block-image size-full\"><img loading=\"lazy\" decoding=\"async\" width=\"1000\" height=\"570\" src=\"http:\/\/grupogpps.org\/wp-content\/uploads\/2023\/11\/image.png\" alt=\"\" class=\"wp-image-4478\" srcset=\"https:\/\/grupogpps.org\/wp-content\/uploads\/2023\/11\/image.png 1000w, https:\/\/grupogpps.org\/wp-content\/uploads\/2023\/11\/image-300x171.png 300w, https:\/\/grupogpps.org\/wp-content\/uploads\/2023\/11\/image-768x438.png 768w, https:\/\/grupogpps.org\/wp-content\/uploads\/2023\/11\/image-18x10.png 18w\" sizes=\"auto, (max-width: 1000px) 100vw, 1000px\" \/><\/figure>\n\n\n\n<h2 class=\"wp-block-heading\"><strong>AGREGADOS VS. \u201cEL PRECONCEPTO\u201d<\/strong><\/h2>\n\n\n\n<p>La medici\u00f3n de la huella de carbono en las producciones del agro y las reglamentaciones que se dieron en los \u00faltimos a\u00f1os en mercados como la Uni\u00f3n Europea en este aspecto tambi\u00e9n juega su partido.<\/p>\n\n\n\n<p>Para Agust\u00edn Tejeda Rodr\u00edguez, director de contenidos del Grupo de Pa\u00edses Productores del Sur (GPS), hoy en d\u00eda hay una funci\u00f3n esencial que tienen que realizar los agregados agr\u00edcolas:&nbsp;<strong>liberar a la Argentina de los \u201cpreconceptos<\/strong>\u201d.<\/p>\n\n\n\n<blockquote class=\"wp-block-quote is-layout-flow wp-block-quote-is-layout-flow\">\n<p>\u201cAparecen nuevas barreras vinculadas con la nutrici\u00f3n y el medio ambiente. Y&nbsp;<strong>en muchos lugares hay una interpretaci\u00f3n equivocada y preconceptos en relaci\u00f3n a la sustentabilidad<\/strong>&nbsp;y la performance de la producci\u00f3n de Argentina. Hay que hacer un trabajo muy fuerte en materia de posicionamiento\u201d, expuso.<\/p>\n<\/blockquote>\n\n\n\n<p>\u00bfCu\u00e1l es el preconcepto del cual habr\u00eda que salir a despegarse? \u201cQue nosotros producimos da\u00f1ando al medio ambiente, o al menos no como en otras regiones. Eso es lo que est\u00e1 detr\u00e1s de muchas de las medidas que est\u00e1 aplicando la Uni\u00f3n Europea con el Mercosur en general\u201d, calific\u00f3 Tejeda.<\/p>\n\n\n\n<p>\u201cY en contrario,\u00a0<strong>nuestro sistema de producci\u00f3n es de los m\u00e1s sustentables del mundo<\/strong>. Pero la realidad es que del otro lado del mostrador no se piensa lo mismo y hay que trabajar mucho para mostrarlo, posicionarlo y poder vender\u201d, reflexion\u00f3. En ese contexto, catalog\u00f3 como \u201cfundamental\u201d la presencia de agregados agr\u00edcolas estables en sitios donde hoy no est\u00e1n.<\/p>\n\n\n\n<p>La chispa de la identificaci\u00f3n de negocios parece ser la gran atracci\u00f3n, la raz\u00f3n por la cual ameritar\u00eda incrementar la cantidad de agregados.<\/p>\n\n\n\n<p>Saliendo de lo que ofrecen Brasil, Australia o M\u00e9xico, pa\u00edses directamente competidores en el plano agroindustrial y todos con un mayor n\u00famero de representantes,&nbsp;<strong>el caso de Estados Unidos tiene peso propio<\/strong>: hoy la administraci\u00f3n que gobierna Joe Biden tiene un \u201cServicio Exterior Agr\u00edcola\u201d (Foreign Agricultural Service) especialmente dedicado para temas agropecuarios, y est\u00e1n presentes en casi todas las embajadas.<\/p>\n\n\n\n<p>La misi\u00f3n no pasa \u00fanicamente por ver oportunidades, sino tambi\u00e9n por el relevamiento de informaci\u00f3n local sobre producciones, para las estad\u00edsticas que la propia administraci\u00f3n realiza regularmente.<\/p>\n\n\n\n<p>\u201cPor eso es importante que los agregados sean m\u00e1s, est\u00e9n en m\u00e1s lugares y puedan tener el contacto directo de las empresas en Argentina para facilitar el contacto.&nbsp;<strong>El nexo de lo p\u00fablico con lo privado ser\u00e1 fundamental\u201d<\/strong>, concluy\u00f3 Tejeda.<\/p>\n<\/blockquote>\n\n\n\n<div class=\"wp-block-buttons is-layout-flex wp-block-buttons-is-layout-flex\"><\/div>\n\n\n\n<p><a href=\"https:\/\/www.infocampo.com.ar\/cuantos-agregados-agricolas-necesita-argentina-exportadores-piden-duplicarlos-y-sumar-destinos\/\">LE\u00c9 LA NOTA ORIGINAL EN Infocampo<\/a><\/p>","protected":false},"excerpt":{"rendered":"<p>Tras ganar las elecciones, Sergio Massa pidi\u00f3 \u201cembajadores que hagan negocios y traigan resultados para Argentina\u201d. Diversos analistas internacionales remarcan la importancia de extender la red de agregados agr\u00edcolas. Por Ezequiel Morales Los&nbsp;siete agregados agr\u00edcolas&nbsp;que tiene la Argentina alrededor del mundo en la actualidad parecen un grupo de escaso alcance si se lo compara con&nbsp;los [&hellip;]<\/p>","protected":false},"author":2,"featured_media":4485,"comment_status":"open","ping_status":"closed","sticky":false,"template":"","format":"standard","meta":{"footnotes":""},"categories":[24,25,23,27],"tags":[],"class_list":["post-4477","post","type-post","status-publish","format-standard","has-post-thumbnail","hentry","category-gps-en-los-medios","category-home","category-novedades","category-publicaciones-home"],"yoast_head":"<!-- This site is optimized with the Yoast SEO plugin v26.8 - https:\/\/yoast.com\/product\/yoast-seo-wordpress\/ -->\n<title>\u00bfCu\u00e1ntos agregados agr\u00edcolas necesita Argentina?: exportadores piden \u201cduplicarlos y sumar destinos\u201d - GPS<\/title>\n<meta name=\"robots\" content=\"index, follow, max-snippet:-1, max-image-preview:large, max-video-preview:-1\" \/>\n<link rel=\"canonical\" href=\"https:\/\/grupogpps.org\/en\/cuantos-agregados-agricolas-necesita-argentina-exportadores-piden-duplicarlos-y-sumar-destinos\/\" \/>\n<meta property=\"og:locale\" content=\"en_GB\" \/>\n<meta property=\"og:type\" content=\"article\" \/>\n<meta property=\"og:title\" content=\"\u00bfCu\u00e1ntos agregados agr\u00edcolas necesita Argentina?: exportadores piden \u201cduplicarlos y sumar destinos\u201d - GPS\" \/>\n<meta property=\"og:description\" content=\"Tras ganar las elecciones, Sergio Massa pidi\u00f3 \u201cembajadores que hagan negocios y traigan resultados para Argentina\u201d. Diversos analistas internacionales remarcan la importancia de extender la red de agregados agr\u00edcolas. Por Ezequiel Morales Los&nbsp;siete agregados agr\u00edcolas&nbsp;que tiene la Argentina alrededor del mundo en la actualidad parecen un grupo de escaso alcance si se lo compara con&nbsp;los [&hellip;]\" \/>\n<meta property=\"og:url\" content=\"https:\/\/grupogpps.org\/en\/cuantos-agregados-agricolas-necesita-argentina-exportadores-piden-duplicarlos-y-sumar-destinos\/\" \/>\n<meta property=\"og:site_name\" content=\"GPS\" \/>\n<meta property=\"article:publisher\" content=\"https:\/\/www.linkedin.com\/company\/25037162\/\" \/>\n<meta property=\"article:published_time\" content=\"2023-11-02T15:46:12+00:00\" \/>\n<meta property=\"article:modified_time\" content=\"2023-11-02T15:46:17+00:00\" \/>\n<meta property=\"og:image\" content=\"https:\/\/grupogpps.org\/wp-content\/uploads\/2023\/11\/bandera-campo.png\" \/>\n\t<meta property=\"og:image:width\" content=\"1209\" \/>\n\t<meta property=\"og:image:height\" content=\"689\" \/>\n\t<meta property=\"og:image:type\" content=\"image\/png\" \/>\n<meta name=\"author\" content=\"GPS GPS\" \/>\n<meta name=\"twitter:card\" content=\"summary_large_image\" \/>\n<meta name=\"twitter:creator\" content=\"@GPSLatinAmerica\" \/>\n<meta name=\"twitter:site\" content=\"@GPSLatinAmerica\" \/>\n<meta name=\"twitter:label1\" content=\"Written by\" \/>\n\t<meta name=\"twitter:data1\" content=\"GPS GPS\" \/>\n\t<meta name=\"twitter:label2\" content=\"Estimated reading time\" \/>\n\t<meta name=\"twitter:data2\" content=\"7 minutes\" \/>\n<script type=\"application\/ld+json\" class=\"yoast-schema-graph\">{\"@context\":\"https:\/\/schema.org\",\"@graph\":[{\"@type\":\"Article\",\"@id\":\"https:\/\/grupogpps.org\/cuantos-agregados-agricolas-necesita-argentina-exportadores-piden-duplicarlos-y-sumar-destinos\/#article\",\"isPartOf\":{\"@id\":\"https:\/\/grupogpps.org\/cuantos-agregados-agricolas-necesita-argentina-exportadores-piden-duplicarlos-y-sumar-destinos\/\"},\"author\":{\"name\":\"GPS GPS\",\"@id\":\"https:\/\/grupogpps.org\/#\/schema\/person\/faaafcd24616dff095821c72659ce41f\"},\"headline\":\"\u00bfCu\u00e1ntos agregados agr\u00edcolas necesita Argentina?: exportadores piden \u201cduplicarlos y sumar destinos\u201d\",\"datePublished\":\"2023-11-02T15:46:12+00:00\",\"dateModified\":\"2023-11-02T15:46:17+00:00\",\"mainEntityOfPage\":{\"@id\":\"https:\/\/grupogpps.org\/cuantos-agregados-agricolas-necesita-argentina-exportadores-piden-duplicarlos-y-sumar-destinos\/\"},\"wordCount\":1782,\"commentCount\":0,\"publisher\":{\"@id\":\"https:\/\/grupogpps.org\/#organization\"},\"image\":{\"@id\":\"https:\/\/grupogpps.org\/cuantos-agregados-agricolas-necesita-argentina-exportadores-piden-duplicarlos-y-sumar-destinos\/#primaryimage\"},\"thumbnailUrl\":\"https:\/\/grupogpps.org\/wp-content\/uploads\/2023\/11\/bandera-campo.png\",\"articleSection\":[\"GPS en los medios\",\"Home\",\"Novedades\",\"Publicaciones Home\"],\"inLanguage\":\"en-GB\",\"potentialAction\":[{\"@type\":\"CommentAction\",\"name\":\"Comment\",\"target\":[\"https:\/\/grupogpps.org\/cuantos-agregados-agricolas-necesita-argentina-exportadores-piden-duplicarlos-y-sumar-destinos\/#respond\"]}]},{\"@type\":\"WebPage\",\"@id\":\"https:\/\/grupogpps.org\/cuantos-agregados-agricolas-necesita-argentina-exportadores-piden-duplicarlos-y-sumar-destinos\/\",\"url\":\"https:\/\/grupogpps.org\/cuantos-agregados-agricolas-necesita-argentina-exportadores-piden-duplicarlos-y-sumar-destinos\/\",\"name\":\"\u00bfCu\u00e1ntos agregados agr\u00edcolas necesita Argentina?: exportadores piden \u201cduplicarlos y sumar destinos\u201d - GPS\",\"isPartOf\":{\"@id\":\"https:\/\/grupogpps.org\/#website\"},\"primaryImageOfPage\":{\"@id\":\"https:\/\/grupogpps.org\/cuantos-agregados-agricolas-necesita-argentina-exportadores-piden-duplicarlos-y-sumar-destinos\/#primaryimage\"},\"image\":{\"@id\":\"https:\/\/grupogpps.org\/cuantos-agregados-agricolas-necesita-argentina-exportadores-piden-duplicarlos-y-sumar-destinos\/#primaryimage\"},\"thumbnailUrl\":\"https:\/\/grupogpps.org\/wp-content\/uploads\/2023\/11\/bandera-campo.png\",\"datePublished\":\"2023-11-02T15:46:12+00:00\",\"dateModified\":\"2023-11-02T15:46:17+00:00\",\"breadcrumb\":{\"@id\":\"https:\/\/grupogpps.org\/cuantos-agregados-agricolas-necesita-argentina-exportadores-piden-duplicarlos-y-sumar-destinos\/#breadcrumb\"},\"inLanguage\":\"en-GB\",\"potentialAction\":[{\"@type\":\"ReadAction\",\"target\":[\"https:\/\/grupogpps.org\/cuantos-agregados-agricolas-necesita-argentina-exportadores-piden-duplicarlos-y-sumar-destinos\/\"]}]},{\"@type\":\"ImageObject\",\"inLanguage\":\"en-GB\",\"@id\":\"https:\/\/grupogpps.org\/cuantos-agregados-agricolas-necesita-argentina-exportadores-piden-duplicarlos-y-sumar-destinos\/#primaryimage\",\"url\":\"https:\/\/grupogpps.org\/wp-content\/uploads\/2023\/11\/bandera-campo.png\",\"contentUrl\":\"https:\/\/grupogpps.org\/wp-content\/uploads\/2023\/11\/bandera-campo.png\",\"width\":1209,\"height\":689},{\"@type\":\"BreadcrumbList\",\"@id\":\"https:\/\/grupogpps.org\/cuantos-agregados-agricolas-necesita-argentina-exportadores-piden-duplicarlos-y-sumar-destinos\/#breadcrumb\",\"itemListElement\":[{\"@type\":\"ListItem\",\"position\":1,\"name\":\"Inicio\",\"item\":\"https:\/\/grupogpps.org\/\"},{\"@type\":\"ListItem\",\"position\":2,\"name\":\"\u00bfCu\u00e1ntos agregados agr\u00edcolas necesita Argentina?: exportadores piden \u201cduplicarlos y sumar destinos\u201d\"}]},{\"@type\":\"WebSite\",\"@id\":\"https:\/\/grupogpps.org\/#website\",\"url\":\"https:\/\/grupogpps.org\/\",\"name\":\"GPS\",\"description\":\"Grupo de pa\u00edses productores del sur\",\"publisher\":{\"@id\":\"https:\/\/grupogpps.org\/#organization\"},\"potentialAction\":[{\"@type\":\"SearchAction\",\"target\":{\"@type\":\"EntryPoint\",\"urlTemplate\":\"https:\/\/grupogpps.org\/?s={search_term_string}\"},\"query-input\":{\"@type\":\"PropertyValueSpecification\",\"valueRequired\":true,\"valueName\":\"search_term_string\"}}],\"inLanguage\":\"en-GB\"},{\"@type\":\"Organization\",\"@id\":\"https:\/\/grupogpps.org\/#organization\",\"name\":\"GPS - Grupo de pa\u00edses productores del sur\",\"url\":\"https:\/\/grupogpps.org\/\",\"logo\":{\"@type\":\"ImageObject\",\"inLanguage\":\"en-GB\",\"@id\":\"https:\/\/grupogpps.org\/#\/schema\/logo\/image\/\",\"url\":\"http:\/\/grupogpps.org\/wp-content\/uploads\/2021\/06\/logoGPS3.svg\",\"contentUrl\":\"http:\/\/grupogpps.org\/wp-content\/uploads\/2021\/06\/logoGPS3.svg\",\"width\":1,\"height\":1,\"caption\":\"GPS - Grupo de pa\u00edses productores del sur\"},\"image\":{\"@id\":\"https:\/\/grupogpps.org\/#\/schema\/logo\/image\/\"},\"sameAs\":[\"https:\/\/www.linkedin.com\/company\/25037162\/\",\"https:\/\/x.com\/GPSLatinAmerica\",\"https:\/\/www.instagram.com\/gpslatin\/\",\"https:\/\/www.youtube.com\/channel\/UCM2Qf0jSqNRJRkqmU8dO9QA\/videos\"]},{\"@type\":\"Person\",\"@id\":\"https:\/\/grupogpps.org\/#\/schema\/person\/faaafcd24616dff095821c72659ce41f\",\"name\":\"GPS GPS\",\"url\":\"https:\/\/grupogpps.org\/en\/author\/gps\/\"}]}<\/script>\n<!-- \/ Yoast SEO plugin. -->","yoast_head_json":{"title":"\u00bfCu\u00e1ntos agregados agr\u00edcolas necesita Argentina?: exportadores piden \u201cduplicarlos y sumar destinos\u201d - GPS","robots":{"index":"index","follow":"follow","max-snippet":"max-snippet:-1","max-image-preview":"max-image-preview:large","max-video-preview":"max-video-preview:-1"},"canonical":"https:\/\/grupogpps.org\/en\/cuantos-agregados-agricolas-necesita-argentina-exportadores-piden-duplicarlos-y-sumar-destinos\/","og_locale":"en_GB","og_type":"article","og_title":"\u00bfCu\u00e1ntos agregados agr\u00edcolas necesita Argentina?: exportadores piden \u201cduplicarlos y sumar destinos\u201d - GPS","og_description":"Tras ganar las elecciones, Sergio Massa pidi\u00f3 \u201cembajadores que hagan negocios y traigan resultados para Argentina\u201d. Diversos analistas internacionales remarcan la importancia de extender la red de agregados agr\u00edcolas. Por Ezequiel Morales Los&nbsp;siete agregados agr\u00edcolas&nbsp;que tiene la Argentina alrededor del mundo en la actualidad parecen un grupo de escaso alcance si se lo compara con&nbsp;los [&hellip;]","og_url":"https:\/\/grupogpps.org\/en\/cuantos-agregados-agricolas-necesita-argentina-exportadores-piden-duplicarlos-y-sumar-destinos\/","og_site_name":"GPS","article_publisher":"https:\/\/www.linkedin.com\/company\/25037162\/","article_published_time":"2023-11-02T15:46:12+00:00","article_modified_time":"2023-11-02T15:46:17+00:00","og_image":[{"width":1209,"height":689,"url":"https:\/\/grupogpps.org\/wp-content\/uploads\/2023\/11\/bandera-campo.png","type":"image\/png"}],"author":"GPS GPS","twitter_card":"summary_large_image","twitter_creator":"@GPSLatinAmerica","twitter_site":"@GPSLatinAmerica","twitter_misc":{"Written by":"GPS GPS","Estimated reading time":"7 minutes"},"schema":{"@context":"https:\/\/schema.org","@graph":[{"@type":"Article","@id":"https:\/\/grupogpps.org\/cuantos-agregados-agricolas-necesita-argentina-exportadores-piden-duplicarlos-y-sumar-destinos\/#article","isPartOf":{"@id":"https:\/\/grupogpps.org\/cuantos-agregados-agricolas-necesita-argentina-exportadores-piden-duplicarlos-y-sumar-destinos\/"},"author":{"name":"GPS GPS","@id":"https:\/\/grupogpps.org\/#\/schema\/person\/faaafcd24616dff095821c72659ce41f"},"headline":"\u00bfCu\u00e1ntos agregados agr\u00edcolas necesita Argentina?: exportadores piden \u201cduplicarlos y sumar destinos\u201d","datePublished":"2023-11-02T15:46:12+00:00","dateModified":"2023-11-02T15:46:17+00:00","mainEntityOfPage":{"@id":"https:\/\/grupogpps.org\/cuantos-agregados-agricolas-necesita-argentina-exportadores-piden-duplicarlos-y-sumar-destinos\/"},"wordCount":1782,"commentCount":0,"publisher":{"@id":"https:\/\/grupogpps.org\/#organization"},"image":{"@id":"https:\/\/grupogpps.org\/cuantos-agregados-agricolas-necesita-argentina-exportadores-piden-duplicarlos-y-sumar-destinos\/#primaryimage"},"thumbnailUrl":"https:\/\/grupogpps.org\/wp-content\/uploads\/2023\/11\/bandera-campo.png","articleSection":["GPS en los medios","Home","Novedades","Publicaciones Home"],"inLanguage":"en-GB","potentialAction":[{"@type":"CommentAction","name":"Comment","target":["https:\/\/grupogpps.org\/cuantos-agregados-agricolas-necesita-argentina-exportadores-piden-duplicarlos-y-sumar-destinos\/#respond"]}]},{"@type":"WebPage","@id":"https:\/\/grupogpps.org\/cuantos-agregados-agricolas-necesita-argentina-exportadores-piden-duplicarlos-y-sumar-destinos\/","url":"https:\/\/grupogpps.org\/cuantos-agregados-agricolas-necesita-argentina-exportadores-piden-duplicarlos-y-sumar-destinos\/","name":"\u00bfCu\u00e1ntos agregados agr\u00edcolas necesita Argentina?: exportadores piden \u201cduplicarlos y sumar destinos\u201d - GPS","isPartOf":{"@id":"https:\/\/grupogpps.org\/#website"},"primaryImageOfPage":{"@id":"https:\/\/grupogpps.org\/cuantos-agregados-agricolas-necesita-argentina-exportadores-piden-duplicarlos-y-sumar-destinos\/#primaryimage"},"image":{"@id":"https:\/\/grupogpps.org\/cuantos-agregados-agricolas-necesita-argentina-exportadores-piden-duplicarlos-y-sumar-destinos\/#primaryimage"},"thumbnailUrl":"https:\/\/grupogpps.org\/wp-content\/uploads\/2023\/11\/bandera-campo.png","datePublished":"2023-11-02T15:46:12+00:00","dateModified":"2023-11-02T15:46:17+00:00","breadcrumb":{"@id":"https:\/\/grupogpps.org\/cuantos-agregados-agricolas-necesita-argentina-exportadores-piden-duplicarlos-y-sumar-destinos\/#breadcrumb"},"inLanguage":"en-GB","potentialAction":[{"@type":"ReadAction","target":["https:\/\/grupogpps.org\/cuantos-agregados-agricolas-necesita-argentina-exportadores-piden-duplicarlos-y-sumar-destinos\/"]}]},{"@type":"ImageObject","inLanguage":"en-GB","@id":"https:\/\/grupogpps.org\/cuantos-agregados-agricolas-necesita-argentina-exportadores-piden-duplicarlos-y-sumar-destinos\/#primaryimage","url":"https:\/\/grupogpps.org\/wp-content\/uploads\/2023\/11\/bandera-campo.png","contentUrl":"https:\/\/grupogpps.org\/wp-content\/uploads\/2023\/11\/bandera-campo.png","width":1209,"height":689},{"@type":"BreadcrumbList","@id":"https:\/\/grupogpps.org\/cuantos-agregados-agricolas-necesita-argentina-exportadores-piden-duplicarlos-y-sumar-destinos\/#breadcrumb","itemListElement":[{"@type":"ListItem","position":1,"name":"Inicio","item":"https:\/\/grupogpps.org\/"},{"@type":"ListItem","position":2,"name":"\u00bfCu\u00e1ntos agregados agr\u00edcolas necesita Argentina?: exportadores piden \u201cduplicarlos y sumar destinos\u201d"}]},{"@type":"WebSite","@id":"https:\/\/grupogpps.org\/#website","url":"https:\/\/grupogpps.org\/","name":"GPS","description":"Grupo de pa\u00edses productores del sur","publisher":{"@id":"https:\/\/grupogpps.org\/#organization"},"potentialAction":[{"@type":"SearchAction","target":{"@type":"EntryPoint","urlTemplate":"https:\/\/grupogpps.org\/?s={search_term_string}"},"query-input":{"@type":"PropertyValueSpecification","valueRequired":true,"valueName":"search_term_string"}}],"inLanguage":"en-GB"},{"@type":"Organization","@id":"https:\/\/grupogpps.org\/#organization","name":"GPS - Grupo de pa\u00edses productores del sur","url":"https:\/\/grupogpps.org\/","logo":{"@type":"ImageObject","inLanguage":"en-GB","@id":"https:\/\/grupogpps.org\/#\/schema\/logo\/image\/","url":"http:\/\/grupogpps.org\/wp-content\/uploads\/2021\/06\/logoGPS3.svg","contentUrl":"http:\/\/grupogpps.org\/wp-content\/uploads\/2021\/06\/logoGPS3.svg","width":1,"height":1,"caption":"GPS - Grupo de pa\u00edses productores del sur"},"image":{"@id":"https:\/\/grupogpps.org\/#\/schema\/logo\/image\/"},"sameAs":["https:\/\/www.linkedin.com\/company\/25037162\/","https:\/\/x.com\/GPSLatinAmerica","https:\/\/www.instagram.com\/gpslatin\/","https:\/\/www.youtube.com\/channel\/UCM2Qf0jSqNRJRkqmU8dO9QA\/videos"]},{"@type":"Person","@id":"https:\/\/grupogpps.org\/#\/schema\/person\/faaafcd24616dff095821c72659ce41f","name":"GPS GPS","url":"https:\/\/grupogpps.org\/en\/author\/gps\/"}]}},"_links":{"self":[{"href":"https:\/\/grupogpps.org\/en\/wp-json\/wp\/v2\/posts\/4477","targetHints":{"allow":["GET"]}}],"collection":[{"href":"https:\/\/grupogpps.org\/en\/wp-json\/wp\/v2\/posts"}],"about":[{"href":"https:\/\/grupogpps.org\/en\/wp-json\/wp\/v2\/types\/post"}],"author":[{"embeddable":true,"href":"https:\/\/grupogpps.org\/en\/wp-json\/wp\/v2\/users\/2"}],"replies":[{"embeddable":true,"href":"https:\/\/grupogpps.org\/en\/wp-json\/wp\/v2\/comments?post=4477"}],"version-history":[{"count":1,"href":"https:\/\/grupogpps.org\/en\/wp-json\/wp\/v2\/posts\/4477\/revisions"}],"predecessor-version":[{"id":4486,"href":"https:\/\/grupogpps.org\/en\/wp-json\/wp\/v2\/posts\/4477\/revisions\/4486"}],"wp:featuredmedia":[{"embeddable":true,"href":"https:\/\/grupogpps.org\/en\/wp-json\/wp\/v2\/media\/4485"}],"wp:attachment":[{"href":"https:\/\/grupogpps.org\/en\/wp-json\/wp\/v2\/media?parent=4477"}],"wp:term":[{"taxonomy":"category","embeddable":true,"href":"https:\/\/grupogpps.org\/en\/wp-json\/wp\/v2\/categories?post=4477"},{"taxonomy":"post_tag","embeddable":true,"href":"https:\/\/grupogpps.org\/en\/wp-json\/wp\/v2\/tags?post=4477"}],"curies":[{"name":"wp","href":"https:\/\/api.w.org\/{rel}","templated":true}]}}