{"id":4174,"date":"2023-01-02T12:41:00","date_gmt":"2023-01-02T15:41:00","guid":{"rendered":"http:\/\/grupogpps.org\/?p=4174"},"modified":"2023-02-08T19:49:02","modified_gmt":"2023-02-08T22:49:02","slug":"webinar-4-eu-mercosur-agreement-series-2022-where-is-the-eu-mercosur-fta-going","status":"publish","type":"post","link":"https:\/\/grupogpps.org\/en\/webinar-4-eu-mercosur-agreement-series-2022-where-is-the-eu-mercosur-fta-going\/","title":{"rendered":"Webinar # 4 EU Mercosur Agreement Series 2022: \u00abWhere is the EU-Mercosur FTA going?\u00bb"},"content":{"rendered":"<h3 class=\"wp-block-heading\">GPS-Paddy Ashdown Forum-European Liberal Forum-We Are Innovation<\/h3>\n\n\n\n<p>1 de diciembre de 2022<\/p>\n\n\n\n<p>It is recognised that the main concerns that surround the EU\u2013Mercosur FTA relate to the deforestation of the Amazon, the overall intensive agro-industrial model of the Mercosur countries, and Brazil\u2019s weak commitment to the Paris Agreement under President Jair Bolsonaro.<\/p>\n\n\n\n<p>The scope of its trade and sustainable development (TSD) chapter is seen to be both limited, and its enforcement mechanisms too weak. However, it can be argued that there is currently no trade agreement that could solve the Mercosur countries\u2019 many crucial climate and environmental challenges. However, if the EU is to take its sustainable development \u2013 and new green deal - objectives seriously, it has every opportunity to leverage its trade power - and tools - to the fullest extent.<\/p>\n\n\n\n<p>Consequently, The European Commission has at hand an opportunity to utilise all the legal instruments to guarantee strong TSD commitments from the Mercosur countries: this includes strong monitoring and implementation procedures using the joint association agreement (AA) bodies.  At a time of global tension, this is an opportunity to create calm through strong collaboration and exchange that tackles the multiple issues of climate change, environmental degradation and the diminishing services of the biosphere simultaneously alongside improving the well-being of millions who rely upon peace, security, and shared prosperity. To develop peoples\u2019 talents, foster diversity and nurture creativity sustained by a strong market economy that offers all people real choices.<\/p>\n\n\n\n<p><strong>Mart\u00edn E. Pi\u00f1eiro,&nbsp;<\/strong>Argentine Council for Foreign Relations (CARI) Group of Producing Countries from the Southern Cone (GPS)<\/p>\n\n\n\n<p><strong>Arantza Gomez Arana<\/strong>Senior Lecturer in International Relations at Northumbria University, Elected committee member UACES and a co-convenor of the BISA European Security Working Group.<\/p>\n\n\n\n<hr class=\"wp-block-separator has-alpha-channel-opacity\"\/>\n\n\n\n<div style=\"height:20px\" aria-hidden=\"true\" class=\"wp-block-spacer\"><\/div>\n\n\n\n<p>Series \u00abThe EU-Mercosur agreement\u00bb<\/p>\n\n\n\n<p>Negotiations on the free trade agreement between the EU and the Mercosur nations of Brazil, Argentina, Uruguay and Paraguay have taken more than 20 years. For many, this free trade agreement is seen as undermining the EU's climate ambitions, as well as being a threat to sustainability on the South American continent. The webinar series will provide accurate and validated expertise on this Agreement, the criticism it has provoked, and its impact on climate and the environment. In addition to the webinars, a series of articles written by the experts will be published.<\/p>\n\n\n\n<p>The four webinars discussed the following topics:<\/p>\n\n\n\n<p class=\" translation-block\">Protectionism: does it show its face?<br>\nHow can cooperation strengthen food security?<br>\nFree trade as a tool to save the environment<br>\nWhere is the EU\/Mercosur FTA going and why is it important?<\/p>\n\n\n\n<div style=\"height:20px\" aria-hidden=\"true\" class=\"wp-block-spacer\"><\/div>\n\n\n\n<figure class=\"wp-block-embed is-type-video is-provider-youtube wp-block-embed-youtube wp-embed-aspect-16-9 wp-has-aspect-ratio\"><div class=\"wp-block-embed__wrapper\">\n<iframe loading=\"lazy\" title=\"EU - Mercosur WEBINAR #4Where -  is the EU \/ Mercosur FTA going?\" width=\"800\" height=\"450\" src=\"https:\/\/www.youtube.com\/embed\/lmL2WTQx6ns?feature=oembed\" frameborder=\"0\" allow=\"accelerometer; autoplay; clipboard-write; encrypted-media; gyroscope; picture-in-picture; web-share\" allowfullscreen><\/iframe>\n<\/div><\/figure>","protected":false},"excerpt":{"rendered":"<p>GPS-Paddy Ashdown Forum-European Liberal Forum-We Are Innovation 1 de diciembre de 2022 Las principales preocupaciones que rodean el TLC UE-Mercosur se relacionan con la deforestaci\u00f3n del Amazonas, el modelo agroindustrial intensivo general de los pa\u00edses del Mercosur y el d\u00e9bil compromiso de Brasil con el Acuerdo de Par\u00eds bajo la presidencia de Jair Bolsonaro. Asimismo, [&hellip;]<\/p>","protected":false},"author":2,"featured_media":4177,"comment_status":"closed","ping_status":"closed","sticky":false,"template":"","format":"standard","meta":{"footnotes":""},"categories":[19,25,23],"tags":[],"class_list":["post-4174","post","type-post","status-publish","format-standard","has-post-thumbnail","hentry","category-actividades","category-home","category-novedades"],"yoast_head":"<!-- This site is optimized with the Yoast SEO plugin v26.8 - https:\/\/yoast.com\/product\/yoast-seo-wordpress\/ -->\n<title>Webinar # 4 EU Mercosur Agreement Series 2022: &quot;Where is the EU-Mercosur FTA going?&quot; - GPS<\/title>\n<meta name=\"robots\" content=\"index, follow, max-snippet:-1, max-image-preview:large, max-video-preview:-1\" \/>\n<link rel=\"canonical\" href=\"https:\/\/grupogpps.org\/en\/webinar-4-eu-mercosur-agreement-series-2022-where-is-the-eu-mercosur-fta-going\/\" \/>\n<meta property=\"og:locale\" content=\"en_GB\" \/>\n<meta property=\"og:type\" content=\"article\" \/>\n<meta property=\"og:title\" content=\"Webinar # 4 EU Mercosur Agreement Series 2022: &quot;Where is the EU-Mercosur FTA going?&quot; - GPS\" \/>\n<meta property=\"og:description\" content=\"GPS-Paddy Ashdown Forum-European Liberal Forum-We Are Innovation 1 de diciembre de 2022 Las principales preocupaciones que rodean el TLC UE-Mercosur se relacionan con la deforestaci\u00f3n del Amazonas, el modelo agroindustrial intensivo general de los pa\u00edses del Mercosur y el d\u00e9bil compromiso de Brasil con el Acuerdo de Par\u00eds bajo la presidencia de Jair Bolsonaro. Asimismo, [&hellip;]\" \/>\n<meta property=\"og:url\" content=\"https:\/\/grupogpps.org\/en\/webinar-4-eu-mercosur-agreement-series-2022-where-is-the-eu-mercosur-fta-going\/\" \/>\n<meta property=\"og:site_name\" content=\"GPS\" \/>\n<meta property=\"article:publisher\" content=\"https:\/\/www.linkedin.com\/company\/25037162\/\" \/>\n<meta property=\"article:published_time\" content=\"2023-01-02T15:41:00+00:00\" \/>\n<meta property=\"article:modified_time\" content=\"2023-02-08T22:49:02+00:00\" \/>\n<meta property=\"og:image\" content=\"https:\/\/grupogpps.org\/wp-content\/uploads\/2023\/01\/Captura-de-Pantalla-2023-02-02-a-las-12.51.24.png\" \/>\n\t<meta property=\"og:image:width\" content=\"1542\" \/>\n\t<meta property=\"og:image:height\" content=\"850\" \/>\n\t<meta property=\"og:image:type\" content=\"image\/png\" \/>\n<meta name=\"author\" content=\"GPS GPS\" \/>\n<meta name=\"twitter:card\" content=\"summary_large_image\" \/>\n<meta name=\"twitter:creator\" content=\"@GPSLatinAmerica\" \/>\n<meta name=\"twitter:site\" content=\"@GPSLatinAmerica\" \/>\n<meta name=\"twitter:label1\" content=\"Written by\" \/>\n\t<meta name=\"twitter:data1\" content=\"GPS GPS\" \/>\n\t<meta name=\"twitter:label2\" content=\"Estimated reading time\" \/>\n\t<meta name=\"twitter:data2\" content=\"3 minutes\" \/>\n<script type=\"application\/ld+json\" class=\"yoast-schema-graph\">{\"@context\":\"https:\/\/schema.org\",\"@graph\":[{\"@type\":\"Article\",\"@id\":\"https:\/\/grupogpps.org\/webinar-4-eu-mercosur-agreement-series-2022-where-is-the-eu-mercosur-fta-going\/#article\",\"isPartOf\":{\"@id\":\"https:\/\/grupogpps.org\/webinar-4-eu-mercosur-agreement-series-2022-where-is-the-eu-mercosur-fta-going\/\"},\"author\":{\"name\":\"GPS GPS\",\"@id\":\"https:\/\/grupogpps.org\/#\/schema\/person\/faaafcd24616dff095821c72659ce41f\"},\"headline\":\"Webinar # 4 EU Mercosur Agreement Series 2022: \u00abWhere is the EU-Mercosur FTA going?\u00bb\",\"datePublished\":\"2023-01-02T15:41:00+00:00\",\"dateModified\":\"2023-02-08T22:49:02+00:00\",\"mainEntityOfPage\":{\"@id\":\"https:\/\/grupogpps.org\/webinar-4-eu-mercosur-agreement-series-2022-where-is-the-eu-mercosur-fta-going\/\"},\"wordCount\":527,\"publisher\":{\"@id\":\"https:\/\/grupogpps.org\/#organization\"},\"image\":{\"@id\":\"https:\/\/grupogpps.org\/webinar-4-eu-mercosur-agreement-series-2022-where-is-the-eu-mercosur-fta-going\/#primaryimage\"},\"thumbnailUrl\":\"https:\/\/grupogpps.org\/wp-content\/uploads\/2023\/01\/Captura-de-Pantalla-2023-02-02-a-las-12.51.24.png\",\"articleSection\":[\"Actividades\",\"Home\",\"Novedades\"],\"inLanguage\":\"en-GB\"},{\"@type\":\"WebPage\",\"@id\":\"https:\/\/grupogpps.org\/webinar-4-eu-mercosur-agreement-series-2022-where-is-the-eu-mercosur-fta-going\/\",\"url\":\"https:\/\/grupogpps.org\/webinar-4-eu-mercosur-agreement-series-2022-where-is-the-eu-mercosur-fta-going\/\",\"name\":\"Webinar # 4 EU Mercosur Agreement Series 2022: \\\"Where is the EU-Mercosur FTA going?\\\" - GPS\",\"isPartOf\":{\"@id\":\"https:\/\/grupogpps.org\/#website\"},\"primaryImageOfPage\":{\"@id\":\"https:\/\/grupogpps.org\/webinar-4-eu-mercosur-agreement-series-2022-where-is-the-eu-mercosur-fta-going\/#primaryimage\"},\"image\":{\"@id\":\"https:\/\/grupogpps.org\/webinar-4-eu-mercosur-agreement-series-2022-where-is-the-eu-mercosur-fta-going\/#primaryimage\"},\"thumbnailUrl\":\"https:\/\/grupogpps.org\/wp-content\/uploads\/2023\/01\/Captura-de-Pantalla-2023-02-02-a-las-12.51.24.png\",\"datePublished\":\"2023-01-02T15:41:00+00:00\",\"dateModified\":\"2023-02-08T22:49:02+00:00\",\"breadcrumb\":{\"@id\":\"https:\/\/grupogpps.org\/webinar-4-eu-mercosur-agreement-series-2022-where-is-the-eu-mercosur-fta-going\/#breadcrumb\"},\"inLanguage\":\"en-GB\",\"potentialAction\":[{\"@type\":\"ReadAction\",\"target\":[\"https:\/\/grupogpps.org\/webinar-4-eu-mercosur-agreement-series-2022-where-is-the-eu-mercosur-fta-going\/\"]}]},{\"@type\":\"ImageObject\",\"inLanguage\":\"en-GB\",\"@id\":\"https:\/\/grupogpps.org\/webinar-4-eu-mercosur-agreement-series-2022-where-is-the-eu-mercosur-fta-going\/#primaryimage\",\"url\":\"https:\/\/grupogpps.org\/wp-content\/uploads\/2023\/01\/Captura-de-Pantalla-2023-02-02-a-las-12.51.24.png\",\"contentUrl\":\"https:\/\/grupogpps.org\/wp-content\/uploads\/2023\/01\/Captura-de-Pantalla-2023-02-02-a-las-12.51.24.png\",\"width\":1542,\"height\":850},{\"@type\":\"BreadcrumbList\",\"@id\":\"https:\/\/grupogpps.org\/webinar-4-eu-mercosur-agreement-series-2022-where-is-the-eu-mercosur-fta-going\/#breadcrumb\",\"itemListElement\":[{\"@type\":\"ListItem\",\"position\":1,\"name\":\"Inicio\",\"item\":\"https:\/\/grupogpps.org\/\"},{\"@type\":\"ListItem\",\"position\":2,\"name\":\"Webinar # 4 EU Mercosur Agreement Series 2022: \u00abWhere is the EU-Mercosur FTA going?\u00bb\"}]},{\"@type\":\"WebSite\",\"@id\":\"https:\/\/grupogpps.org\/#website\",\"url\":\"https:\/\/grupogpps.org\/\",\"name\":\"GPS\",\"description\":\"Grupo de pa\u00edses productores del sur\",\"publisher\":{\"@id\":\"https:\/\/grupogpps.org\/#organization\"},\"potentialAction\":[{\"@type\":\"SearchAction\",\"target\":{\"@type\":\"EntryPoint\",\"urlTemplate\":\"https:\/\/grupogpps.org\/?s={search_term_string}\"},\"query-input\":{\"@type\":\"PropertyValueSpecification\",\"valueRequired\":true,\"valueName\":\"search_term_string\"}}],\"inLanguage\":\"en-GB\"},{\"@type\":\"Organization\",\"@id\":\"https:\/\/grupogpps.org\/#organization\",\"name\":\"GPS - Grupo de pa\u00edses productores del sur\",\"url\":\"https:\/\/grupogpps.org\/\",\"logo\":{\"@type\":\"ImageObject\",\"inLanguage\":\"en-GB\",\"@id\":\"https:\/\/grupogpps.org\/#\/schema\/logo\/image\/\",\"url\":\"http:\/\/grupogpps.org\/wp-content\/uploads\/2021\/06\/logoGPS3.svg\",\"contentUrl\":\"http:\/\/grupogpps.org\/wp-content\/uploads\/2021\/06\/logoGPS3.svg\",\"width\":1,\"height\":1,\"caption\":\"GPS - Grupo de pa\u00edses productores del sur\"},\"image\":{\"@id\":\"https:\/\/grupogpps.org\/#\/schema\/logo\/image\/\"},\"sameAs\":[\"https:\/\/www.linkedin.com\/company\/25037162\/\",\"https:\/\/x.com\/GPSLatinAmerica\",\"https:\/\/www.instagram.com\/gpslatin\/\",\"https:\/\/www.youtube.com\/channel\/UCM2Qf0jSqNRJRkqmU8dO9QA\/videos\"]},{\"@type\":\"Person\",\"@id\":\"https:\/\/grupogpps.org\/#\/schema\/person\/faaafcd24616dff095821c72659ce41f\",\"name\":\"GPS GPS\",\"url\":\"https:\/\/grupogpps.org\/en\/author\/gps\/\"}]}<\/script>\n<!-- \/ Yoast SEO plugin. -->","yoast_head_json":{"title":"Webinar # 4 EU Mercosur Agreement Series 2022: \"Where is the EU-Mercosur FTA going?\" - GPS","robots":{"index":"index","follow":"follow","max-snippet":"max-snippet:-1","max-image-preview":"max-image-preview:large","max-video-preview":"max-video-preview:-1"},"canonical":"https:\/\/grupogpps.org\/en\/webinar-4-eu-mercosur-agreement-series-2022-where-is-the-eu-mercosur-fta-going\/","og_locale":"en_GB","og_type":"article","og_title":"Webinar # 4 EU Mercosur Agreement Series 2022: \"Where is the EU-Mercosur FTA going?\" - GPS","og_description":"GPS-Paddy Ashdown Forum-European Liberal Forum-We Are Innovation 1 de diciembre de 2022 Las principales preocupaciones que rodean el TLC UE-Mercosur se relacionan con la deforestaci\u00f3n del Amazonas, el modelo agroindustrial intensivo general de los pa\u00edses del Mercosur y el d\u00e9bil compromiso de Brasil con el Acuerdo de Par\u00eds bajo la presidencia de Jair Bolsonaro. Asimismo, [&hellip;]","og_url":"https:\/\/grupogpps.org\/en\/webinar-4-eu-mercosur-agreement-series-2022-where-is-the-eu-mercosur-fta-going\/","og_site_name":"GPS","article_publisher":"https:\/\/www.linkedin.com\/company\/25037162\/","article_published_time":"2023-01-02T15:41:00+00:00","article_modified_time":"2023-02-08T22:49:02+00:00","og_image":[{"width":1542,"height":850,"url":"https:\/\/grupogpps.org\/wp-content\/uploads\/2023\/01\/Captura-de-Pantalla-2023-02-02-a-las-12.51.24.png","type":"image\/png"}],"author":"GPS GPS","twitter_card":"summary_large_image","twitter_creator":"@GPSLatinAmerica","twitter_site":"@GPSLatinAmerica","twitter_misc":{"Written by":"GPS GPS","Estimated reading time":"3 minutes"},"schema":{"@context":"https:\/\/schema.org","@graph":[{"@type":"Article","@id":"https:\/\/grupogpps.org\/webinar-4-eu-mercosur-agreement-series-2022-where-is-the-eu-mercosur-fta-going\/#article","isPartOf":{"@id":"https:\/\/grupogpps.org\/webinar-4-eu-mercosur-agreement-series-2022-where-is-the-eu-mercosur-fta-going\/"},"author":{"name":"GPS GPS","@id":"https:\/\/grupogpps.org\/#\/schema\/person\/faaafcd24616dff095821c72659ce41f"},"headline":"Webinar # 4 EU Mercosur Agreement Series 2022: \u00abWhere is the EU-Mercosur FTA going?\u00bb","datePublished":"2023-01-02T15:41:00+00:00","dateModified":"2023-02-08T22:49:02+00:00","mainEntityOfPage":{"@id":"https:\/\/grupogpps.org\/webinar-4-eu-mercosur-agreement-series-2022-where-is-the-eu-mercosur-fta-going\/"},"wordCount":527,"publisher":{"@id":"https:\/\/grupogpps.org\/#organization"},"image":{"@id":"https:\/\/grupogpps.org\/webinar-4-eu-mercosur-agreement-series-2022-where-is-the-eu-mercosur-fta-going\/#primaryimage"},"thumbnailUrl":"https:\/\/grupogpps.org\/wp-content\/uploads\/2023\/01\/Captura-de-Pantalla-2023-02-02-a-las-12.51.24.png","articleSection":["Actividades","Home","Novedades"],"inLanguage":"en-GB"},{"@type":"WebPage","@id":"https:\/\/grupogpps.org\/webinar-4-eu-mercosur-agreement-series-2022-where-is-the-eu-mercosur-fta-going\/","url":"https:\/\/grupogpps.org\/webinar-4-eu-mercosur-agreement-series-2022-where-is-the-eu-mercosur-fta-going\/","name":"Webinar # 4 EU Mercosur Agreement Series 2022: \"Where is the EU-Mercosur FTA going?\" - GPS","isPartOf":{"@id":"https:\/\/grupogpps.org\/#website"},"primaryImageOfPage":{"@id":"https:\/\/grupogpps.org\/webinar-4-eu-mercosur-agreement-series-2022-where-is-the-eu-mercosur-fta-going\/#primaryimage"},"image":{"@id":"https:\/\/grupogpps.org\/webinar-4-eu-mercosur-agreement-series-2022-where-is-the-eu-mercosur-fta-going\/#primaryimage"},"thumbnailUrl":"https:\/\/grupogpps.org\/wp-content\/uploads\/2023\/01\/Captura-de-Pantalla-2023-02-02-a-las-12.51.24.png","datePublished":"2023-01-02T15:41:00+00:00","dateModified":"2023-02-08T22:49:02+00:00","breadcrumb":{"@id":"https:\/\/grupogpps.org\/webinar-4-eu-mercosur-agreement-series-2022-where-is-the-eu-mercosur-fta-going\/#breadcrumb"},"inLanguage":"en-GB","potentialAction":[{"@type":"ReadAction","target":["https:\/\/grupogpps.org\/webinar-4-eu-mercosur-agreement-series-2022-where-is-the-eu-mercosur-fta-going\/"]}]},{"@type":"ImageObject","inLanguage":"en-GB","@id":"https:\/\/grupogpps.org\/webinar-4-eu-mercosur-agreement-series-2022-where-is-the-eu-mercosur-fta-going\/#primaryimage","url":"https:\/\/grupogpps.org\/wp-content\/uploads\/2023\/01\/Captura-de-Pantalla-2023-02-02-a-las-12.51.24.png","contentUrl":"https:\/\/grupogpps.org\/wp-content\/uploads\/2023\/01\/Captura-de-Pantalla-2023-02-02-a-las-12.51.24.png","width":1542,"height":850},{"@type":"BreadcrumbList","@id":"https:\/\/grupogpps.org\/webinar-4-eu-mercosur-agreement-series-2022-where-is-the-eu-mercosur-fta-going\/#breadcrumb","itemListElement":[{"@type":"ListItem","position":1,"name":"Inicio","item":"https:\/\/grupogpps.org\/"},{"@type":"ListItem","position":2,"name":"Webinar # 4 EU Mercosur Agreement Series 2022: \u00abWhere is the EU-Mercosur FTA going?\u00bb"}]},{"@type":"WebSite","@id":"https:\/\/grupogpps.org\/#website","url":"https:\/\/grupogpps.org\/","name":"GPS","description":"Grupo de pa\u00edses productores del sur","publisher":{"@id":"https:\/\/grupogpps.org\/#organization"},"potentialAction":[{"@type":"SearchAction","target":{"@type":"EntryPoint","urlTemplate":"https:\/\/grupogpps.org\/?s={search_term_string}"},"query-input":{"@type":"PropertyValueSpecification","valueRequired":true,"valueName":"search_term_string"}}],"inLanguage":"en-GB"},{"@type":"Organization","@id":"https:\/\/grupogpps.org\/#organization","name":"GPS - Grupo de pa\u00edses productores del sur","url":"https:\/\/grupogpps.org\/","logo":{"@type":"ImageObject","inLanguage":"en-GB","@id":"https:\/\/grupogpps.org\/#\/schema\/logo\/image\/","url":"http:\/\/grupogpps.org\/wp-content\/uploads\/2021\/06\/logoGPS3.svg","contentUrl":"http:\/\/grupogpps.org\/wp-content\/uploads\/2021\/06\/logoGPS3.svg","width":1,"height":1,"caption":"GPS - Grupo de pa\u00edses productores del sur"},"image":{"@id":"https:\/\/grupogpps.org\/#\/schema\/logo\/image\/"},"sameAs":["https:\/\/www.linkedin.com\/company\/25037162\/","https:\/\/x.com\/GPSLatinAmerica","https:\/\/www.instagram.com\/gpslatin\/","https:\/\/www.youtube.com\/channel\/UCM2Qf0jSqNRJRkqmU8dO9QA\/videos"]},{"@type":"Person","@id":"https:\/\/grupogpps.org\/#\/schema\/person\/faaafcd24616dff095821c72659ce41f","name":"GPS GPS","url":"https:\/\/grupogpps.org\/en\/author\/gps\/"}]}},"_links":{"self":[{"href":"https:\/\/grupogpps.org\/en\/wp-json\/wp\/v2\/posts\/4174","targetHints":{"allow":["GET"]}}],"collection":[{"href":"https:\/\/grupogpps.org\/en\/wp-json\/wp\/v2\/posts"}],"about":[{"href":"https:\/\/grupogpps.org\/en\/wp-json\/wp\/v2\/types\/post"}],"author":[{"embeddable":true,"href":"https:\/\/grupogpps.org\/en\/wp-json\/wp\/v2\/users\/2"}],"replies":[{"embeddable":true,"href":"https:\/\/grupogpps.org\/en\/wp-json\/wp\/v2\/comments?post=4174"}],"version-history":[{"count":3,"href":"https:\/\/grupogpps.org\/en\/wp-json\/wp\/v2\/posts\/4174\/revisions"}],"predecessor-version":[{"id":4180,"href":"https:\/\/grupogpps.org\/en\/wp-json\/wp\/v2\/posts\/4174\/revisions\/4180"}],"wp:featuredmedia":[{"embeddable":true,"href":"https:\/\/grupogpps.org\/en\/wp-json\/wp\/v2\/media\/4177"}],"wp:attachment":[{"href":"https:\/\/grupogpps.org\/en\/wp-json\/wp\/v2\/media?parent=4174"}],"wp:term":[{"taxonomy":"category","embeddable":true,"href":"https:\/\/grupogpps.org\/en\/wp-json\/wp\/v2\/categories?post=4174"},{"taxonomy":"post_tag","embeddable":true,"href":"https:\/\/grupogpps.org\/en\/wp-json\/wp\/v2\/tags?post=4174"}],"curies":[{"name":"wp","href":"https:\/\/api.w.org\/{rel}","templated":true}]}}