{"id":4111,"date":"2022-12-27T14:39:02","date_gmt":"2022-12-27T17:39:02","guid":{"rendered":"http:\/\/grupogpps.org\/?p=4111"},"modified":"2023-01-13T11:34:05","modified_gmt":"2023-01-13T14:34:05","slug":"la-variable-ambiental-en-la-evaluacion-financiera","status":"publish","type":"post","link":"https:\/\/grupogpps.org\/en\/la-variable-ambiental-en-la-evaluacion-financiera\/","title":{"rendered":"The environmental variable in financial evaluation"},"content":{"rendered":"<p><strong>Sabine Papendieck, December 2022<\/strong><\/p>\n\n\n\n<p>Due to the importance that emission reduction strategies are gaining globally, companies consider to a lesser or greater extent the impact of their operations on climate change, the associated mitigation and adaptation efforts on their strategies and operations by disclosing information. related to its climatic action.<\/p>\n\n\n\n<p>On the other hand, the financing gap (mainly in developing economies) is today one of the main obstacles to achieving the goals set by the Paris Agreement. For this reason, the banking and financial sector has assumed different commitments to achieve emission neutrality of its investment portfolios by 2050, with the aim of reducing the climate risk of its operations as well as financially encouraging the sustainable transition of its customers.<\/p>\n\n\n\n<p>This brief document seeks to be an introduction to the financial implications that the climate commitments of financial and banking entities have on the environmental strategies of companies. For this, it is supposed to present different initiatives addressed by the sector that translate into requirements for the private productive sector as clients of the financial system.<\/p>\n\n\n\n<p>Document available only in Spanish.<\/p>\n\n\n\n<div style=\"height:30px\" aria-hidden=\"true\" class=\"wp-block-spacer\"><\/div>\n\n\n\n<div class=\"wp-block-buttons is-horizontal is-content-justification-center is-layout-flex wp-container-core-buttons-is-layout-1 wp-block-buttons-is-layout-flex\">\n<div class=\"wp-block-button\"><a class=\"wp-block-button__link wp-element-button\" href=\"http:\/\/grupogpps.org\/wp-content\/uploads\/2023\/01\/221215-La-variable-ambiental-en-la-evaluacion-financiera-de-clientes.pdf\">Download document<\/a><\/div>\n<\/div>","protected":false},"excerpt":{"rendered":"<p>Sabine Papendieck, Diciembre de 2022 Debido a la importancia que est\u00e1n cobrando las estrategias de reducci\u00f3n de emisiones a nivel global , las empresas consideran en menor o mayor medida el impacto de sus operaciones sobre el cambio clim\u00e1tico, la mitigaci\u00f3n asociada y los esfuerzos de adaptaci\u00f3n sobre sus estrategias y operaciones divulgando informaci\u00f3n relacionada [&hellip;]<\/p>","protected":false},"author":2,"featured_media":4114,"comment_status":"closed","ping_status":"closed","sticky":false,"template":"","format":"standard","meta":{"footnotes":""},"categories":[26,25,27],"tags":[67,66,68,65],"class_list":["post-4111","post","type-post","status-publish","format-standard","has-post-thumbnail","hentry","category-documentos-institucionales","category-home","category-publicaciones-home","tag-agronegocios","tag-argentina","tag-geopolitica-de-los-alimentos","tag-insercion-internacional"],"yoast_head":"<!-- This site is optimized with the Yoast SEO plugin v26.8 - https:\/\/yoast.com\/product\/yoast-seo-wordpress\/ -->\n<title>La variable ambiental en la evaluaci\u00f3n financiera - GPS<\/title>\n<meta name=\"robots\" content=\"index, follow, max-snippet:-1, max-image-preview:large, max-video-preview:-1\" \/>\n<link rel=\"canonical\" href=\"https:\/\/grupogpps.org\/en\/la-variable-ambiental-en-la-evaluacion-financiera\/\" \/>\n<meta property=\"og:locale\" content=\"en_GB\" \/>\n<meta property=\"og:type\" content=\"article\" \/>\n<meta property=\"og:title\" content=\"La variable ambiental en la evaluaci\u00f3n financiera - GPS\" \/>\n<meta property=\"og:description\" content=\"Sabine Papendieck, Diciembre de 2022 Debido a la importancia que est\u00e1n cobrando las estrategias de reducci\u00f3n de emisiones a nivel global , las empresas consideran en menor o mayor medida el impacto de sus operaciones sobre el cambio clim\u00e1tico, la mitigaci\u00f3n asociada y los esfuerzos de adaptaci\u00f3n sobre sus estrategias y operaciones divulgando informaci\u00f3n relacionada [&hellip;]\" \/>\n<meta property=\"og:url\" content=\"https:\/\/grupogpps.org\/en\/la-variable-ambiental-en-la-evaluacion-financiera\/\" \/>\n<meta property=\"og:site_name\" content=\"GPS\" \/>\n<meta property=\"article:publisher\" content=\"https:\/\/www.linkedin.com\/company\/25037162\/\" \/>\n<meta property=\"article:published_time\" content=\"2022-12-27T17:39:02+00:00\" \/>\n<meta property=\"article:modified_time\" content=\"2023-01-13T14:34:05+00:00\" \/>\n<meta property=\"og:image\" content=\"https:\/\/grupogpps.org\/wp-content\/uploads\/2022\/12\/Captura-de-Pantalla-2022-12-27-a-las-14.42.10.png\" \/>\n\t<meta property=\"og:image:width\" content=\"860\" \/>\n\t<meta property=\"og:image:height\" content=\"1138\" \/>\n\t<meta property=\"og:image:type\" content=\"image\/png\" \/>\n<meta name=\"author\" content=\"GPS GPS\" \/>\n<meta name=\"twitter:card\" content=\"summary_large_image\" \/>\n<meta name=\"twitter:creator\" content=\"@GPSLatinAmerica\" \/>\n<meta name=\"twitter:site\" content=\"@GPSLatinAmerica\" \/>\n<meta name=\"twitter:label1\" content=\"Written by\" \/>\n\t<meta name=\"twitter:data1\" content=\"GPS GPS\" \/>\n\t<meta name=\"twitter:label2\" content=\"Estimated reading time\" \/>\n\t<meta name=\"twitter:data2\" content=\"1 minute\" \/>\n<script type=\"application\/ld+json\" class=\"yoast-schema-graph\">{\"@context\":\"https:\/\/schema.org\",\"@graph\":[{\"@type\":\"Article\",\"@id\":\"https:\/\/grupogpps.org\/la-variable-ambiental-en-la-evaluacion-financiera\/#article\",\"isPartOf\":{\"@id\":\"https:\/\/grupogpps.org\/la-variable-ambiental-en-la-evaluacion-financiera\/\"},\"author\":{\"name\":\"GPS GPS\",\"@id\":\"https:\/\/grupogpps.org\/#\/schema\/person\/faaafcd24616dff095821c72659ce41f\"},\"headline\":\"La variable ambiental en la evaluaci\u00f3n financiera\",\"datePublished\":\"2022-12-27T17:39:02+00:00\",\"dateModified\":\"2023-01-13T14:34:05+00:00\",\"mainEntityOfPage\":{\"@id\":\"https:\/\/grupogpps.org\/la-variable-ambiental-en-la-evaluacion-financiera\/\"},\"wordCount\":223,\"publisher\":{\"@id\":\"https:\/\/grupogpps.org\/#organization\"},\"image\":{\"@id\":\"https:\/\/grupogpps.org\/la-variable-ambiental-en-la-evaluacion-financiera\/#primaryimage\"},\"thumbnailUrl\":\"https:\/\/grupogpps.org\/wp-content\/uploads\/2022\/12\/Captura-de-Pantalla-2022-12-27-a-las-14.42.10.png\",\"keywords\":[\"Agronegocios\",\"Argentina\",\"geopol\u00edtica de los alimentos\",\"Inserci\u00f3n internacional\"],\"articleSection\":[\"Documentos institucionales\",\"Home\",\"Publicaciones Home\"],\"inLanguage\":\"en-GB\"},{\"@type\":\"WebPage\",\"@id\":\"https:\/\/grupogpps.org\/la-variable-ambiental-en-la-evaluacion-financiera\/\",\"url\":\"https:\/\/grupogpps.org\/la-variable-ambiental-en-la-evaluacion-financiera\/\",\"name\":\"La variable ambiental en la evaluaci\u00f3n financiera - GPS\",\"isPartOf\":{\"@id\":\"https:\/\/grupogpps.org\/#website\"},\"primaryImageOfPage\":{\"@id\":\"https:\/\/grupogpps.org\/la-variable-ambiental-en-la-evaluacion-financiera\/#primaryimage\"},\"image\":{\"@id\":\"https:\/\/grupogpps.org\/la-variable-ambiental-en-la-evaluacion-financiera\/#primaryimage\"},\"thumbnailUrl\":\"https:\/\/grupogpps.org\/wp-content\/uploads\/2022\/12\/Captura-de-Pantalla-2022-12-27-a-las-14.42.10.png\",\"datePublished\":\"2022-12-27T17:39:02+00:00\",\"dateModified\":\"2023-01-13T14:34:05+00:00\",\"breadcrumb\":{\"@id\":\"https:\/\/grupogpps.org\/la-variable-ambiental-en-la-evaluacion-financiera\/#breadcrumb\"},\"inLanguage\":\"en-GB\",\"potentialAction\":[{\"@type\":\"ReadAction\",\"target\":[\"https:\/\/grupogpps.org\/la-variable-ambiental-en-la-evaluacion-financiera\/\"]}]},{\"@type\":\"ImageObject\",\"inLanguage\":\"en-GB\",\"@id\":\"https:\/\/grupogpps.org\/la-variable-ambiental-en-la-evaluacion-financiera\/#primaryimage\",\"url\":\"https:\/\/grupogpps.org\/wp-content\/uploads\/2022\/12\/Captura-de-Pantalla-2022-12-27-a-las-14.42.10.png\",\"contentUrl\":\"https:\/\/grupogpps.org\/wp-content\/uploads\/2022\/12\/Captura-de-Pantalla-2022-12-27-a-las-14.42.10.png\",\"width\":860,\"height\":1138},{\"@type\":\"BreadcrumbList\",\"@id\":\"https:\/\/grupogpps.org\/la-variable-ambiental-en-la-evaluacion-financiera\/#breadcrumb\",\"itemListElement\":[{\"@type\":\"ListItem\",\"position\":1,\"name\":\"Inicio\",\"item\":\"https:\/\/grupogpps.org\/\"},{\"@type\":\"ListItem\",\"position\":2,\"name\":\"La variable ambiental en la evaluaci\u00f3n financiera\"}]},{\"@type\":\"WebSite\",\"@id\":\"https:\/\/grupogpps.org\/#website\",\"url\":\"https:\/\/grupogpps.org\/\",\"name\":\"GPS\",\"description\":\"Grupo de pa\u00edses productores del sur\",\"publisher\":{\"@id\":\"https:\/\/grupogpps.org\/#organization\"},\"potentialAction\":[{\"@type\":\"SearchAction\",\"target\":{\"@type\":\"EntryPoint\",\"urlTemplate\":\"https:\/\/grupogpps.org\/?s={search_term_string}\"},\"query-input\":{\"@type\":\"PropertyValueSpecification\",\"valueRequired\":true,\"valueName\":\"search_term_string\"}}],\"inLanguage\":\"en-GB\"},{\"@type\":\"Organization\",\"@id\":\"https:\/\/grupogpps.org\/#organization\",\"name\":\"GPS - Grupo de pa\u00edses productores del sur\",\"url\":\"https:\/\/grupogpps.org\/\",\"logo\":{\"@type\":\"ImageObject\",\"inLanguage\":\"en-GB\",\"@id\":\"https:\/\/grupogpps.org\/#\/schema\/logo\/image\/\",\"url\":\"http:\/\/grupogpps.org\/wp-content\/uploads\/2021\/06\/logoGPS3.svg\",\"contentUrl\":\"http:\/\/grupogpps.org\/wp-content\/uploads\/2021\/06\/logoGPS3.svg\",\"width\":1,\"height\":1,\"caption\":\"GPS - Grupo de pa\u00edses productores del sur\"},\"image\":{\"@id\":\"https:\/\/grupogpps.org\/#\/schema\/logo\/image\/\"},\"sameAs\":[\"https:\/\/www.linkedin.com\/company\/25037162\/\",\"https:\/\/x.com\/GPSLatinAmerica\",\"https:\/\/www.instagram.com\/gpslatin\/\",\"https:\/\/www.youtube.com\/channel\/UCM2Qf0jSqNRJRkqmU8dO9QA\/videos\"]},{\"@type\":\"Person\",\"@id\":\"https:\/\/grupogpps.org\/#\/schema\/person\/faaafcd24616dff095821c72659ce41f\",\"name\":\"GPS GPS\",\"url\":\"https:\/\/grupogpps.org\/en\/author\/gps\/\"}]}<\/script>\n<!-- \/ Yoast SEO plugin. -->","yoast_head_json":{"title":"La variable ambiental en la evaluaci\u00f3n financiera - GPS","robots":{"index":"index","follow":"follow","max-snippet":"max-snippet:-1","max-image-preview":"max-image-preview:large","max-video-preview":"max-video-preview:-1"},"canonical":"https:\/\/grupogpps.org\/en\/la-variable-ambiental-en-la-evaluacion-financiera\/","og_locale":"en_GB","og_type":"article","og_title":"La variable ambiental en la evaluaci\u00f3n financiera - GPS","og_description":"Sabine Papendieck, Diciembre de 2022 Debido a la importancia que est\u00e1n cobrando las estrategias de reducci\u00f3n de emisiones a nivel global , las empresas consideran en menor o mayor medida el impacto de sus operaciones sobre el cambio clim\u00e1tico, la mitigaci\u00f3n asociada y los esfuerzos de adaptaci\u00f3n sobre sus estrategias y operaciones divulgando informaci\u00f3n relacionada [&hellip;]","og_url":"https:\/\/grupogpps.org\/en\/la-variable-ambiental-en-la-evaluacion-financiera\/","og_site_name":"GPS","article_publisher":"https:\/\/www.linkedin.com\/company\/25037162\/","article_published_time":"2022-12-27T17:39:02+00:00","article_modified_time":"2023-01-13T14:34:05+00:00","og_image":[{"width":860,"height":1138,"url":"https:\/\/grupogpps.org\/wp-content\/uploads\/2022\/12\/Captura-de-Pantalla-2022-12-27-a-las-14.42.10.png","type":"image\/png"}],"author":"GPS GPS","twitter_card":"summary_large_image","twitter_creator":"@GPSLatinAmerica","twitter_site":"@GPSLatinAmerica","twitter_misc":{"Written by":"GPS GPS","Estimated reading time":"1 minute"},"schema":{"@context":"https:\/\/schema.org","@graph":[{"@type":"Article","@id":"https:\/\/grupogpps.org\/la-variable-ambiental-en-la-evaluacion-financiera\/#article","isPartOf":{"@id":"https:\/\/grupogpps.org\/la-variable-ambiental-en-la-evaluacion-financiera\/"},"author":{"name":"GPS GPS","@id":"https:\/\/grupogpps.org\/#\/schema\/person\/faaafcd24616dff095821c72659ce41f"},"headline":"La variable ambiental en la evaluaci\u00f3n financiera","datePublished":"2022-12-27T17:39:02+00:00","dateModified":"2023-01-13T14:34:05+00:00","mainEntityOfPage":{"@id":"https:\/\/grupogpps.org\/la-variable-ambiental-en-la-evaluacion-financiera\/"},"wordCount":223,"publisher":{"@id":"https:\/\/grupogpps.org\/#organization"},"image":{"@id":"https:\/\/grupogpps.org\/la-variable-ambiental-en-la-evaluacion-financiera\/#primaryimage"},"thumbnailUrl":"https:\/\/grupogpps.org\/wp-content\/uploads\/2022\/12\/Captura-de-Pantalla-2022-12-27-a-las-14.42.10.png","keywords":["Agronegocios","Argentina","geopol\u00edtica de los alimentos","Inserci\u00f3n internacional"],"articleSection":["Documentos institucionales","Home","Publicaciones Home"],"inLanguage":"en-GB"},{"@type":"WebPage","@id":"https:\/\/grupogpps.org\/la-variable-ambiental-en-la-evaluacion-financiera\/","url":"https:\/\/grupogpps.org\/la-variable-ambiental-en-la-evaluacion-financiera\/","name":"La variable ambiental en la evaluaci\u00f3n financiera - GPS","isPartOf":{"@id":"https:\/\/grupogpps.org\/#website"},"primaryImageOfPage":{"@id":"https:\/\/grupogpps.org\/la-variable-ambiental-en-la-evaluacion-financiera\/#primaryimage"},"image":{"@id":"https:\/\/grupogpps.org\/la-variable-ambiental-en-la-evaluacion-financiera\/#primaryimage"},"thumbnailUrl":"https:\/\/grupogpps.org\/wp-content\/uploads\/2022\/12\/Captura-de-Pantalla-2022-12-27-a-las-14.42.10.png","datePublished":"2022-12-27T17:39:02+00:00","dateModified":"2023-01-13T14:34:05+00:00","breadcrumb":{"@id":"https:\/\/grupogpps.org\/la-variable-ambiental-en-la-evaluacion-financiera\/#breadcrumb"},"inLanguage":"en-GB","potentialAction":[{"@type":"ReadAction","target":["https:\/\/grupogpps.org\/la-variable-ambiental-en-la-evaluacion-financiera\/"]}]},{"@type":"ImageObject","inLanguage":"en-GB","@id":"https:\/\/grupogpps.org\/la-variable-ambiental-en-la-evaluacion-financiera\/#primaryimage","url":"https:\/\/grupogpps.org\/wp-content\/uploads\/2022\/12\/Captura-de-Pantalla-2022-12-27-a-las-14.42.10.png","contentUrl":"https:\/\/grupogpps.org\/wp-content\/uploads\/2022\/12\/Captura-de-Pantalla-2022-12-27-a-las-14.42.10.png","width":860,"height":1138},{"@type":"BreadcrumbList","@id":"https:\/\/grupogpps.org\/la-variable-ambiental-en-la-evaluacion-financiera\/#breadcrumb","itemListElement":[{"@type":"ListItem","position":1,"name":"Inicio","item":"https:\/\/grupogpps.org\/"},{"@type":"ListItem","position":2,"name":"La variable ambiental en la evaluaci\u00f3n financiera"}]},{"@type":"WebSite","@id":"https:\/\/grupogpps.org\/#website","url":"https:\/\/grupogpps.org\/","name":"GPS","description":"Grupo de pa\u00edses productores del sur","publisher":{"@id":"https:\/\/grupogpps.org\/#organization"},"potentialAction":[{"@type":"SearchAction","target":{"@type":"EntryPoint","urlTemplate":"https:\/\/grupogpps.org\/?s={search_term_string}"},"query-input":{"@type":"PropertyValueSpecification","valueRequired":true,"valueName":"search_term_string"}}],"inLanguage":"en-GB"},{"@type":"Organization","@id":"https:\/\/grupogpps.org\/#organization","name":"GPS - Grupo de pa\u00edses productores del sur","url":"https:\/\/grupogpps.org\/","logo":{"@type":"ImageObject","inLanguage":"en-GB","@id":"https:\/\/grupogpps.org\/#\/schema\/logo\/image\/","url":"http:\/\/grupogpps.org\/wp-content\/uploads\/2021\/06\/logoGPS3.svg","contentUrl":"http:\/\/grupogpps.org\/wp-content\/uploads\/2021\/06\/logoGPS3.svg","width":1,"height":1,"caption":"GPS - Grupo de pa\u00edses productores del sur"},"image":{"@id":"https:\/\/grupogpps.org\/#\/schema\/logo\/image\/"},"sameAs":["https:\/\/www.linkedin.com\/company\/25037162\/","https:\/\/x.com\/GPSLatinAmerica","https:\/\/www.instagram.com\/gpslatin\/","https:\/\/www.youtube.com\/channel\/UCM2Qf0jSqNRJRkqmU8dO9QA\/videos"]},{"@type":"Person","@id":"https:\/\/grupogpps.org\/#\/schema\/person\/faaafcd24616dff095821c72659ce41f","name":"GPS GPS","url":"https:\/\/grupogpps.org\/en\/author\/gps\/"}]}},"_links":{"self":[{"href":"https:\/\/grupogpps.org\/en\/wp-json\/wp\/v2\/posts\/4111","targetHints":{"allow":["GET"]}}],"collection":[{"href":"https:\/\/grupogpps.org\/en\/wp-json\/wp\/v2\/posts"}],"about":[{"href":"https:\/\/grupogpps.org\/en\/wp-json\/wp\/v2\/types\/post"}],"author":[{"embeddable":true,"href":"https:\/\/grupogpps.org\/en\/wp-json\/wp\/v2\/users\/2"}],"replies":[{"embeddable":true,"href":"https:\/\/grupogpps.org\/en\/wp-json\/wp\/v2\/comments?post=4111"}],"version-history":[{"count":2,"href":"https:\/\/grupogpps.org\/en\/wp-json\/wp\/v2\/posts\/4111\/revisions"}],"predecessor-version":[{"id":4124,"href":"https:\/\/grupogpps.org\/en\/wp-json\/wp\/v2\/posts\/4111\/revisions\/4124"}],"wp:featuredmedia":[{"embeddable":true,"href":"https:\/\/grupogpps.org\/en\/wp-json\/wp\/v2\/media\/4114"}],"wp:attachment":[{"href":"https:\/\/grupogpps.org\/en\/wp-json\/wp\/v2\/media?parent=4111"}],"wp:term":[{"taxonomy":"category","embeddable":true,"href":"https:\/\/grupogpps.org\/en\/wp-json\/wp\/v2\/categories?post=4111"},{"taxonomy":"post_tag","embeddable":true,"href":"https:\/\/grupogpps.org\/en\/wp-json\/wp\/v2\/tags?post=4111"}],"curies":[{"name":"wp","href":"https:\/\/api.w.org\/{rel}","templated":true}]}}