{"id":3774,"date":"2021-12-03T11:47:54","date_gmt":"2021-12-03T14:47:54","guid":{"rendered":"http:\/\/grupogpps.org\/?p=3774"},"modified":"2021-12-13T17:09:37","modified_gmt":"2021-12-13T20:09:37","slug":"miembros-de-la-red-gps-participan-de-una-publicacion-sobre-la-proxima-ministerial-de-la-omc-desde-una-perspectiva-latinoamericana","status":"publish","type":"post","link":"https:\/\/grupogpps.org\/en\/miembros-de-la-red-gps-participan-de-una-publicacion-sobre-la-proxima-ministerial-de-la-omc-desde-una-perspectiva-latinoamericana\/","title":{"rendered":"Members of the GPS network participate in a publication on the next WTO ministerial from a Latin American perspective"},"content":{"rendered":"<p>Valeria Pi\u00f1eiro, Mart\u00edn Pi\u00f1eiro, Adriana Campos Azofeita, Joseph Galuber, Nelson Illescas, David Laborde, Nicol\u00e1s Jorge, Sof\u00eda Perini, Agust\u00edn Tejeda, Cristian Morales Opaso, Regine Weber, Silvia Galvao, Eugenio Diaz Bonilla, Adriana Garc\u00eda Vargas, Pablo Elverdin, Sabine Papendieck, Eduardo Bianchi, Anabel Gonzalez y Antoine Bouet.<\/p>\n\n\n\n<p><strong>IFPRI-IICA, December 2021<\/strong><\/p>\n\n\n\n<p>The context in which international food trade takes place has changed considerably since the last Ministerial Conference (MC11) in 2017. Significant progress has not been achieved in many import-ant issues that are still pending on the organization\u2019s agenda. Moreover, geopolitical changes and the Covid-19 pandemic have drastically impacted the institutional priorities of countries and the WTO it-self. The global economy has substantially deteriorated over the past two years, with structural impacts in the areas of trade and food security, particularly for Latin America and the Caribbean (LAC). The multilateral trading system and its main organization, the WTO, have come under attack and are being discredited. The possibility of advancing towards coordinated solutions to major global issues through multilateral cooperation seems unlikely.Countries have adopted a wide range of strategic decisions to respond to the effects of this situation on international trade and agriculture. Many have revised their trade policies to adjust them to different scenarios with respect to food security and agricultural trade flows. The surge in commodity prices and a fear of food shortages have led some governments to apply restrictive measures that limit or tax agricultural exports. Other measures adopted include direct market interventions through public stock holdings, special safeguard mechanisms, and state trading enterprises. The adoption of these measures has triggered new debates on their effectiveness in reducing food insecurity and propelling the development of fair and transparent food markets.Regulations such as sustainability standards, access restrictions or domestic support measures must be transparent and aligned with WTO principles to avoid discretionary applications and discrimina-tory practices. Information transparency is key to access and develop new markets, especially under growing environmental scrutiny. Effective market access is crucial, not only for the development of agro-exporting countries (which prioritize this issue on their development agendas) but also for importing countries, as a means of guaranteeing food security and connecting main suppliers with buyers in regions facing food shortages.The WTO dispute settlement mechanism has become a strategic asset for developing countries, enabling them to continue expanding their agricultural exports and strengthening their position in the market. However, the current state of paralysis of the WTO Appellate Body has recently affected the institution\u2019s effectiveness in regulating and arbitrating conflicts in the area of food trade relations. Most importantly, the growth strategy of Latin American countries depends on the WTO and the legal order that it enforces; therefore, actively contributing to its modernization and prioritizing its success as part of their trade and foreign policies is of crucial importance.<\/p>\n\n\n\n<p>The document (in English) is available on the IICA and IFPRI pages and can be downloaded by following the link.<\/p>\n\n\n\n<div style=\"height:30px\" aria-hidden=\"true\" class=\"wp-block-spacer\"><\/div>\n\n\n\n<div class=\"wp-block-buttons is-content-justification-center is-layout-flex wp-block-buttons-is-layout-flex\">\n<div class=\"wp-block-button\"><a class=\"wp-block-button__link\" href=\"https:\/\/ebrary.ifpri.org\/digital\/collection\/p15738coll2\/id\/134771\" target=\"_blank\" rel=\"noreferrer noopener\">Access document (Document available in Spanish.)<\/a><\/div>\n<\/div>","protected":false},"excerpt":{"rendered":"<p>Valeria Pi\u00f1eiro, Mart\u00edn Pi\u00f1eiro, Adriana Campos Azofeita, Joseph Galuber, Nelson Illescas, David Laborde, Nicol\u00e1s Jorge, Sof\u00eda Perini, Agust\u00edn Tejeda, Cristian Morales Opaso, Regine Weber, Silvia Galvao, Eugenio Diaz Bonilla, Adriana Garc\u00eda Vargas, Pablo Elverdin, Sabine Papendieck, Eduardo Bianchi, Anabel Gonzalez y Antoine Bouet. IFPRI-IICA, Diciembre 2021 El contexto en el que se desarrolla el comercio [&hellip;]<\/p>","protected":false},"author":2,"featured_media":3775,"comment_status":"closed","ping_status":"closed","sticky":false,"template":"","format":"standard","meta":{"footnotes":""},"categories":[20,25,23],"tags":[],"class_list":["post-3774","post","type-post","status-publish","format-standard","has-post-thumbnail","hentry","category-contribuciones-de-la-red","category-home","category-novedades"],"yoast_head":"<!-- This site is optimized with the Yoast SEO plugin v26.8 - https:\/\/yoast.com\/product\/yoast-seo-wordpress\/ -->\n<title>Miembros de la red GPS participan de una publicaci\u00f3n sobre la pr\u00f3xima ministerial de la OMC desde una perspectiva latinoamericana - GPS<\/title>\n<meta name=\"robots\" content=\"index, follow, max-snippet:-1, max-image-preview:large, max-video-preview:-1\" \/>\n<link rel=\"canonical\" href=\"https:\/\/grupogpps.org\/en\/miembros-de-la-red-gps-participan-de-una-publicacion-sobre-la-proxima-ministerial-de-la-omc-desde-una-perspectiva-latinoamericana\/\" \/>\n<meta property=\"og:locale\" content=\"en_GB\" \/>\n<meta property=\"og:type\" content=\"article\" \/>\n<meta property=\"og:title\" content=\"Miembros de la red GPS participan de una publicaci\u00f3n sobre la pr\u00f3xima ministerial de la OMC desde una perspectiva latinoamericana - GPS\" \/>\n<meta property=\"og:description\" content=\"Valeria Pi\u00f1eiro, Mart\u00edn Pi\u00f1eiro, Adriana Campos Azofeita, Joseph Galuber, Nelson Illescas, David Laborde, Nicol\u00e1s Jorge, Sof\u00eda Perini, Agust\u00edn Tejeda, Cristian Morales Opaso, Regine Weber, Silvia Galvao, Eugenio Diaz Bonilla, Adriana Garc\u00eda Vargas, Pablo Elverdin, Sabine Papendieck, Eduardo Bianchi, Anabel Gonzalez y Antoine Bouet. IFPRI-IICA, Diciembre 2021 El contexto en el que se desarrolla el comercio [&hellip;]\" \/>\n<meta property=\"og:url\" content=\"https:\/\/grupogpps.org\/en\/miembros-de-la-red-gps-participan-de-una-publicacion-sobre-la-proxima-ministerial-de-la-omc-desde-una-perspectiva-latinoamericana\/\" \/>\n<meta property=\"og:site_name\" content=\"GPS\" \/>\n<meta property=\"article:publisher\" content=\"https:\/\/www.linkedin.com\/company\/25037162\/\" \/>\n<meta property=\"article:published_time\" content=\"2021-12-03T14:47:54+00:00\" \/>\n<meta property=\"article:modified_time\" content=\"2021-12-13T20:09:37+00:00\" \/>\n<meta property=\"og:image\" content=\"https:\/\/grupogpps.org\/wp-content\/uploads\/2021\/12\/Captura-de-Pantalla-2021-12-03-a-las-11.46.26.png\" \/>\n\t<meta property=\"og:image:width\" content=\"421\" \/>\n\t<meta property=\"og:image:height\" content=\"644\" \/>\n\t<meta property=\"og:image:type\" content=\"image\/png\" \/>\n<meta name=\"author\" content=\"GPS GPS\" \/>\n<meta name=\"twitter:card\" content=\"summary_large_image\" \/>\n<meta name=\"twitter:creator\" content=\"@GPSLatinAmerica\" \/>\n<meta name=\"twitter:site\" content=\"@GPSLatinAmerica\" \/>\n<meta name=\"twitter:label1\" content=\"Written by\" \/>\n\t<meta name=\"twitter:data1\" content=\"GPS GPS\" \/>\n\t<meta name=\"twitter:label2\" content=\"Estimated reading time\" \/>\n\t<meta name=\"twitter:data2\" content=\"3 minutes\" \/>\n<script type=\"application\/ld+json\" class=\"yoast-schema-graph\">{\"@context\":\"https:\/\/schema.org\",\"@graph\":[{\"@type\":\"Article\",\"@id\":\"https:\/\/grupogpps.org\/en\/miembros-de-la-red-gps-participan-de-una-publicacion-sobre-la-proxima-ministerial-de-la-omc-desde-una-perspectiva-latinoamericana\/#article\",\"isPartOf\":{\"@id\":\"https:\/\/grupogpps.org\/en\/miembros-de-la-red-gps-participan-de-una-publicacion-sobre-la-proxima-ministerial-de-la-omc-desde-una-perspectiva-latinoamericana\/\"},\"author\":{\"name\":\"GPS GPS\",\"@id\":\"https:\/\/grupogpps.org\/#\/schema\/person\/faaafcd24616dff095821c72659ce41f\"},\"headline\":\"Miembros de la red GPS participan de una publicaci\u00f3n sobre la pr\u00f3xima ministerial de la OMC desde una perspectiva latinoamericana\",\"datePublished\":\"2021-12-03T14:47:54+00:00\",\"dateModified\":\"2021-12-13T20:09:37+00:00\",\"mainEntityOfPage\":{\"@id\":\"https:\/\/grupogpps.org\/en\/miembros-de-la-red-gps-participan-de-una-publicacion-sobre-la-proxima-ministerial-de-la-omc-desde-una-perspectiva-latinoamericana\/\"},\"wordCount\":632,\"publisher\":{\"@id\":\"https:\/\/grupogpps.org\/#organization\"},\"image\":{\"@id\":\"https:\/\/grupogpps.org\/en\/miembros-de-la-red-gps-participan-de-una-publicacion-sobre-la-proxima-ministerial-de-la-omc-desde-una-perspectiva-latinoamericana\/#primaryimage\"},\"thumbnailUrl\":\"https:\/\/grupogpps.org\/wp-content\/uploads\/2021\/12\/Captura-de-Pantalla-2021-12-03-a-las-11.46.26.png\",\"articleSection\":[\"Contribuciones de la red\",\"Home\",\"Novedades\"],\"inLanguage\":\"en-GB\"},{\"@type\":\"WebPage\",\"@id\":\"https:\/\/grupogpps.org\/en\/miembros-de-la-red-gps-participan-de-una-publicacion-sobre-la-proxima-ministerial-de-la-omc-desde-una-perspectiva-latinoamericana\/\",\"url\":\"https:\/\/grupogpps.org\/en\/miembros-de-la-red-gps-participan-de-una-publicacion-sobre-la-proxima-ministerial-de-la-omc-desde-una-perspectiva-latinoamericana\/\",\"name\":\"Miembros de la red GPS participan de una publicaci\u00f3n sobre la pr\u00f3xima ministerial de la OMC desde una perspectiva latinoamericana - GPS\",\"isPartOf\":{\"@id\":\"https:\/\/grupogpps.org\/#website\"},\"primaryImageOfPage\":{\"@id\":\"https:\/\/grupogpps.org\/en\/miembros-de-la-red-gps-participan-de-una-publicacion-sobre-la-proxima-ministerial-de-la-omc-desde-una-perspectiva-latinoamericana\/#primaryimage\"},\"image\":{\"@id\":\"https:\/\/grupogpps.org\/en\/miembros-de-la-red-gps-participan-de-una-publicacion-sobre-la-proxima-ministerial-de-la-omc-desde-una-perspectiva-latinoamericana\/#primaryimage\"},\"thumbnailUrl\":\"https:\/\/grupogpps.org\/wp-content\/uploads\/2021\/12\/Captura-de-Pantalla-2021-12-03-a-las-11.46.26.png\",\"datePublished\":\"2021-12-03T14:47:54+00:00\",\"dateModified\":\"2021-12-13T20:09:37+00:00\",\"breadcrumb\":{\"@id\":\"https:\/\/grupogpps.org\/en\/miembros-de-la-red-gps-participan-de-una-publicacion-sobre-la-proxima-ministerial-de-la-omc-desde-una-perspectiva-latinoamericana\/#breadcrumb\"},\"inLanguage\":\"en-GB\",\"potentialAction\":[{\"@type\":\"ReadAction\",\"target\":[\"https:\/\/grupogpps.org\/en\/miembros-de-la-red-gps-participan-de-una-publicacion-sobre-la-proxima-ministerial-de-la-omc-desde-una-perspectiva-latinoamericana\/\"]}]},{\"@type\":\"ImageObject\",\"inLanguage\":\"en-GB\",\"@id\":\"https:\/\/grupogpps.org\/en\/miembros-de-la-red-gps-participan-de-una-publicacion-sobre-la-proxima-ministerial-de-la-omc-desde-una-perspectiva-latinoamericana\/#primaryimage\",\"url\":\"https:\/\/grupogpps.org\/wp-content\/uploads\/2021\/12\/Captura-de-Pantalla-2021-12-03-a-las-11.46.26.png\",\"contentUrl\":\"https:\/\/grupogpps.org\/wp-content\/uploads\/2021\/12\/Captura-de-Pantalla-2021-12-03-a-las-11.46.26.png\",\"width\":421,\"height\":644,\"caption\":\"geopol\u00edtica de los alimentos\"},{\"@type\":\"BreadcrumbList\",\"@id\":\"https:\/\/grupogpps.org\/en\/miembros-de-la-red-gps-participan-de-una-publicacion-sobre-la-proxima-ministerial-de-la-omc-desde-una-perspectiva-latinoamericana\/#breadcrumb\",\"itemListElement\":[{\"@type\":\"ListItem\",\"position\":1,\"name\":\"Inicio\",\"item\":\"https:\/\/grupogpps.org\/\"},{\"@type\":\"ListItem\",\"position\":2,\"name\":\"Miembros de la red GPS participan de una publicaci\u00f3n sobre la pr\u00f3xima ministerial de la OMC desde una perspectiva latinoamericana\"}]},{\"@type\":\"WebSite\",\"@id\":\"https:\/\/grupogpps.org\/#website\",\"url\":\"https:\/\/grupogpps.org\/\",\"name\":\"GPS\",\"description\":\"Grupo de pa\u00edses productores del sur\",\"publisher\":{\"@id\":\"https:\/\/grupogpps.org\/#organization\"},\"potentialAction\":[{\"@type\":\"SearchAction\",\"target\":{\"@type\":\"EntryPoint\",\"urlTemplate\":\"https:\/\/grupogpps.org\/?s={search_term_string}\"},\"query-input\":{\"@type\":\"PropertyValueSpecification\",\"valueRequired\":true,\"valueName\":\"search_term_string\"}}],\"inLanguage\":\"en-GB\"},{\"@type\":\"Organization\",\"@id\":\"https:\/\/grupogpps.org\/#organization\",\"name\":\"GPS - Grupo de pa\u00edses productores del sur\",\"url\":\"https:\/\/grupogpps.org\/\",\"logo\":{\"@type\":\"ImageObject\",\"inLanguage\":\"en-GB\",\"@id\":\"https:\/\/grupogpps.org\/#\/schema\/logo\/image\/\",\"url\":\"http:\/\/grupogpps.org\/wp-content\/uploads\/2021\/06\/logoGPS3.svg\",\"contentUrl\":\"http:\/\/grupogpps.org\/wp-content\/uploads\/2021\/06\/logoGPS3.svg\",\"width\":1,\"height\":1,\"caption\":\"GPS - Grupo de pa\u00edses productores del sur\"},\"image\":{\"@id\":\"https:\/\/grupogpps.org\/#\/schema\/logo\/image\/\"},\"sameAs\":[\"https:\/\/www.linkedin.com\/company\/25037162\/\",\"https:\/\/x.com\/GPSLatinAmerica\",\"https:\/\/www.instagram.com\/gpslatin\/\",\"https:\/\/www.youtube.com\/channel\/UCM2Qf0jSqNRJRkqmU8dO9QA\/videos\"]},{\"@type\":\"Person\",\"@id\":\"https:\/\/grupogpps.org\/#\/schema\/person\/faaafcd24616dff095821c72659ce41f\",\"name\":\"GPS GPS\",\"url\":\"https:\/\/grupogpps.org\/en\/author\/gps\/\"}]}<\/script>\n<!-- \/ Yoast SEO plugin. -->","yoast_head_json":{"title":"Miembros de la red GPS participan de una publicaci\u00f3n sobre la pr\u00f3xima ministerial de la OMC desde una perspectiva latinoamericana - GPS","robots":{"index":"index","follow":"follow","max-snippet":"max-snippet:-1","max-image-preview":"max-image-preview:large","max-video-preview":"max-video-preview:-1"},"canonical":"https:\/\/grupogpps.org\/en\/miembros-de-la-red-gps-participan-de-una-publicacion-sobre-la-proxima-ministerial-de-la-omc-desde-una-perspectiva-latinoamericana\/","og_locale":"en_GB","og_type":"article","og_title":"Miembros de la red GPS participan de una publicaci\u00f3n sobre la pr\u00f3xima ministerial de la OMC desde una perspectiva latinoamericana - GPS","og_description":"Valeria Pi\u00f1eiro, Mart\u00edn Pi\u00f1eiro, Adriana Campos Azofeita, Joseph Galuber, Nelson Illescas, David Laborde, Nicol\u00e1s Jorge, Sof\u00eda Perini, Agust\u00edn Tejeda, Cristian Morales Opaso, Regine Weber, Silvia Galvao, Eugenio Diaz Bonilla, Adriana Garc\u00eda Vargas, Pablo Elverdin, Sabine Papendieck, Eduardo Bianchi, Anabel Gonzalez y Antoine Bouet. IFPRI-IICA, Diciembre 2021 El contexto en el que se desarrolla el comercio [&hellip;]","og_url":"https:\/\/grupogpps.org\/en\/miembros-de-la-red-gps-participan-de-una-publicacion-sobre-la-proxima-ministerial-de-la-omc-desde-una-perspectiva-latinoamericana\/","og_site_name":"GPS","article_publisher":"https:\/\/www.linkedin.com\/company\/25037162\/","article_published_time":"2021-12-03T14:47:54+00:00","article_modified_time":"2021-12-13T20:09:37+00:00","og_image":[{"width":421,"height":644,"url":"https:\/\/grupogpps.org\/wp-content\/uploads\/2021\/12\/Captura-de-Pantalla-2021-12-03-a-las-11.46.26.png","type":"image\/png"}],"author":"GPS GPS","twitter_card":"summary_large_image","twitter_creator":"@GPSLatinAmerica","twitter_site":"@GPSLatinAmerica","twitter_misc":{"Written by":"GPS GPS","Estimated reading time":"3 minutes"},"schema":{"@context":"https:\/\/schema.org","@graph":[{"@type":"Article","@id":"https:\/\/grupogpps.org\/en\/miembros-de-la-red-gps-participan-de-una-publicacion-sobre-la-proxima-ministerial-de-la-omc-desde-una-perspectiva-latinoamericana\/#article","isPartOf":{"@id":"https:\/\/grupogpps.org\/en\/miembros-de-la-red-gps-participan-de-una-publicacion-sobre-la-proxima-ministerial-de-la-omc-desde-una-perspectiva-latinoamericana\/"},"author":{"name":"GPS GPS","@id":"https:\/\/grupogpps.org\/#\/schema\/person\/faaafcd24616dff095821c72659ce41f"},"headline":"Miembros de la red GPS participan de una publicaci\u00f3n sobre la pr\u00f3xima ministerial de la OMC desde una perspectiva latinoamericana","datePublished":"2021-12-03T14:47:54+00:00","dateModified":"2021-12-13T20:09:37+00:00","mainEntityOfPage":{"@id":"https:\/\/grupogpps.org\/en\/miembros-de-la-red-gps-participan-de-una-publicacion-sobre-la-proxima-ministerial-de-la-omc-desde-una-perspectiva-latinoamericana\/"},"wordCount":632,"publisher":{"@id":"https:\/\/grupogpps.org\/#organization"},"image":{"@id":"https:\/\/grupogpps.org\/en\/miembros-de-la-red-gps-participan-de-una-publicacion-sobre-la-proxima-ministerial-de-la-omc-desde-una-perspectiva-latinoamericana\/#primaryimage"},"thumbnailUrl":"https:\/\/grupogpps.org\/wp-content\/uploads\/2021\/12\/Captura-de-Pantalla-2021-12-03-a-las-11.46.26.png","articleSection":["Contribuciones de la red","Home","Novedades"],"inLanguage":"en-GB"},{"@type":"WebPage","@id":"https:\/\/grupogpps.org\/en\/miembros-de-la-red-gps-participan-de-una-publicacion-sobre-la-proxima-ministerial-de-la-omc-desde-una-perspectiva-latinoamericana\/","url":"https:\/\/grupogpps.org\/en\/miembros-de-la-red-gps-participan-de-una-publicacion-sobre-la-proxima-ministerial-de-la-omc-desde-una-perspectiva-latinoamericana\/","name":"Miembros de la red GPS participan de una publicaci\u00f3n sobre la pr\u00f3xima ministerial de la OMC desde una perspectiva latinoamericana - GPS","isPartOf":{"@id":"https:\/\/grupogpps.org\/#website"},"primaryImageOfPage":{"@id":"https:\/\/grupogpps.org\/en\/miembros-de-la-red-gps-participan-de-una-publicacion-sobre-la-proxima-ministerial-de-la-omc-desde-una-perspectiva-latinoamericana\/#primaryimage"},"image":{"@id":"https:\/\/grupogpps.org\/en\/miembros-de-la-red-gps-participan-de-una-publicacion-sobre-la-proxima-ministerial-de-la-omc-desde-una-perspectiva-latinoamericana\/#primaryimage"},"thumbnailUrl":"https:\/\/grupogpps.org\/wp-content\/uploads\/2021\/12\/Captura-de-Pantalla-2021-12-03-a-las-11.46.26.png","datePublished":"2021-12-03T14:47:54+00:00","dateModified":"2021-12-13T20:09:37+00:00","breadcrumb":{"@id":"https:\/\/grupogpps.org\/en\/miembros-de-la-red-gps-participan-de-una-publicacion-sobre-la-proxima-ministerial-de-la-omc-desde-una-perspectiva-latinoamericana\/#breadcrumb"},"inLanguage":"en-GB","potentialAction":[{"@type":"ReadAction","target":["https:\/\/grupogpps.org\/en\/miembros-de-la-red-gps-participan-de-una-publicacion-sobre-la-proxima-ministerial-de-la-omc-desde-una-perspectiva-latinoamericana\/"]}]},{"@type":"ImageObject","inLanguage":"en-GB","@id":"https:\/\/grupogpps.org\/en\/miembros-de-la-red-gps-participan-de-una-publicacion-sobre-la-proxima-ministerial-de-la-omc-desde-una-perspectiva-latinoamericana\/#primaryimage","url":"https:\/\/grupogpps.org\/wp-content\/uploads\/2021\/12\/Captura-de-Pantalla-2021-12-03-a-las-11.46.26.png","contentUrl":"https:\/\/grupogpps.org\/wp-content\/uploads\/2021\/12\/Captura-de-Pantalla-2021-12-03-a-las-11.46.26.png","width":421,"height":644,"caption":"geopol\u00edtica de los alimentos"},{"@type":"BreadcrumbList","@id":"https:\/\/grupogpps.org\/en\/miembros-de-la-red-gps-participan-de-una-publicacion-sobre-la-proxima-ministerial-de-la-omc-desde-una-perspectiva-latinoamericana\/#breadcrumb","itemListElement":[{"@type":"ListItem","position":1,"name":"Inicio","item":"https:\/\/grupogpps.org\/"},{"@type":"ListItem","position":2,"name":"Miembros de la red GPS participan de una publicaci\u00f3n sobre la pr\u00f3xima ministerial de la OMC desde una perspectiva latinoamericana"}]},{"@type":"WebSite","@id":"https:\/\/grupogpps.org\/#website","url":"https:\/\/grupogpps.org\/","name":"GPS","description":"Grupo de pa\u00edses productores del sur","publisher":{"@id":"https:\/\/grupogpps.org\/#organization"},"potentialAction":[{"@type":"SearchAction","target":{"@type":"EntryPoint","urlTemplate":"https:\/\/grupogpps.org\/?s={search_term_string}"},"query-input":{"@type":"PropertyValueSpecification","valueRequired":true,"valueName":"search_term_string"}}],"inLanguage":"en-GB"},{"@type":"Organization","@id":"https:\/\/grupogpps.org\/#organization","name":"GPS - Grupo de pa\u00edses productores del sur","url":"https:\/\/grupogpps.org\/","logo":{"@type":"ImageObject","inLanguage":"en-GB","@id":"https:\/\/grupogpps.org\/#\/schema\/logo\/image\/","url":"http:\/\/grupogpps.org\/wp-content\/uploads\/2021\/06\/logoGPS3.svg","contentUrl":"http:\/\/grupogpps.org\/wp-content\/uploads\/2021\/06\/logoGPS3.svg","width":1,"height":1,"caption":"GPS - Grupo de pa\u00edses productores del sur"},"image":{"@id":"https:\/\/grupogpps.org\/#\/schema\/logo\/image\/"},"sameAs":["https:\/\/www.linkedin.com\/company\/25037162\/","https:\/\/x.com\/GPSLatinAmerica","https:\/\/www.instagram.com\/gpslatin\/","https:\/\/www.youtube.com\/channel\/UCM2Qf0jSqNRJRkqmU8dO9QA\/videos"]},{"@type":"Person","@id":"https:\/\/grupogpps.org\/#\/schema\/person\/faaafcd24616dff095821c72659ce41f","name":"GPS GPS","url":"https:\/\/grupogpps.org\/en\/author\/gps\/"}]}},"_links":{"self":[{"href":"https:\/\/grupogpps.org\/en\/wp-json\/wp\/v2\/posts\/3774","targetHints":{"allow":["GET"]}}],"collection":[{"href":"https:\/\/grupogpps.org\/en\/wp-json\/wp\/v2\/posts"}],"about":[{"href":"https:\/\/grupogpps.org\/en\/wp-json\/wp\/v2\/types\/post"}],"author":[{"embeddable":true,"href":"https:\/\/grupogpps.org\/en\/wp-json\/wp\/v2\/users\/2"}],"replies":[{"embeddable":true,"href":"https:\/\/grupogpps.org\/en\/wp-json\/wp\/v2\/comments?post=3774"}],"version-history":[{"count":1,"href":"https:\/\/grupogpps.org\/en\/wp-json\/wp\/v2\/posts\/3774\/revisions"}],"predecessor-version":[{"id":3776,"href":"https:\/\/grupogpps.org\/en\/wp-json\/wp\/v2\/posts\/3774\/revisions\/3776"}],"wp:featuredmedia":[{"embeddable":true,"href":"https:\/\/grupogpps.org\/en\/wp-json\/wp\/v2\/media\/3775"}],"wp:attachment":[{"href":"https:\/\/grupogpps.org\/en\/wp-json\/wp\/v2\/media?parent=3774"}],"wp:term":[{"taxonomy":"category","embeddable":true,"href":"https:\/\/grupogpps.org\/en\/wp-json\/wp\/v2\/categories?post=3774"},{"taxonomy":"post_tag","embeddable":true,"href":"https:\/\/grupogpps.org\/en\/wp-json\/wp\/v2\/tags?post=3774"}],"curies":[{"name":"wp","href":"https:\/\/api.w.org\/{rel}","templated":true}]}}