{"id":3595,"date":"2021-08-24T20:11:19","date_gmt":"2021-08-24T23:11:19","guid":{"rendered":"http:\/\/grupogpps.org\/?p=3595"},"modified":"2021-09-14T17:28:04","modified_gmt":"2021-09-14T20:28:04","slug":"gps-participa-en-la-articulacion-regional-de-posiciones-frente-a-la-cumbre-de-sistemas-alimentarios-de-la-onu","status":"publish","type":"post","link":"https:\/\/grupogpps.org\/en\/gps-participa-en-la-articulacion-regional-de-posiciones-frente-a-la-cumbre-de-sistemas-alimentarios-de-la-onu\/","title":{"rendered":"GPS PARTICIPATES IN THE REGIONAL ARTICULATION OF POSITIONS IN FRONT OF THE UN FOOD SYSTEMS SUMMIT"},"content":{"rendered":"<p><strong>1. SOME BACKGROUND ON THE FOOD SYSTEMS SUMMIT<\/strong><\/p>\n\n\n\n<p>The World Summit on Food Systems, convened by the UN for September 2021, has been organized with a governance scheme that includes an Advisory Committee, a Scientific Group, technicians for the preparation of documents and consultations for five selected topics (5 Action Tracks) and other consultation and dissemination mechanisms. They can be consulted at this&nbsp;<a href=\"https:\/\/www.un.org\/en\/food-systems-summit\/leadership#scientific-group\" target=\"_blank\" rel=\"noreferrer noopener\">link<\/a><\/p>\n\n\n\n<p>All of them have been designed with almost no presence of the Latin American region, both in terms of the problems and the realities of local development in our region. Nor do they adequately reflect issues related to agri-food production and trade.<\/p>\n\n\n\n<p>For this reason, it was necessary to develop joint actions with the MERCOSUR and American countries so that the Summit considers our realities, our objectives, our opportunities and challenges to contribute to economic and social development, especially in the interior of the country.&nbsp;<\/p>\n\n\n\n<p>We understand that a fluid global trade, without barriers that are not supported by scientific information, is crucial to make viable the transformations of unsustainable food systems (of the EU and Asian countries), as well as to meet the needs of the countries. that do not have sufficient natural resources to satisfy their demand for food and need to import at the lowest possible cost. Currently world trade constitutes a significant percentage of world consumption and OECD-FAO projections for the next decade indicate that food imports will continue to be a critical component for consumption by net importing countries, especially in Asia, the Middle East and Africa.<\/p>\n\n\n\n<p>Likewise, a generic criticism is made of the global food system, without recognizing the transformations that have already been made in countries of the region, with the approach of \"sustainable intensification\", which allows increasing production with conservation systems; In other words, it contributes to food security with efficient and environmentally friendly production systems.&nbsp;<\/p>\n\n\n\n<p>Nor is sufficient importance assigned to R&amp;D developed without ideological limitations and to international cooperation in the matter, to contribute to increases in efficiency and resilience in developing countries. For this reason, it is considered necessary that the Summit incorporate the following aspects:<\/p>\n\n\n\n<ul class=\"wp-block-list\"><li>Importance of a global trading system without trade barriers not based on scientific support, to enable the change in the production systems of the countries that require it and to attend to world food security.<\/li><li>Importance of R&amp;D and international cooperation aimed at promoting: productivity increases, efficiency in the use of resources and their improvement, resilience, environmentally friendly technologies and the development of the circular economy.<\/li><li>The regulatory systems of the countries must have scientific bases, to avoid that for other reasons the technological developments that will contribute to increase productivity and global food security are limited.<\/li><li>Importance of the Region for increasing net exports with sustainable systems. Possibilities of international cooperation for other regions to incorporate the sustainable intensification systems developed in Argentina.&nbsp;<\/li><\/ul>\n\n\n\n<div style=\"height:20px\" aria-hidden=\"true\" class=\"wp-block-spacer\"><\/div>\n\n\n\n<p><strong>2. THE ROLE OF THE REGION AND THE DOCUMENTATION FOR THE SUMMIT<\/strong><\/p>\n\n\n\n<p>GPS actively participates in the coordination and harmonization of private sector actions at the regional level. The articulation of regional actions with a view to participation in the Summit is developed by IICA. Likewise, the Ministries of Foreign Affairs, in conjunction with those of Agriculture, in the different countries have promoted and articulated the mechanism of national dialogues envisaged by the Summit to survey and consult the positions of private actors.<\/p>\n\n\n\n<p>From GPS, a consultation process was carried out with private entities of the agricultural sector in Argentina, Brazil, USA and Canada. North American entities are also developing an agenda and preparing documents. The Presidents of MAIZALL, ISGA and ICTC are involved in these issues and in fact in the USA a national platform has been developed.<\/p>\n\n\n\n<p>GPS and its members have participated in the preparation of a series of events and documents, as well as in the events and national dialogues convened by the Ministries of each country in order to contribute to the strategic positioning of the region.<\/p>\n\n\n\n<p>Below we include the list of documentation of interest for the Summit.<\/p>\n\n\n\n<p>IICA documents and events<\/p>\n\n\n\n<p>Government documents and declarations<\/p>\n\n\n\n<p>Documents, events and declarations of regional institutions<\/p>\n\n\n\n<p>Documents available for the dissemination of the sustainability of regional and local food production systems<\/p>\n\n\n\n<p>Documents on the link between trade and food security<\/p>\n\n\n\n<div style=\"height:20px\" aria-hidden=\"true\" class=\"wp-block-spacer\"><\/div>\n\n\n\n<p>a. <strong>IICA DOCUMENTS AND EVENTS<\/strong><\/p>\n\n\n\n<ul class=\"wp-block-list\"><li><a href=\"https:\/\/iica.int\/es\/prensa\/noticias\/precumbre-de-sistemas-alimentarios-los-paises-de-las-americas-dan-una-contundente\" target=\"_blank\" rel=\"noreferrer noopener\">EARLY FOOD SYSTEMS: THE COUNTRIES OF THE AMERICAS GIVE A STRONG SAMPLE OF UNITY IN A GLOBAL FORUM ON THE FUTURE OF FOOD PRODUCTION (IICA, July 2021)<\/a><\/li><\/ul>\n\n\n\n<ul class=\"wp-block-list\"><li><a href=\"https:\/\/www.iica.int\/sites\/default\/files\/2021-06\/PR-2Cumbredelossistemasalimentarios2021.pdf\" target=\"_blank\" rel=\"noreferrer noopener\">\u201cMain messages on the way to the United Nations Summit on Food Systems, from the perspective of agriculture in the Americas\u201d (IICA, June 28, 2021)<\/a><\/li><\/ul>\n\n\n\n<ul class=\"wp-block-list\"><li>Webinar organized by IICA with the participation of GPS.&nbsp;<a href=\"https:\/\/iica.int\/es\/prensa\/eventos\/el-papel-de-los-cereales-y-las-semillas-oleaginosas-en-los-sistemas-alimentarios\" target=\"_blank\" rel=\"noreferrer noopener\">THE ROLE OF CEREALS AND OIL SEEDS IN SUSTAINABLE FOOD SYSTEMS: THE WESTERN HEMISPHERE OUTLOOK TOWARDS THE 2021 UNITED NATIONS FOOD SYSTEMS SUMMIT (April 2021)<\/a><\/li><\/ul>\n\n\n\n<ul class=\"wp-block-list\"><li><a href=\"https:\/\/sc-fss2021.org\/wp-content\/uploads\/2021\/03\/FSS_Brief_Bioeconomy_and_Food_Systems_Transformation.pdf\" target=\"_blank\" rel=\"noreferrer noopener\">\u201cThe Bioeconomy and Food Systems Transformation\u201d (Food Systems Summit Brief prepared by Research Partners of the Scientific Group for the Food Systems Summit, IICA-CABR, February 2021)<\/a><\/li><\/ul>\n\n\n\n<ul class=\"wp-block-list\"><li><a href=\"https:\/\/repositorio.iica.int\/bitstream\/handle\/11324\/17523\/5117-00.pdf?sequence=1&amp;isAllowed=y\" target=\"_blank\" rel=\"noreferrer noopener\">\u201cIICA in the 2021 UN Food Systems Summit\u201d (IICA, 2021)<\/a><\/li><\/ul>\n\n\n\n<div style=\"height:20px\" aria-hidden=\"true\" class=\"wp-block-spacer\"><\/div>\n\n\n\n<p>b. <strong>GOVERNMENT DOCUMENTS AND STATEMENTS<\/strong><\/p>\n\n\n\n<ul class=\"wp-block-list\"><li>The contributions of the national dialogues on the different topics can be accessed <a href=\"https:\/\/summitdialogues.org\/es\/explora-los-dialogos\/?dm_country=argentina,brazil,paraguay,uruguay&amp;dm_type=national\" data-type=\"URL\" data-id=\"https:\/\/summitdialogues.org\/es\/explora-los-dialogos\/?dm_country=argentina,brazil,paraguay,uruguay&amp;dm_type=national\" target=\"_blank\" rel=\"noreferrer noopener\">at<\/a><\/li><\/ul>\n\n\n\n<ul class=\"wp-block-list\"><li><a href=\"http:\/\/consejocas.org\/los-ministros-del-cas-presentaron-su-posicion-en-la-precumbre-de-sistemas-alimentarios\/\" target=\"_blank\" rel=\"noreferrer noopener\">Presentation of the Ministers of Agriculture of the region at the Pre-Summit in Rome (July 2021)<\/a><\/li><\/ul>\n\n\n\n<ul class=\"wp-block-list\"><li><a href=\"https:\/\/www.youtube.com\/watch?v=k-h1-qwMuBw\" target=\"_blank\" rel=\"noreferrer noopener\">Video of the Session on Trade of the Pre-Summit \"Harnessing the Contribution of International Agriculture Trade for Sustainable Food Systems\"<\/a><\/li><\/ul>\n\n\n\n<ul class=\"wp-block-list\"><li><a href=\"http:\/\/consejocas.org\/wp-content\/uploads\/2021\/05\/Declaracin-I.-Principios-y-valores-de-la-regin-para-la-produccin-de-alimentos-en-el-marco-del-Desarrollo-Sostenible.pdf\" target=\"_blank\" rel=\"noreferrer noopener\">Declaration of Ministers of Agriculture in the Southern Agricultural Council (May 2021)<\/a><\/li><\/ul>\n\n\n\n<ul class=\"wp-block-list\"><li><a href=\"https:\/\/docs.wto.org\/dol2fe\/Pages\/SS\/directdoc.aspx?filename=q:\/G\/AG\/GEN186.pdf&amp;Open=True\" target=\"_blank\" rel=\"noreferrer noopener\">Joint declaration of food producing countries to the WTO (May 2021)<\/a><\/li><\/ul>\n\n\n\n<div style=\"height:20px\" aria-hidden=\"true\" class=\"wp-block-spacer\"><\/div>\n\n\n\n<p>c. <strong>DOCUMENTS AND DECLARATIONS OF INSTITUTIONS OF THE REGION<\/strong><\/p>\n\n\n\n<ul class=\"wp-block-list\"><li><a href=\"https:\/\/docs.wto.org\/dol2fe\/Pages\/SS\/directdoc.aspx?filename=q:\/G\/AG\/GEN186.pdf&amp;Open=True\" target=\"_blank\" rel=\"noreferrer noopener\">MAIZALL contribution to the UN Food Systems Summit (mayo 2021)<\/a><\/li><\/ul>\n\n\n\n<ul class=\"wp-block-list\"><li><a href=\"https:\/\/naega.org\/wp-content\/uploads\/2021\/06\/NAEGA-Statement-on-Crosscutting-Trade-Investment-and-Security-for-Food-Systems-as-of-6-9-21.pdf\" target=\"_blank\" rel=\"noreferrer noopener\">NAEGA Statement on the United Nations Food Systems Summit (June 2021)<\/a><\/li><\/ul>\n\n\n\n<ul class=\"wp-block-list\"><li><a href=\"https:\/\/www.worldseed.org\/wp-content\/uploads\/2021\/03\/Seed-sector-declaration-UN-FSS-Spanish.pdf\" target=\"_blank\" rel=\"noreferrer noopener\">International Seed Federation - Declaration in front of the Summit on Food Systems (December 2020)<\/a><\/li><\/ul>\n\n\n\n<div style=\"height:20px\" aria-hidden=\"true\" class=\"wp-block-spacer\"><\/div>\n\n\n\n<p>d. <strong>DOCUMENTS AVAILABLE FOR DISSEMINATION ON SUSTAINABILITY OF REGIONAL AND LOCAL FOOD PRODUCTION SYSTEMS<\/strong><\/p>\n\n\n\n<ul class=\"wp-block-list\"><li><a href=\"https:\/\/read.oecd-ilibrary.org\/agriculture-and-food\/making-better-policies-for-food-systems_ddfba4de-en#page2\">\u201cMaking Better Policies for Food Systems\u201d (OECD, January 2021)<\/a><\/li><\/ul>\n\n\n\n<ul class=\"wp-block-list\"><li><a href=\"https:\/\/www.bolsadecereales.com\/imagenes\/retaa\/2021-02\/219-retaamensualn41-practicasambientales.pdf\" target=\"_blank\" rel=\"noreferrer noopener\">\"ENVIRONMENTAL PRACTICES IN ARGENTINE AGRICULTURAL PRODUCTION\" (Buenos Aires Cereal Exchange, February 2021).<\/a><\/li><\/ul>\n\n\n\n<ul class=\"wp-block-list\"><li><a href=\"https:\/\/observatoriocts.oei.org.ar\/wp-content\/uploads\/2021\/02\/Papeles-19-Web-VERSION-FINAL.pdf\" target=\"_blank\" rel=\"noreferrer noopener\">\"The potential of plant breeding in the search for food security sustainability\" (Organization of Ibero-American States, February 2021)<\/a><\/li><\/ul>\n\n\n\n<ul class=\"wp-block-list\"><li><a href=\"https:\/grupogpps.org\/wp-content\/uploads\/2021\/08\/Descripcion-de-la-agricultura-Argentina.-AACREA-AAPRESID.pdf\" data-type=\"URL\" data-id=\"https:\/grupogpps.org\/wp-content\/uploads\/2021\/08\/Descripcion-de-la-agricultura-Argentina.-AACREA-AAPRESID.pdf\" target=\"_blank\" rel=\"noreferrer noopener\">\"Evolution of Argentine extensive agriculture towards a sustainable production system\" (AACREA-AAPRESID-GPS, July 2021)<\/a><\/li><\/ul>\n\n\n\n<ul class=\"wp-block-list\"><li><a href=\"https:\/\/croplifebrasil.org\/noticias\/atlas-do-agronegocio-brasileiro\/\" target=\"_blank\" rel=\"noreferrer noopener\">\"Atlas do Agroneg\u00f3cio Brasileiro: Uma Jornada Sustent\u00e1vel\" (Croplife Brasil, June 2021)<\/a><\/li><\/ul>\n\n\n\n<ul class=\"wp-block-list\"><li><a href=\"http:\/\/www.fao.org\/fileadmin\/user_upload\/GSP\/GSOCseq\/Argentina_SOC_SequestrationPotentialNationalMap.pdf\" target=\"_blank\" rel=\"noreferrer noopener\">\"Argentina: Soil Organic Carbon Sequestration Potential National Map\" (FAO, 2021)<\/a><\/li><\/ul>\n\n\n\n<ul class=\"wp-block-list\"><li><a href=\"https:\/\/www.ifpri.org\/publication\/agricultural-development-new-perspectives-changing-world\" target=\"_blank\" rel=\"noreferrer noopener\">\u201cAgricultural Development. New perspectives in a changing world \u201d(IFPRI, 2021)<\/a><\/li><\/ul>\n\n\n\n<ul class=\"wp-block-list\"><li><a href=\"http:\/\/grupogpps.org\/en\/diagnostico-y-megatendencias-ambientales-del-sector-agropecuario-en-la-region-mercosur\/\" target=\"_blank\" rel=\"noreferrer noopener\">\u201cDiagnosis and environmental megatrends of the agricultural sector in the MERCOSUR Region\u201d (E. Viglizzo, June 2021).<\/a>.<\/li><\/ul>\n\n\n\n<ul class=\"wp-block-list\"><li><a href=\"https:\/\/foodsustainability.eiu.com\/blogs\/policies-are-crucial-for-food-system-transformation\/\" target=\"_blank\" rel=\"noreferrer noopener\">\u201cPolicies are crucial for food system transformation\u201d (Johan Swinnen, IFPRI, 2021)<\/a><\/li><\/ul>\n\n\n\n<ul class=\"wp-block-list\"><li><a href=\"http:\/\/grupogpps.org\/en\/la-conferencia-de-las-naciones-unidas-sobre-los-sistemas-alimentarios-un-desafio-para-el-mercosur\/\" target=\"_blank\" rel=\"noreferrer noopener\">\"The United Nations Conference on food systems: a challenge for Mercosur\" (Mart\u00edn Pi\u00f1eiro, June 2021)<\/a><\/li><\/ul>\n\n\n\n<ul class=\"wp-block-list\"><li><a href=\"http:\/\/grupogpps.org\/en\/gps-participo-en-el-congreso-de-aapresid\/\" target=\"_blank\" rel=\"noreferrer noopener\">Presentations by Marcelo Reg\u00fagana (GPS), Gustavo Id\u00edgoras (CIARA-CEC) and Marcos Jank (INSPER) (AAPRESID Congress, August 2021)<\/a><\/li><\/ul>\n\n\n\n<div style=\"height:20px\" aria-hidden=\"true\" class=\"wp-block-spacer\"><\/div>\n\n\n\n<p>e. <strong>DOCUMENTS ON THE LINK BETWEEN TRADE AND FOOD SECURITY<\/strong><\/p>\n\n\n\n<ul class=\"wp-block-list\"><li><a href=\"http:\/\/grupogpps.org\/wp-content\/uploads\/2021\/09\/Pineiro-et-al-El-Sistema-alimentario-global-...TESEO9789877233025_613bb01e0c9b3.pdf\">El sistema alimentario global. Una perspectiva de Am\u00e9rica Latina (Pi\u00f1eiro M. y otros, TESEO-CARI-GPS, Septiembre de 2021)<\/a><\/li><\/ul>\n\n\n\n<ul class=\"wp-block-list\"><li><a rel=\"noreferrer noopener\" href=\"https:\/\/www.iisd.org\/publications\/trade-policy-address-food-system-shocks\" target=\"_blank\">\u201cHow Could Trade Policy Better Address Food System Shocks?\u201d\u00a0(J. Hepburn et al,\u00a0IISD, Marzo 2021)<\/a><\/li><\/ul>\n\n\n\n<ul class=\"wp-block-list\"><li><a href=\"http:\/\/inai.org.ar\/el-comercio-como-medio-para-viabilizar-la-trasformacion-de-los-sistemas-alimentarios\/\" target=\"_blank\" rel=\"noreferrer noopener\">\"Trade as a means to enable the transformation of food systems\" (N. Illescas, M. Reg\u00fanaga and A. Tejeda, INAI, May 2021)<\/a><\/li><\/ul>\n\n\n\n<ul class=\"wp-block-list\"><li><a href=\"https:\/\/www.oecd.org\/newsroom\/OECD-G7-Report-Fostering-Economic-Resilience-in-a-World-of-Open-and-Integrated-Markets.pdf\" target=\"_blank\" rel=\"noreferrer noopener\">\u201cFOSTERING ECONOMIC RESILIENCE IN A WORLD OF OPEN AND INTEGRATED MARKETS.  RISKS, VULNERABILITIES AND AREAS FOR POLICY ACTION\u201d (REPORT PREPARED FOR THE 2021 UK PRESIDENCY OF THE G7, OECD, 2021)<\/a><\/li><\/ul>\n\n\n\n<p><\/p>","protected":false},"excerpt":{"rendered":"<p>1. ALGUNOS ANTECEDENTES SOBRE LA CUMBRE DE SISTEMAS ALIMENTARIOS La Cumbre Mundial de Sistemas Alimentarios, convocada por la ONU para septiembre de 2021, se ha organizado con un esquema de gobernanza que incluye un Comit\u00e9 Asesor, un Grupo Cient\u00edfico, t\u00e9cnicos para la preparaci\u00f3n de documentos y consultas para cinco temas seleccionados (5 Action Tracks) y [&hellip;]<\/p>","protected":false},"author":2,"featured_media":3415,"comment_status":"open","ping_status":"closed","sticky":false,"template":"","format":"standard","meta":{"footnotes":""},"categories":[19,58,25,23],"tags":[],"class_list":["post-3595","post","type-post","status-publish","format-standard","has-post-thumbnail","hentry","category-actividades","category-eventos","category-home","category-novedades"],"yoast_head":"<!-- This site is optimized with the Yoast SEO plugin v26.8 - https:\/\/yoast.com\/product\/yoast-seo-wordpress\/ -->\n<title>GPS participa en la articulaci\u00f3n regional de posiciones frente a la Cumbre de Sistemas Alimentarios de la ONU - GPS<\/title>\n<meta name=\"robots\" content=\"index, follow, max-snippet:-1, max-image-preview:large, max-video-preview:-1\" \/>\n<link rel=\"canonical\" href=\"https:\/\/grupogpps.org\/en\/gps-participa-en-la-articulacion-regional-de-posiciones-frente-a-la-cumbre-de-sistemas-alimentarios-de-la-onu\/\" \/>\n<meta property=\"og:locale\" content=\"en_GB\" \/>\n<meta property=\"og:type\" content=\"article\" \/>\n<meta property=\"og:title\" content=\"GPS participa en la articulaci\u00f3n regional de posiciones frente a la Cumbre de Sistemas Alimentarios de la ONU - GPS\" \/>\n<meta property=\"og:description\" content=\"1. ALGUNOS ANTECEDENTES SOBRE LA CUMBRE DE SISTEMAS ALIMENTARIOS La Cumbre Mundial de Sistemas Alimentarios, convocada por la ONU para septiembre de 2021, se ha organizado con un esquema de gobernanza que incluye un Comit\u00e9 Asesor, un Grupo Cient\u00edfico, t\u00e9cnicos para la preparaci\u00f3n de documentos y consultas para cinco temas seleccionados (5 Action Tracks) y [&hellip;]\" \/>\n<meta property=\"og:url\" content=\"https:\/\/grupogpps.org\/en\/gps-participa-en-la-articulacion-regional-de-posiciones-frente-a-la-cumbre-de-sistemas-alimentarios-de-la-onu\/\" \/>\n<meta property=\"og:site_name\" content=\"GPS\" \/>\n<meta property=\"article:publisher\" content=\"https:\/\/www.linkedin.com\/company\/25037162\/\" \/>\n<meta property=\"article:published_time\" content=\"2021-08-24T23:11:19+00:00\" \/>\n<meta property=\"article:modified_time\" content=\"2021-09-14T20:28:04+00:00\" \/>\n<meta property=\"og:image\" content=\"https:\/\/grupogpps.org\/wp-content\/uploads\/2021\/07\/LA-CONFERENCIA-DE-LAS-NACIONES-UNIDAS-SOBRE-LOS-SISTEMAS.jpg\" \/>\n\t<meta property=\"og:image:width\" content=\"760\" \/>\n\t<meta property=\"og:image:height\" content=\"400\" \/>\n\t<meta property=\"og:image:type\" content=\"image\/jpeg\" \/>\n<meta name=\"author\" content=\"GPS GPS\" \/>\n<meta name=\"twitter:card\" content=\"summary_large_image\" \/>\n<meta name=\"twitter:creator\" content=\"@GPSLatinAmerica\" \/>\n<meta name=\"twitter:site\" content=\"@GPSLatinAmerica\" \/>\n<meta name=\"twitter:label1\" content=\"Written by\" \/>\n\t<meta name=\"twitter:data1\" content=\"GPS GPS\" \/>\n\t<meta name=\"twitter:label2\" content=\"Estimated reading time\" \/>\n\t<meta name=\"twitter:data2\" content=\"7 minutes\" \/>\n<script type=\"application\/ld+json\" class=\"yoast-schema-graph\">{\"@context\":\"https:\/\/schema.org\",\"@graph\":[{\"@type\":\"Article\",\"@id\":\"https:\/\/grupogpps.org\/pt\/gps-participa-en-la-articulacion-regional-de-posiciones-frente-a-la-cumbre-de-sistemas-alimentarios-de-la-onu\/#article\",\"isPartOf\":{\"@id\":\"https:\/\/grupogpps.org\/pt\/gps-participa-en-la-articulacion-regional-de-posiciones-frente-a-la-cumbre-de-sistemas-alimentarios-de-la-onu\/\"},\"author\":{\"name\":\"GPS GPS\",\"@id\":\"https:\/\/grupogpps.org\/#\/schema\/person\/faaafcd24616dff095821c72659ce41f\"},\"headline\":\"GPS participa en la articulaci\u00f3n regional de posiciones frente a la Cumbre de Sistemas Alimentarios de la ONU\",\"datePublished\":\"2021-08-24T23:11:19+00:00\",\"dateModified\":\"2021-09-14T20:28:04+00:00\",\"mainEntityOfPage\":{\"@id\":\"https:\/\/grupogpps.org\/pt\/gps-participa-en-la-articulacion-regional-de-posiciones-frente-a-la-cumbre-de-sistemas-alimentarios-de-la-onu\/\"},\"wordCount\":1383,\"commentCount\":0,\"publisher\":{\"@id\":\"https:\/\/grupogpps.org\/#organization\"},\"image\":{\"@id\":\"https:\/\/grupogpps.org\/pt\/gps-participa-en-la-articulacion-regional-de-posiciones-frente-a-la-cumbre-de-sistemas-alimentarios-de-la-onu\/#primaryimage\"},\"thumbnailUrl\":\"https:\/\/grupogpps.org\/wp-content\/uploads\/2021\/07\/LA-CONFERENCIA-DE-LAS-NACIONES-UNIDAS-SOBRE-LOS-SISTEMAS.jpg\",\"articleSection\":[\"Actividades\",\"Eventos\",\"Home\",\"Novedades\"],\"inLanguage\":\"en-GB\",\"potentialAction\":[{\"@type\":\"CommentAction\",\"name\":\"Comment\",\"target\":[\"https:\/\/grupogpps.org\/pt\/gps-participa-en-la-articulacion-regional-de-posiciones-frente-a-la-cumbre-de-sistemas-alimentarios-de-la-onu\/#respond\"]}]},{\"@type\":\"WebPage\",\"@id\":\"https:\/\/grupogpps.org\/pt\/gps-participa-en-la-articulacion-regional-de-posiciones-frente-a-la-cumbre-de-sistemas-alimentarios-de-la-onu\/\",\"url\":\"https:\/\/grupogpps.org\/pt\/gps-participa-en-la-articulacion-regional-de-posiciones-frente-a-la-cumbre-de-sistemas-alimentarios-de-la-onu\/\",\"name\":\"GPS participa en la articulaci\u00f3n regional de posiciones frente a la Cumbre de Sistemas Alimentarios de la ONU - GPS\",\"isPartOf\":{\"@id\":\"https:\/\/grupogpps.org\/#website\"},\"primaryImageOfPage\":{\"@id\":\"https:\/\/grupogpps.org\/pt\/gps-participa-en-la-articulacion-regional-de-posiciones-frente-a-la-cumbre-de-sistemas-alimentarios-de-la-onu\/#primaryimage\"},\"image\":{\"@id\":\"https:\/\/grupogpps.org\/pt\/gps-participa-en-la-articulacion-regional-de-posiciones-frente-a-la-cumbre-de-sistemas-alimentarios-de-la-onu\/#primaryimage\"},\"thumbnailUrl\":\"https:\/\/grupogpps.org\/wp-content\/uploads\/2021\/07\/LA-CONFERENCIA-DE-LAS-NACIONES-UNIDAS-SOBRE-LOS-SISTEMAS.jpg\",\"datePublished\":\"2021-08-24T23:11:19+00:00\",\"dateModified\":\"2021-09-14T20:28:04+00:00\",\"breadcrumb\":{\"@id\":\"https:\/\/grupogpps.org\/pt\/gps-participa-en-la-articulacion-regional-de-posiciones-frente-a-la-cumbre-de-sistemas-alimentarios-de-la-onu\/#breadcrumb\"},\"inLanguage\":\"en-GB\",\"potentialAction\":[{\"@type\":\"ReadAction\",\"target\":[\"https:\/\/grupogpps.org\/pt\/gps-participa-en-la-articulacion-regional-de-posiciones-frente-a-la-cumbre-de-sistemas-alimentarios-de-la-onu\/\"]}]},{\"@type\":\"ImageObject\",\"inLanguage\":\"en-GB\",\"@id\":\"https:\/\/grupogpps.org\/pt\/gps-participa-en-la-articulacion-regional-de-posiciones-frente-a-la-cumbre-de-sistemas-alimentarios-de-la-onu\/#primaryimage\",\"url\":\"https:\/\/grupogpps.org\/wp-content\/uploads\/2021\/07\/LA-CONFERENCIA-DE-LAS-NACIONES-UNIDAS-SOBRE-LOS-SISTEMAS.jpg\",\"contentUrl\":\"https:\/\/grupogpps.org\/wp-content\/uploads\/2021\/07\/LA-CONFERENCIA-DE-LAS-NACIONES-UNIDAS-SOBRE-LOS-SISTEMAS.jpg\",\"width\":760,\"height\":400,\"caption\":\"LA CONFERENCIA DE LAS NACIONES UNIDAS SOBRE LOS SISTEMAS\"},{\"@type\":\"BreadcrumbList\",\"@id\":\"https:\/\/grupogpps.org\/pt\/gps-participa-en-la-articulacion-regional-de-posiciones-frente-a-la-cumbre-de-sistemas-alimentarios-de-la-onu\/#breadcrumb\",\"itemListElement\":[{\"@type\":\"ListItem\",\"position\":1,\"name\":\"Inicio\",\"item\":\"https:\/\/grupogpps.org\/\"},{\"@type\":\"ListItem\",\"position\":2,\"name\":\"GPS participa en la articulaci\u00f3n regional de posiciones frente a la Cumbre de Sistemas Alimentarios de la ONU\"}]},{\"@type\":\"WebSite\",\"@id\":\"https:\/\/grupogpps.org\/#website\",\"url\":\"https:\/\/grupogpps.org\/\",\"name\":\"GPS\",\"description\":\"Grupo de pa\u00edses productores del sur\",\"publisher\":{\"@id\":\"https:\/\/grupogpps.org\/#organization\"},\"potentialAction\":[{\"@type\":\"SearchAction\",\"target\":{\"@type\":\"EntryPoint\",\"urlTemplate\":\"https:\/\/grupogpps.org\/?s={search_term_string}\"},\"query-input\":{\"@type\":\"PropertyValueSpecification\",\"valueRequired\":true,\"valueName\":\"search_term_string\"}}],\"inLanguage\":\"en-GB\"},{\"@type\":\"Organization\",\"@id\":\"https:\/\/grupogpps.org\/#organization\",\"name\":\"GPS - Grupo de pa\u00edses productores del sur\",\"url\":\"https:\/\/grupogpps.org\/\",\"logo\":{\"@type\":\"ImageObject\",\"inLanguage\":\"en-GB\",\"@id\":\"https:\/\/grupogpps.org\/#\/schema\/logo\/image\/\",\"url\":\"http:\/\/grupogpps.org\/wp-content\/uploads\/2021\/06\/logoGPS3.svg\",\"contentUrl\":\"http:\/\/grupogpps.org\/wp-content\/uploads\/2021\/06\/logoGPS3.svg\",\"width\":1,\"height\":1,\"caption\":\"GPS - Grupo de pa\u00edses productores del sur\"},\"image\":{\"@id\":\"https:\/\/grupogpps.org\/#\/schema\/logo\/image\/\"},\"sameAs\":[\"https:\/\/www.linkedin.com\/company\/25037162\/\",\"https:\/\/x.com\/GPSLatinAmerica\",\"https:\/\/www.instagram.com\/gpslatin\/\",\"https:\/\/www.youtube.com\/channel\/UCM2Qf0jSqNRJRkqmU8dO9QA\/videos\"]},{\"@type\":\"Person\",\"@id\":\"https:\/\/grupogpps.org\/#\/schema\/person\/faaafcd24616dff095821c72659ce41f\",\"name\":\"GPS GPS\",\"url\":\"https:\/\/grupogpps.org\/en\/author\/gps\/\"}]}<\/script>\n<!-- \/ Yoast SEO plugin. -->","yoast_head_json":{"title":"GPS participa en la articulaci\u00f3n regional de posiciones frente a la Cumbre de Sistemas Alimentarios de la ONU - GPS","robots":{"index":"index","follow":"follow","max-snippet":"max-snippet:-1","max-image-preview":"max-image-preview:large","max-video-preview":"max-video-preview:-1"},"canonical":"https:\/\/grupogpps.org\/en\/gps-participa-en-la-articulacion-regional-de-posiciones-frente-a-la-cumbre-de-sistemas-alimentarios-de-la-onu\/","og_locale":"en_GB","og_type":"article","og_title":"GPS participa en la articulaci\u00f3n regional de posiciones frente a la Cumbre de Sistemas Alimentarios de la ONU - GPS","og_description":"1. ALGUNOS ANTECEDENTES SOBRE LA CUMBRE DE SISTEMAS ALIMENTARIOS La Cumbre Mundial de Sistemas Alimentarios, convocada por la ONU para septiembre de 2021, se ha organizado con un esquema de gobernanza que incluye un Comit\u00e9 Asesor, un Grupo Cient\u00edfico, t\u00e9cnicos para la preparaci\u00f3n de documentos y consultas para cinco temas seleccionados (5 Action Tracks) y [&hellip;]","og_url":"https:\/\/grupogpps.org\/en\/gps-participa-en-la-articulacion-regional-de-posiciones-frente-a-la-cumbre-de-sistemas-alimentarios-de-la-onu\/","og_site_name":"GPS","article_publisher":"https:\/\/www.linkedin.com\/company\/25037162\/","article_published_time":"2021-08-24T23:11:19+00:00","article_modified_time":"2021-09-14T20:28:04+00:00","og_image":[{"width":760,"height":400,"url":"https:\/\/grupogpps.org\/wp-content\/uploads\/2021\/07\/LA-CONFERENCIA-DE-LAS-NACIONES-UNIDAS-SOBRE-LOS-SISTEMAS.jpg","type":"image\/jpeg"}],"author":"GPS GPS","twitter_card":"summary_large_image","twitter_creator":"@GPSLatinAmerica","twitter_site":"@GPSLatinAmerica","twitter_misc":{"Written by":"GPS GPS","Estimated reading time":"7 minutes"},"schema":{"@context":"https:\/\/schema.org","@graph":[{"@type":"Article","@id":"https:\/\/grupogpps.org\/pt\/gps-participa-en-la-articulacion-regional-de-posiciones-frente-a-la-cumbre-de-sistemas-alimentarios-de-la-onu\/#article","isPartOf":{"@id":"https:\/\/grupogpps.org\/pt\/gps-participa-en-la-articulacion-regional-de-posiciones-frente-a-la-cumbre-de-sistemas-alimentarios-de-la-onu\/"},"author":{"name":"GPS GPS","@id":"https:\/\/grupogpps.org\/#\/schema\/person\/faaafcd24616dff095821c72659ce41f"},"headline":"GPS participa en la articulaci\u00f3n regional de posiciones frente a la Cumbre de Sistemas Alimentarios de la ONU","datePublished":"2021-08-24T23:11:19+00:00","dateModified":"2021-09-14T20:28:04+00:00","mainEntityOfPage":{"@id":"https:\/\/grupogpps.org\/pt\/gps-participa-en-la-articulacion-regional-de-posiciones-frente-a-la-cumbre-de-sistemas-alimentarios-de-la-onu\/"},"wordCount":1383,"commentCount":0,"publisher":{"@id":"https:\/\/grupogpps.org\/#organization"},"image":{"@id":"https:\/\/grupogpps.org\/pt\/gps-participa-en-la-articulacion-regional-de-posiciones-frente-a-la-cumbre-de-sistemas-alimentarios-de-la-onu\/#primaryimage"},"thumbnailUrl":"https:\/\/grupogpps.org\/wp-content\/uploads\/2021\/07\/LA-CONFERENCIA-DE-LAS-NACIONES-UNIDAS-SOBRE-LOS-SISTEMAS.jpg","articleSection":["Actividades","Eventos","Home","Novedades"],"inLanguage":"en-GB","potentialAction":[{"@type":"CommentAction","name":"Comment","target":["https:\/\/grupogpps.org\/pt\/gps-participa-en-la-articulacion-regional-de-posiciones-frente-a-la-cumbre-de-sistemas-alimentarios-de-la-onu\/#respond"]}]},{"@type":"WebPage","@id":"https:\/\/grupogpps.org\/pt\/gps-participa-en-la-articulacion-regional-de-posiciones-frente-a-la-cumbre-de-sistemas-alimentarios-de-la-onu\/","url":"https:\/\/grupogpps.org\/pt\/gps-participa-en-la-articulacion-regional-de-posiciones-frente-a-la-cumbre-de-sistemas-alimentarios-de-la-onu\/","name":"GPS participa en la articulaci\u00f3n regional de posiciones frente a la Cumbre de Sistemas Alimentarios de la ONU - GPS","isPartOf":{"@id":"https:\/\/grupogpps.org\/#website"},"primaryImageOfPage":{"@id":"https:\/\/grupogpps.org\/pt\/gps-participa-en-la-articulacion-regional-de-posiciones-frente-a-la-cumbre-de-sistemas-alimentarios-de-la-onu\/#primaryimage"},"image":{"@id":"https:\/\/grupogpps.org\/pt\/gps-participa-en-la-articulacion-regional-de-posiciones-frente-a-la-cumbre-de-sistemas-alimentarios-de-la-onu\/#primaryimage"},"thumbnailUrl":"https:\/\/grupogpps.org\/wp-content\/uploads\/2021\/07\/LA-CONFERENCIA-DE-LAS-NACIONES-UNIDAS-SOBRE-LOS-SISTEMAS.jpg","datePublished":"2021-08-24T23:11:19+00:00","dateModified":"2021-09-14T20:28:04+00:00","breadcrumb":{"@id":"https:\/\/grupogpps.org\/pt\/gps-participa-en-la-articulacion-regional-de-posiciones-frente-a-la-cumbre-de-sistemas-alimentarios-de-la-onu\/#breadcrumb"},"inLanguage":"en-GB","potentialAction":[{"@type":"ReadAction","target":["https:\/\/grupogpps.org\/pt\/gps-participa-en-la-articulacion-regional-de-posiciones-frente-a-la-cumbre-de-sistemas-alimentarios-de-la-onu\/"]}]},{"@type":"ImageObject","inLanguage":"en-GB","@id":"https:\/\/grupogpps.org\/pt\/gps-participa-en-la-articulacion-regional-de-posiciones-frente-a-la-cumbre-de-sistemas-alimentarios-de-la-onu\/#primaryimage","url":"https:\/\/grupogpps.org\/wp-content\/uploads\/2021\/07\/LA-CONFERENCIA-DE-LAS-NACIONES-UNIDAS-SOBRE-LOS-SISTEMAS.jpg","contentUrl":"https:\/\/grupogpps.org\/wp-content\/uploads\/2021\/07\/LA-CONFERENCIA-DE-LAS-NACIONES-UNIDAS-SOBRE-LOS-SISTEMAS.jpg","width":760,"height":400,"caption":"LA CONFERENCIA DE LAS NACIONES UNIDAS SOBRE LOS SISTEMAS"},{"@type":"BreadcrumbList","@id":"https:\/\/grupogpps.org\/pt\/gps-participa-en-la-articulacion-regional-de-posiciones-frente-a-la-cumbre-de-sistemas-alimentarios-de-la-onu\/#breadcrumb","itemListElement":[{"@type":"ListItem","position":1,"name":"Inicio","item":"https:\/\/grupogpps.org\/"},{"@type":"ListItem","position":2,"name":"GPS participa en la articulaci\u00f3n regional de posiciones frente a la Cumbre de Sistemas Alimentarios de la ONU"}]},{"@type":"WebSite","@id":"https:\/\/grupogpps.org\/#website","url":"https:\/\/grupogpps.org\/","name":"GPS","description":"Grupo de pa\u00edses productores del sur","publisher":{"@id":"https:\/\/grupogpps.org\/#organization"},"potentialAction":[{"@type":"SearchAction","target":{"@type":"EntryPoint","urlTemplate":"https:\/\/grupogpps.org\/?s={search_term_string}"},"query-input":{"@type":"PropertyValueSpecification","valueRequired":true,"valueName":"search_term_string"}}],"inLanguage":"en-GB"},{"@type":"Organization","@id":"https:\/\/grupogpps.org\/#organization","name":"GPS - Grupo de pa\u00edses productores del sur","url":"https:\/\/grupogpps.org\/","logo":{"@type":"ImageObject","inLanguage":"en-GB","@id":"https:\/\/grupogpps.org\/#\/schema\/logo\/image\/","url":"http:\/\/grupogpps.org\/wp-content\/uploads\/2021\/06\/logoGPS3.svg","contentUrl":"http:\/\/grupogpps.org\/wp-content\/uploads\/2021\/06\/logoGPS3.svg","width":1,"height":1,"caption":"GPS - Grupo de pa\u00edses productores del sur"},"image":{"@id":"https:\/\/grupogpps.org\/#\/schema\/logo\/image\/"},"sameAs":["https:\/\/www.linkedin.com\/company\/25037162\/","https:\/\/x.com\/GPSLatinAmerica","https:\/\/www.instagram.com\/gpslatin\/","https:\/\/www.youtube.com\/channel\/UCM2Qf0jSqNRJRkqmU8dO9QA\/videos"]},{"@type":"Person","@id":"https:\/\/grupogpps.org\/#\/schema\/person\/faaafcd24616dff095821c72659ce41f","name":"GPS GPS","url":"https:\/\/grupogpps.org\/en\/author\/gps\/"}]}},"_links":{"self":[{"href":"https:\/\/grupogpps.org\/en\/wp-json\/wp\/v2\/posts\/3595","targetHints":{"allow":["GET"]}}],"collection":[{"href":"https:\/\/grupogpps.org\/en\/wp-json\/wp\/v2\/posts"}],"about":[{"href":"https:\/\/grupogpps.org\/en\/wp-json\/wp\/v2\/types\/post"}],"author":[{"embeddable":true,"href":"https:\/\/grupogpps.org\/en\/wp-json\/wp\/v2\/users\/2"}],"replies":[{"embeddable":true,"href":"https:\/\/grupogpps.org\/en\/wp-json\/wp\/v2\/comments?post=3595"}],"version-history":[{"count":7,"href":"https:\/\/grupogpps.org\/en\/wp-json\/wp\/v2\/posts\/3595\/revisions"}],"predecessor-version":[{"id":3697,"href":"https:\/\/grupogpps.org\/en\/wp-json\/wp\/v2\/posts\/3595\/revisions\/3697"}],"wp:featuredmedia":[{"embeddable":true,"href":"https:\/\/grupogpps.org\/en\/wp-json\/wp\/v2\/media\/3415"}],"wp:attachment":[{"href":"https:\/\/grupogpps.org\/en\/wp-json\/wp\/v2\/media?parent=3595"}],"wp:term":[{"taxonomy":"category","embeddable":true,"href":"https:\/\/grupogpps.org\/en\/wp-json\/wp\/v2\/categories?post=3595"},{"taxonomy":"post_tag","embeddable":true,"href":"https:\/\/grupogpps.org\/en\/wp-json\/wp\/v2\/tags?post=3595"}],"curies":[{"name":"wp","href":"https:\/\/api.w.org\/{rel}","templated":true}]}}