{"id":3492,"date":"2021-08-20T10:10:22","date_gmt":"2021-08-20T13:10:22","guid":{"rendered":"http:\/\/grupogpps.org\/?p=3492"},"modified":"2021-08-20T12:18:32","modified_gmt":"2021-08-20T15:18:32","slug":"gps-participo-en-el-congreso-de-aapresid","status":"publish","type":"post","link":"https:\/\/grupogpps.org\/en\/gps-participo-en-el-congreso-de-aapresid\/","title":{"rendered":"GPS was part of AAPRESID Congress"},"content":{"rendered":"<p>Marcelo Regunaga, Gustavo Idigoras y Marcos Jank participaron en el congreso de AAPRESID 2021 \u00abSiempre Vivo, Siempre Diverso\u00bb, en un panel moderado por Pilu Giraudo que discuti\u00f3 la contribuci\u00f3n de Am\u00e9rica del Sur en la sostenibilidad de la producci\u00f3n agroalimentaria con miras a la Cumbre sobre Sistemas Alimentarios de las Naciones Unidas<\/p>\n\n\n\n<div style=\"height:30px\" aria-hidden=\"true\" class=\"wp-block-spacer\"><\/div>\n\n\n\n<div class=\"wp-block-buttons is-content-justification-center is-layout-flex wp-block-buttons-is-layout-flex\">\n<div class=\"wp-block-button\"><a class=\"wp-block-button__link\" href=\"http:\/\/grupogpps.org\/wp-content\/uploads\/2021\/08\/PPT-Congreso_Aapresid_2021-Marcelo-Regunaga.pdf\" target=\"_blank\" rel=\"noreferrer noopener\">Presentation Reg\u00fanaga<\/a><\/div>\n\n\n\n<div class=\"wp-block-button\"><a class=\"wp-block-button__link\" href=\"http:\/\/grupogpps.org\/wp-content\/uploads\/2021\/08\/PPT-Congreso_Aapresid_2021idigoras.pdf\" target=\"_blank\" rel=\"noreferrer noopener\">Presentation Id\u00edgoras<\/a><\/div>\n\n\n\n<div class=\"wp-block-button\"><a class=\"wp-block-button__link\" href=\"http:\/\/grupogpps.org\/wp-content\/uploads\/2021\/08\/Congreso-Aapresid-2021-Marcos-Jank-13Agosto2021-RES.pdf\" target=\"_blank\" rel=\"noreferrer noopener\">Presentation Jank<\/a><\/div>\n<\/div>\n\n\n\n<p><\/p>","protected":false},"excerpt":{"rendered":"<p>Marcelo Regunaga, Gustavo Idigoras y Marcos Jank participaron en el congreso de AAPRESID 2021 \u00abSiempre Vivo, Siempre Diverso\u00bb, en un panel moderado por Pilu Giraudo que discuti\u00f3 la contribuci\u00f3n de Am\u00e9rica del Sur en la sostenibilidad de la producci\u00f3n agroalimentaria con miras a la Cumbre sobre Sistemas Alimentarios de las Naciones Unidas<\/p>","protected":false},"author":1,"featured_media":3517,"comment_status":"open","ping_status":"closed","sticky":false,"template":"","format":"standard","meta":{"footnotes":""},"categories":[19,58],"tags":[],"class_list":["post-3492","post","type-post","status-publish","format-standard","has-post-thumbnail","hentry","category-actividades","category-eventos"],"yoast_head":"<!-- This site is optimized with the Yoast SEO plugin v26.8 - https:\/\/yoast.com\/product\/yoast-seo-wordpress\/ -->\n<title>GPS particip\u00f3 en el Congreso de AAPRESID - GPS<\/title>\n<meta name=\"robots\" content=\"index, follow, max-snippet:-1, max-image-preview:large, max-video-preview:-1\" \/>\n<link rel=\"canonical\" href=\"https:\/\/grupogpps.org\/en\/gps-participo-en-el-congreso-de-aapresid\/\" \/>\n<meta property=\"og:locale\" content=\"en_GB\" \/>\n<meta property=\"og:type\" content=\"article\" \/>\n<meta property=\"og:title\" content=\"GPS particip\u00f3 en el Congreso de AAPRESID - GPS\" \/>\n<meta property=\"og:description\" content=\"Marcelo Regunaga, Gustavo Idigoras y Marcos Jank participaron en el congreso de AAPRESID 2021 \u00abSiempre Vivo, Siempre Diverso\u00bb, en un panel moderado por Pilu Giraudo que discuti\u00f3 la contribuci\u00f3n de Am\u00e9rica del Sur en la sostenibilidad de la producci\u00f3n agroalimentaria con miras a la Cumbre sobre Sistemas Alimentarios de las Naciones Unidas\" \/>\n<meta property=\"og:url\" content=\"https:\/\/grupogpps.org\/en\/gps-participo-en-el-congreso-de-aapresid\/\" \/>\n<meta property=\"og:site_name\" content=\"GPS\" \/>\n<meta property=\"article:publisher\" content=\"https:\/\/www.linkedin.com\/company\/25037162\/\" \/>\n<meta property=\"article:published_time\" content=\"2021-08-20T13:10:22+00:00\" \/>\n<meta property=\"article:modified_time\" content=\"2021-08-20T15:18:32+00:00\" \/>\n<meta property=\"og:image\" content=\"https:\/\/grupogpps.org\/wp-content\/uploads\/2021\/08\/Foto-AAPRESID.jpeg\" \/>\n\t<meta property=\"og:image:width\" content=\"750\" \/>\n\t<meta property=\"og:image:height\" content=\"499\" \/>\n\t<meta property=\"og:image:type\" content=\"image\/jpeg\" \/>\n<meta name=\"twitter:card\" content=\"summary_large_image\" \/>\n<meta name=\"twitter:creator\" content=\"@GPSLatinAmerica\" \/>\n<meta name=\"twitter:site\" content=\"@GPSLatinAmerica\" \/>\n<meta name=\"twitter:label1\" content=\"Written by\" \/>\n\t<meta name=\"twitter:data1\" content=\"\" \/>\n<script type=\"application\/ld+json\" class=\"yoast-schema-graph\">{\"@context\":\"https:\/\/schema.org\",\"@graph\":[{\"@type\":\"Article\",\"@id\":\"https:\/\/grupogpps.org\/en\/gps-participo-en-el-congreso-de-aapresid\/#article\",\"isPartOf\":{\"@id\":\"https:\/\/grupogpps.org\/en\/gps-participo-en-el-congreso-de-aapresid\/\"},\"author\":{\"name\":\"\",\"@id\":\"\"},\"headline\":\"GPS particip\u00f3 en el Congreso de AAPRESID\",\"datePublished\":\"2021-08-20T13:10:22+00:00\",\"dateModified\":\"2021-08-20T15:18:32+00:00\",\"mainEntityOfPage\":{\"@id\":\"https:\/\/grupogpps.org\/en\/gps-participo-en-el-congreso-de-aapresid\/\"},\"wordCount\":72,\"commentCount\":0,\"publisher\":{\"@id\":\"https:\/\/grupogpps.org\/#organization\"},\"image\":{\"@id\":\"https:\/\/grupogpps.org\/en\/gps-participo-en-el-congreso-de-aapresid\/#primaryimage\"},\"thumbnailUrl\":\"https:\/\/grupogpps.org\/wp-content\/uploads\/2021\/08\/Foto-AAPRESID.jpeg\",\"articleSection\":[\"Actividades\",\"Eventos\"],\"inLanguage\":\"en-GB\",\"potentialAction\":[{\"@type\":\"CommentAction\",\"name\":\"Comment\",\"target\":[\"https:\/\/grupogpps.org\/en\/gps-participo-en-el-congreso-de-aapresid\/#respond\"]}]},{\"@type\":\"WebPage\",\"@id\":\"https:\/\/grupogpps.org\/en\/gps-participo-en-el-congreso-de-aapresid\/\",\"url\":\"https:\/\/grupogpps.org\/en\/gps-participo-en-el-congreso-de-aapresid\/\",\"name\":\"GPS particip\u00f3 en el Congreso de AAPRESID - GPS\",\"isPartOf\":{\"@id\":\"https:\/\/grupogpps.org\/#website\"},\"primaryImageOfPage\":{\"@id\":\"https:\/\/grupogpps.org\/en\/gps-participo-en-el-congreso-de-aapresid\/#primaryimage\"},\"image\":{\"@id\":\"https:\/\/grupogpps.org\/en\/gps-participo-en-el-congreso-de-aapresid\/#primaryimage\"},\"thumbnailUrl\":\"https:\/\/grupogpps.org\/wp-content\/uploads\/2021\/08\/Foto-AAPRESID.jpeg\",\"datePublished\":\"2021-08-20T13:10:22+00:00\",\"dateModified\":\"2021-08-20T15:18:32+00:00\",\"breadcrumb\":{\"@id\":\"https:\/\/grupogpps.org\/en\/gps-participo-en-el-congreso-de-aapresid\/#breadcrumb\"},\"inLanguage\":\"en-GB\",\"potentialAction\":[{\"@type\":\"ReadAction\",\"target\":[\"https:\/\/grupogpps.org\/en\/gps-participo-en-el-congreso-de-aapresid\/\"]}]},{\"@type\":\"ImageObject\",\"inLanguage\":\"en-GB\",\"@id\":\"https:\/\/grupogpps.org\/en\/gps-participo-en-el-congreso-de-aapresid\/#primaryimage\",\"url\":\"https:\/\/grupogpps.org\/wp-content\/uploads\/2021\/08\/Foto-AAPRESID.jpeg\",\"contentUrl\":\"https:\/\/grupogpps.org\/wp-content\/uploads\/2021\/08\/Foto-AAPRESID.jpeg\",\"width\":750,\"height\":499,\"caption\":\"AAPRESID\"},{\"@type\":\"BreadcrumbList\",\"@id\":\"https:\/\/grupogpps.org\/en\/gps-participo-en-el-congreso-de-aapresid\/#breadcrumb\",\"itemListElement\":[{\"@type\":\"ListItem\",\"position\":1,\"name\":\"Inicio\",\"item\":\"https:\/\/grupogpps.org\/\"},{\"@type\":\"ListItem\",\"position\":2,\"name\":\"GPS particip\u00f3 en el Congreso de AAPRESID\"}]},{\"@type\":\"WebSite\",\"@id\":\"https:\/\/grupogpps.org\/#website\",\"url\":\"https:\/\/grupogpps.org\/\",\"name\":\"GPS\",\"description\":\"Grupo de pa\u00edses productores del sur\",\"publisher\":{\"@id\":\"https:\/\/grupogpps.org\/#organization\"},\"potentialAction\":[{\"@type\":\"SearchAction\",\"target\":{\"@type\":\"EntryPoint\",\"urlTemplate\":\"https:\/\/grupogpps.org\/?s={search_term_string}\"},\"query-input\":{\"@type\":\"PropertyValueSpecification\",\"valueRequired\":true,\"valueName\":\"search_term_string\"}}],\"inLanguage\":\"en-GB\"},{\"@type\":\"Organization\",\"@id\":\"https:\/\/grupogpps.org\/#organization\",\"name\":\"GPS - Grupo de pa\u00edses productores del sur\",\"url\":\"https:\/\/grupogpps.org\/\",\"logo\":{\"@type\":\"ImageObject\",\"inLanguage\":\"en-GB\",\"@id\":\"https:\/\/grupogpps.org\/#\/schema\/logo\/image\/\",\"url\":\"http:\/\/grupogpps.org\/wp-content\/uploads\/2021\/06\/logoGPS3.svg\",\"contentUrl\":\"http:\/\/grupogpps.org\/wp-content\/uploads\/2021\/06\/logoGPS3.svg\",\"width\":1,\"height\":1,\"caption\":\"GPS - Grupo de pa\u00edses productores del sur\"},\"image\":{\"@id\":\"https:\/\/grupogpps.org\/#\/schema\/logo\/image\/\"},\"sameAs\":[\"https:\/\/www.linkedin.com\/company\/25037162\/\",\"https:\/\/x.com\/GPSLatinAmerica\",\"https:\/\/www.instagram.com\/gpslatin\/\",\"https:\/\/www.youtube.com\/channel\/UCM2Qf0jSqNRJRkqmU8dO9QA\/videos\"]},{\"@type\":\"Person\",\"@id\":\"\",\"url\":\"https:\/\/grupogpps.org\/en\/author\/\"}]}<\/script>\n<!-- \/ Yoast SEO plugin. -->","yoast_head_json":{"title":"GPS particip\u00f3 en el Congreso de AAPRESID - GPS","robots":{"index":"index","follow":"follow","max-snippet":"max-snippet:-1","max-image-preview":"max-image-preview:large","max-video-preview":"max-video-preview:-1"},"canonical":"https:\/\/grupogpps.org\/en\/gps-participo-en-el-congreso-de-aapresid\/","og_locale":"en_GB","og_type":"article","og_title":"GPS particip\u00f3 en el Congreso de AAPRESID - GPS","og_description":"Marcelo Regunaga, Gustavo Idigoras y Marcos Jank participaron en el congreso de AAPRESID 2021 \u00abSiempre Vivo, Siempre Diverso\u00bb, en un panel moderado por Pilu Giraudo que discuti\u00f3 la contribuci\u00f3n de Am\u00e9rica del Sur en la sostenibilidad de la producci\u00f3n agroalimentaria con miras a la Cumbre sobre Sistemas Alimentarios de las Naciones Unidas","og_url":"https:\/\/grupogpps.org\/en\/gps-participo-en-el-congreso-de-aapresid\/","og_site_name":"GPS","article_publisher":"https:\/\/www.linkedin.com\/company\/25037162\/","article_published_time":"2021-08-20T13:10:22+00:00","article_modified_time":"2021-08-20T15:18:32+00:00","og_image":[{"width":750,"height":499,"url":"https:\/\/grupogpps.org\/wp-content\/uploads\/2021\/08\/Foto-AAPRESID.jpeg","type":"image\/jpeg"}],"twitter_card":"summary_large_image","twitter_creator":"@GPSLatinAmerica","twitter_site":"@GPSLatinAmerica","twitter_misc":{"Written by":""},"schema":{"@context":"https:\/\/schema.org","@graph":[{"@type":"Article","@id":"https:\/\/grupogpps.org\/en\/gps-participo-en-el-congreso-de-aapresid\/#article","isPartOf":{"@id":"https:\/\/grupogpps.org\/en\/gps-participo-en-el-congreso-de-aapresid\/"},"author":{"name":"","@id":""},"headline":"GPS particip\u00f3 en el Congreso de AAPRESID","datePublished":"2021-08-20T13:10:22+00:00","dateModified":"2021-08-20T15:18:32+00:00","mainEntityOfPage":{"@id":"https:\/\/grupogpps.org\/en\/gps-participo-en-el-congreso-de-aapresid\/"},"wordCount":72,"commentCount":0,"publisher":{"@id":"https:\/\/grupogpps.org\/#organization"},"image":{"@id":"https:\/\/grupogpps.org\/en\/gps-participo-en-el-congreso-de-aapresid\/#primaryimage"},"thumbnailUrl":"https:\/\/grupogpps.org\/wp-content\/uploads\/2021\/08\/Foto-AAPRESID.jpeg","articleSection":["Actividades","Eventos"],"inLanguage":"en-GB","potentialAction":[{"@type":"CommentAction","name":"Comment","target":["https:\/\/grupogpps.org\/en\/gps-participo-en-el-congreso-de-aapresid\/#respond"]}]},{"@type":"WebPage","@id":"https:\/\/grupogpps.org\/en\/gps-participo-en-el-congreso-de-aapresid\/","url":"https:\/\/grupogpps.org\/en\/gps-participo-en-el-congreso-de-aapresid\/","name":"GPS particip\u00f3 en el Congreso de AAPRESID - GPS","isPartOf":{"@id":"https:\/\/grupogpps.org\/#website"},"primaryImageOfPage":{"@id":"https:\/\/grupogpps.org\/en\/gps-participo-en-el-congreso-de-aapresid\/#primaryimage"},"image":{"@id":"https:\/\/grupogpps.org\/en\/gps-participo-en-el-congreso-de-aapresid\/#primaryimage"},"thumbnailUrl":"https:\/\/grupogpps.org\/wp-content\/uploads\/2021\/08\/Foto-AAPRESID.jpeg","datePublished":"2021-08-20T13:10:22+00:00","dateModified":"2021-08-20T15:18:32+00:00","breadcrumb":{"@id":"https:\/\/grupogpps.org\/en\/gps-participo-en-el-congreso-de-aapresid\/#breadcrumb"},"inLanguage":"en-GB","potentialAction":[{"@type":"ReadAction","target":["https:\/\/grupogpps.org\/en\/gps-participo-en-el-congreso-de-aapresid\/"]}]},{"@type":"ImageObject","inLanguage":"en-GB","@id":"https:\/\/grupogpps.org\/en\/gps-participo-en-el-congreso-de-aapresid\/#primaryimage","url":"https:\/\/grupogpps.org\/wp-content\/uploads\/2021\/08\/Foto-AAPRESID.jpeg","contentUrl":"https:\/\/grupogpps.org\/wp-content\/uploads\/2021\/08\/Foto-AAPRESID.jpeg","width":750,"height":499,"caption":"AAPRESID"},{"@type":"BreadcrumbList","@id":"https:\/\/grupogpps.org\/en\/gps-participo-en-el-congreso-de-aapresid\/#breadcrumb","itemListElement":[{"@type":"ListItem","position":1,"name":"Inicio","item":"https:\/\/grupogpps.org\/"},{"@type":"ListItem","position":2,"name":"GPS particip\u00f3 en el Congreso de AAPRESID"}]},{"@type":"WebSite","@id":"https:\/\/grupogpps.org\/#website","url":"https:\/\/grupogpps.org\/","name":"GPS","description":"Grupo de pa\u00edses productores del sur","publisher":{"@id":"https:\/\/grupogpps.org\/#organization"},"potentialAction":[{"@type":"SearchAction","target":{"@type":"EntryPoint","urlTemplate":"https:\/\/grupogpps.org\/?s={search_term_string}"},"query-input":{"@type":"PropertyValueSpecification","valueRequired":true,"valueName":"search_term_string"}}],"inLanguage":"en-GB"},{"@type":"Organization","@id":"https:\/\/grupogpps.org\/#organization","name":"GPS - Grupo de pa\u00edses productores del sur","url":"https:\/\/grupogpps.org\/","logo":{"@type":"ImageObject","inLanguage":"en-GB","@id":"https:\/\/grupogpps.org\/#\/schema\/logo\/image\/","url":"http:\/\/grupogpps.org\/wp-content\/uploads\/2021\/06\/logoGPS3.svg","contentUrl":"http:\/\/grupogpps.org\/wp-content\/uploads\/2021\/06\/logoGPS3.svg","width":1,"height":1,"caption":"GPS - Grupo de pa\u00edses productores del sur"},"image":{"@id":"https:\/\/grupogpps.org\/#\/schema\/logo\/image\/"},"sameAs":["https:\/\/www.linkedin.com\/company\/25037162\/","https:\/\/x.com\/GPSLatinAmerica","https:\/\/www.instagram.com\/gpslatin\/","https:\/\/www.youtube.com\/channel\/UCM2Qf0jSqNRJRkqmU8dO9QA\/videos"]},{"@type":"Person","@id":"","url":"https:\/\/grupogpps.org\/en\/author\/"}]}},"_links":{"self":[{"href":"https:\/\/grupogpps.org\/en\/wp-json\/wp\/v2\/posts\/3492","targetHints":{"allow":["GET"]}}],"collection":[{"href":"https:\/\/grupogpps.org\/en\/wp-json\/wp\/v2\/posts"}],"about":[{"href":"https:\/\/grupogpps.org\/en\/wp-json\/wp\/v2\/types\/post"}],"author":[{"embeddable":true,"href":"https:\/\/grupogpps.org\/en\/wp-json\/wp\/v2\/users\/1"}],"replies":[{"embeddable":true,"href":"https:\/\/grupogpps.org\/en\/wp-json\/wp\/v2\/comments?post=3492"}],"version-history":[{"count":5,"href":"https:\/\/grupogpps.org\/en\/wp-json\/wp\/v2\/posts\/3492\/revisions"}],"predecessor-version":[{"id":3522,"href":"https:\/\/grupogpps.org\/en\/wp-json\/wp\/v2\/posts\/3492\/revisions\/3522"}],"wp:featuredmedia":[{"embeddable":true,"href":"https:\/\/grupogpps.org\/en\/wp-json\/wp\/v2\/media\/3517"}],"wp:attachment":[{"href":"https:\/\/grupogpps.org\/en\/wp-json\/wp\/v2\/media?parent=3492"}],"wp:term":[{"taxonomy":"category","embeddable":true,"href":"https:\/\/grupogpps.org\/en\/wp-json\/wp\/v2\/categories?post=3492"},{"taxonomy":"post_tag","embeddable":true,"href":"https:\/\/grupogpps.org\/en\/wp-json\/wp\/v2\/tags?post=3492"}],"curies":[{"name":"wp","href":"https:\/\/api.w.org\/{rel}","templated":true}]}}