{"id":2302,"date":"2016-11-28T19:49:15","date_gmt":"2016-11-28T22:49:15","guid":{"rendered":"http:\/\/grupogpps.org\/?p=365"},"modified":"2021-07-08T12:51:48","modified_gmt":"2021-07-08T15:51:48","slug":"alianza-del-pacifico-mercosur-comercio-agroindustrial-y-los-acuerdos-comerciales-por-rosario-campos-y-ricardo-carciofi","status":"publish","type":"post","link":"https:\/\/grupogpps.org\/en\/alianza-del-pacifico-mercosur-comercio-agroindustrial-y-los-acuerdos-comerciales-por-rosario-campos-y-ricardo-carciofi\/","title":{"rendered":"Alianza del Pac\u00edfico-Mercosur: comercio agroindustrial y los acuerdos comerciales, por Rosario Campos y Ricardo Carciofi"},"content":{"rendered":"<p>Los pa\u00edses del Mercosur y los de la Alianza del Pac\u00edfico tienen acuerdos de complementaci\u00f3n econ\u00f3mica puntuales, por caso, en relaci\u00f3n al comercio de productos agroindustriales. El trabajo analiza la eficacia y el potencial de los acuerdos vigentes entre ambos bloques.<\/p>\n\n\n\n<p><strong>Noviembre 2016<\/strong><br><strong>Autores:<\/strong> Rosario Campos y Ricardo Carciofi<\/p>\n\n\n\n<div style=\"height:30px\" aria-hidden=\"true\" class=\"wp-block-spacer\"><\/div>\n\n\n\n<div class=\"wp-block-buttons is-content-justification-center is-layout-flex wp-block-buttons-is-layout-flex\">\n<div class=\"wp-block-button\"><a class=\"wp-block-button__link\" href=\"http:\/\/grupogpps.org\/wp-content\/uploads\/2021\/07\/Alianza-del-Pacifico-MERCOSUR-Carciofi-Campos.pdf\" target=\"_blank\" rel=\"noreferrer noopener\">Download (Spanish)<\/a><\/div>\n<\/div>","protected":false},"excerpt":{"rendered":"<p>Los pa\u00edses del Mercosur y los de la Alianza del Pac\u00edfico tienen acuerdos de complementaci\u00f3n econ\u00f3mica puntuales, por caso, en relaci\u00f3n al comercio de productos agroindustriales. El trabajo analiza la eficacia y el potencial de los acuerdos vigentes entre ambos bloques. Noviembre 2016Autores: Rosario Campos y Ricardo Carciofi<\/p>","protected":false},"author":1,"featured_media":2303,"comment_status":"closed","ping_status":"closed","sticky":false,"template":"","format":"standard","meta":{"footnotes":""},"categories":[26],"tags":[],"class_list":["post-2302","post","type-post","status-publish","format-standard","has-post-thumbnail","hentry","category-documentos-institucionales"],"yoast_head":"<!-- This site is optimized with the Yoast SEO plugin v26.8 - https:\/\/yoast.com\/product\/yoast-seo-wordpress\/ -->\n<title>Alianza del Pac\u00edfico-Mercosur: comercio agroindustrial y los acuerdos comerciales, por Rosario Campos y Ricardo Carciofi - GPS<\/title>\n<meta name=\"robots\" content=\"index, follow, max-snippet:-1, max-image-preview:large, max-video-preview:-1\" \/>\n<link rel=\"canonical\" href=\"https:\/\/grupogpps.org\/en\/alianza-del-pacifico-mercosur-comercio-agroindustrial-y-los-acuerdos-comerciales-por-rosario-campos-y-ricardo-carciofi\/\" \/>\n<meta property=\"og:locale\" content=\"en_GB\" \/>\n<meta property=\"og:type\" content=\"article\" \/>\n<meta property=\"og:title\" content=\"Alianza del Pac\u00edfico-Mercosur: comercio agroindustrial y los acuerdos comerciales, por Rosario Campos y Ricardo Carciofi - GPS\" \/>\n<meta property=\"og:description\" content=\"Los pa\u00edses del Mercosur y los de la Alianza del Pac\u00edfico tienen acuerdos de complementaci\u00f3n econ\u00f3mica puntuales, por caso, en relaci\u00f3n al comercio de productos agroindustriales. El trabajo analiza la eficacia y el potencial de los acuerdos vigentes entre ambos bloques. Noviembre 2016Autores: Rosario Campos y Ricardo Carciofi\" \/>\n<meta property=\"og:url\" content=\"https:\/\/grupogpps.org\/en\/alianza-del-pacifico-mercosur-comercio-agroindustrial-y-los-acuerdos-comerciales-por-rosario-campos-y-ricardo-carciofi\/\" \/>\n<meta property=\"og:site_name\" content=\"GPS\" \/>\n<meta property=\"article:publisher\" content=\"https:\/\/www.linkedin.com\/company\/25037162\/\" \/>\n<meta property=\"article:published_time\" content=\"2016-11-28T22:49:15+00:00\" \/>\n<meta property=\"article:modified_time\" content=\"2021-07-08T15:51:48+00:00\" \/>\n<meta property=\"og:image\" content=\"https:\/\/grupogpps.org\/wp-content\/uploads\/2017\/11\/AlianzaPacifico.jpg\" \/>\n\t<meta property=\"og:image:width\" content=\"432\" \/>\n\t<meta property=\"og:image:height\" content=\"571\" \/>\n\t<meta property=\"og:image:type\" content=\"image\/jpeg\" \/>\n<meta name=\"twitter:card\" content=\"summary_large_image\" \/>\n<meta name=\"twitter:creator\" content=\"@GPSLatinAmerica\" \/>\n<meta name=\"twitter:site\" content=\"@GPSLatinAmerica\" \/>\n<meta name=\"twitter:label1\" content=\"Written by\" \/>\n\t<meta name=\"twitter:data1\" content=\"\" \/>\n<script type=\"application\/ld+json\" class=\"yoast-schema-graph\">{\"@context\":\"https:\/\/schema.org\",\"@graph\":[{\"@type\":\"Article\",\"@id\":\"https:\/\/grupogpps.org\/en\/alianza-del-pacifico-mercosur-comercio-agroindustrial-y-los-acuerdos-comerciales-por-rosario-campos-y-ricardo-carciofi\/#article\",\"isPartOf\":{\"@id\":\"https:\/\/grupogpps.org\/en\/alianza-del-pacifico-mercosur-comercio-agroindustrial-y-los-acuerdos-comerciales-por-rosario-campos-y-ricardo-carciofi\/\"},\"author\":{\"name\":\"\",\"@id\":\"\"},\"headline\":\"Alianza del Pac\u00edfico-Mercosur: comercio agroindustrial y los acuerdos comerciales, por Rosario Campos y Ricardo Carciofi\",\"datePublished\":\"2016-11-28T22:49:15+00:00\",\"dateModified\":\"2021-07-08T15:51:48+00:00\",\"mainEntityOfPage\":{\"@id\":\"https:\/\/grupogpps.org\/en\/alianza-del-pacifico-mercosur-comercio-agroindustrial-y-los-acuerdos-comerciales-por-rosario-campos-y-ricardo-carciofi\/\"},\"wordCount\":70,\"publisher\":{\"@id\":\"https:\/\/grupogpps.org\/#organization\"},\"image\":{\"@id\":\"https:\/\/grupogpps.org\/en\/alianza-del-pacifico-mercosur-comercio-agroindustrial-y-los-acuerdos-comerciales-por-rosario-campos-y-ricardo-carciofi\/#primaryimage\"},\"thumbnailUrl\":\"https:\/\/grupogpps.org\/wp-content\/uploads\/2017\/11\/AlianzaPacifico.jpg\",\"articleSection\":[\"Documentos institucionales\"],\"inLanguage\":\"en-GB\"},{\"@type\":\"WebPage\",\"@id\":\"https:\/\/grupogpps.org\/en\/alianza-del-pacifico-mercosur-comercio-agroindustrial-y-los-acuerdos-comerciales-por-rosario-campos-y-ricardo-carciofi\/\",\"url\":\"https:\/\/grupogpps.org\/en\/alianza-del-pacifico-mercosur-comercio-agroindustrial-y-los-acuerdos-comerciales-por-rosario-campos-y-ricardo-carciofi\/\",\"name\":\"Alianza del Pac\u00edfico-Mercosur: comercio agroindustrial y los acuerdos comerciales, por Rosario Campos y Ricardo Carciofi - GPS\",\"isPartOf\":{\"@id\":\"https:\/\/grupogpps.org\/#website\"},\"primaryImageOfPage\":{\"@id\":\"https:\/\/grupogpps.org\/en\/alianza-del-pacifico-mercosur-comercio-agroindustrial-y-los-acuerdos-comerciales-por-rosario-campos-y-ricardo-carciofi\/#primaryimage\"},\"image\":{\"@id\":\"https:\/\/grupogpps.org\/en\/alianza-del-pacifico-mercosur-comercio-agroindustrial-y-los-acuerdos-comerciales-por-rosario-campos-y-ricardo-carciofi\/#primaryimage\"},\"thumbnailUrl\":\"https:\/\/grupogpps.org\/wp-content\/uploads\/2017\/11\/AlianzaPacifico.jpg\",\"datePublished\":\"2016-11-28T22:49:15+00:00\",\"dateModified\":\"2021-07-08T15:51:48+00:00\",\"breadcrumb\":{\"@id\":\"https:\/\/grupogpps.org\/en\/alianza-del-pacifico-mercosur-comercio-agroindustrial-y-los-acuerdos-comerciales-por-rosario-campos-y-ricardo-carciofi\/#breadcrumb\"},\"inLanguage\":\"en-GB\",\"potentialAction\":[{\"@type\":\"ReadAction\",\"target\":[\"https:\/\/grupogpps.org\/en\/alianza-del-pacifico-mercosur-comercio-agroindustrial-y-los-acuerdos-comerciales-por-rosario-campos-y-ricardo-carciofi\/\"]}]},{\"@type\":\"ImageObject\",\"inLanguage\":\"en-GB\",\"@id\":\"https:\/\/grupogpps.org\/en\/alianza-del-pacifico-mercosur-comercio-agroindustrial-y-los-acuerdos-comerciales-por-rosario-campos-y-ricardo-carciofi\/#primaryimage\",\"url\":\"https:\/\/grupogpps.org\/wp-content\/uploads\/2017\/11\/AlianzaPacifico.jpg\",\"contentUrl\":\"https:\/\/grupogpps.org\/wp-content\/uploads\/2017\/11\/AlianzaPacifico.jpg\",\"width\":432,\"height\":571,\"caption\":\"Alianza del Pac\u00edfico-Mercosur: comercio agroindustrial y los acuerdos comerciales, por Rosario Campos y Ricardo Carciofi\"},{\"@type\":\"BreadcrumbList\",\"@id\":\"https:\/\/grupogpps.org\/en\/alianza-del-pacifico-mercosur-comercio-agroindustrial-y-los-acuerdos-comerciales-por-rosario-campos-y-ricardo-carciofi\/#breadcrumb\",\"itemListElement\":[{\"@type\":\"ListItem\",\"position\":1,\"name\":\"Inicio\",\"item\":\"https:\/\/grupogpps.org\/\"},{\"@type\":\"ListItem\",\"position\":2,\"name\":\"Alianza del Pac\u00edfico-Mercosur: comercio agroindustrial y los acuerdos comerciales, por Rosario Campos y Ricardo Carciofi\"}]},{\"@type\":\"WebSite\",\"@id\":\"https:\/\/grupogpps.org\/#website\",\"url\":\"https:\/\/grupogpps.org\/\",\"name\":\"GPS\",\"description\":\"Grupo de pa\u00edses productores del sur\",\"publisher\":{\"@id\":\"https:\/\/grupogpps.org\/#organization\"},\"potentialAction\":[{\"@type\":\"SearchAction\",\"target\":{\"@type\":\"EntryPoint\",\"urlTemplate\":\"https:\/\/grupogpps.org\/?s={search_term_string}\"},\"query-input\":{\"@type\":\"PropertyValueSpecification\",\"valueRequired\":true,\"valueName\":\"search_term_string\"}}],\"inLanguage\":\"en-GB\"},{\"@type\":\"Organization\",\"@id\":\"https:\/\/grupogpps.org\/#organization\",\"name\":\"GPS - Grupo de pa\u00edses productores del sur\",\"url\":\"https:\/\/grupogpps.org\/\",\"logo\":{\"@type\":\"ImageObject\",\"inLanguage\":\"en-GB\",\"@id\":\"https:\/\/grupogpps.org\/#\/schema\/logo\/image\/\",\"url\":\"http:\/\/grupogpps.org\/wp-content\/uploads\/2021\/06\/logoGPS3.svg\",\"contentUrl\":\"http:\/\/grupogpps.org\/wp-content\/uploads\/2021\/06\/logoGPS3.svg\",\"width\":1,\"height\":1,\"caption\":\"GPS - Grupo de pa\u00edses productores del sur\"},\"image\":{\"@id\":\"https:\/\/grupogpps.org\/#\/schema\/logo\/image\/\"},\"sameAs\":[\"https:\/\/www.linkedin.com\/company\/25037162\/\",\"https:\/\/x.com\/GPSLatinAmerica\",\"https:\/\/www.instagram.com\/gpslatin\/\",\"https:\/\/www.youtube.com\/channel\/UCM2Qf0jSqNRJRkqmU8dO9QA\/videos\"]},{\"@type\":\"Person\",\"@id\":\"\",\"url\":\"https:\/\/grupogpps.org\/en\/author\/\"}]}<\/script>\n<!-- \/ Yoast SEO plugin. -->","yoast_head_json":{"title":"Alianza del Pac\u00edfico-Mercosur: comercio agroindustrial y los acuerdos comerciales, por Rosario Campos y Ricardo Carciofi - GPS","robots":{"index":"index","follow":"follow","max-snippet":"max-snippet:-1","max-image-preview":"max-image-preview:large","max-video-preview":"max-video-preview:-1"},"canonical":"https:\/\/grupogpps.org\/en\/alianza-del-pacifico-mercosur-comercio-agroindustrial-y-los-acuerdos-comerciales-por-rosario-campos-y-ricardo-carciofi\/","og_locale":"en_GB","og_type":"article","og_title":"Alianza del Pac\u00edfico-Mercosur: comercio agroindustrial y los acuerdos comerciales, por Rosario Campos y Ricardo Carciofi - GPS","og_description":"Los pa\u00edses del Mercosur y los de la Alianza del Pac\u00edfico tienen acuerdos de complementaci\u00f3n econ\u00f3mica puntuales, por caso, en relaci\u00f3n al comercio de productos agroindustriales. El trabajo analiza la eficacia y el potencial de los acuerdos vigentes entre ambos bloques. Noviembre 2016Autores: Rosario Campos y Ricardo Carciofi","og_url":"https:\/\/grupogpps.org\/en\/alianza-del-pacifico-mercosur-comercio-agroindustrial-y-los-acuerdos-comerciales-por-rosario-campos-y-ricardo-carciofi\/","og_site_name":"GPS","article_publisher":"https:\/\/www.linkedin.com\/company\/25037162\/","article_published_time":"2016-11-28T22:49:15+00:00","article_modified_time":"2021-07-08T15:51:48+00:00","og_image":[{"width":432,"height":571,"url":"https:\/\/grupogpps.org\/wp-content\/uploads\/2017\/11\/AlianzaPacifico.jpg","type":"image\/jpeg"}],"twitter_card":"summary_large_image","twitter_creator":"@GPSLatinAmerica","twitter_site":"@GPSLatinAmerica","twitter_misc":{"Written by":""},"schema":{"@context":"https:\/\/schema.org","@graph":[{"@type":"Article","@id":"https:\/\/grupogpps.org\/en\/alianza-del-pacifico-mercosur-comercio-agroindustrial-y-los-acuerdos-comerciales-por-rosario-campos-y-ricardo-carciofi\/#article","isPartOf":{"@id":"https:\/\/grupogpps.org\/en\/alianza-del-pacifico-mercosur-comercio-agroindustrial-y-los-acuerdos-comerciales-por-rosario-campos-y-ricardo-carciofi\/"},"author":{"name":"","@id":""},"headline":"Alianza del Pac\u00edfico-Mercosur: comercio agroindustrial y los acuerdos comerciales, por Rosario Campos y Ricardo Carciofi","datePublished":"2016-11-28T22:49:15+00:00","dateModified":"2021-07-08T15:51:48+00:00","mainEntityOfPage":{"@id":"https:\/\/grupogpps.org\/en\/alianza-del-pacifico-mercosur-comercio-agroindustrial-y-los-acuerdos-comerciales-por-rosario-campos-y-ricardo-carciofi\/"},"wordCount":70,"publisher":{"@id":"https:\/\/grupogpps.org\/#organization"},"image":{"@id":"https:\/\/grupogpps.org\/en\/alianza-del-pacifico-mercosur-comercio-agroindustrial-y-los-acuerdos-comerciales-por-rosario-campos-y-ricardo-carciofi\/#primaryimage"},"thumbnailUrl":"https:\/\/grupogpps.org\/wp-content\/uploads\/2017\/11\/AlianzaPacifico.jpg","articleSection":["Documentos institucionales"],"inLanguage":"en-GB"},{"@type":"WebPage","@id":"https:\/\/grupogpps.org\/en\/alianza-del-pacifico-mercosur-comercio-agroindustrial-y-los-acuerdos-comerciales-por-rosario-campos-y-ricardo-carciofi\/","url":"https:\/\/grupogpps.org\/en\/alianza-del-pacifico-mercosur-comercio-agroindustrial-y-los-acuerdos-comerciales-por-rosario-campos-y-ricardo-carciofi\/","name":"Alianza del Pac\u00edfico-Mercosur: comercio agroindustrial y los acuerdos comerciales, por Rosario Campos y Ricardo Carciofi - GPS","isPartOf":{"@id":"https:\/\/grupogpps.org\/#website"},"primaryImageOfPage":{"@id":"https:\/\/grupogpps.org\/en\/alianza-del-pacifico-mercosur-comercio-agroindustrial-y-los-acuerdos-comerciales-por-rosario-campos-y-ricardo-carciofi\/#primaryimage"},"image":{"@id":"https:\/\/grupogpps.org\/en\/alianza-del-pacifico-mercosur-comercio-agroindustrial-y-los-acuerdos-comerciales-por-rosario-campos-y-ricardo-carciofi\/#primaryimage"},"thumbnailUrl":"https:\/\/grupogpps.org\/wp-content\/uploads\/2017\/11\/AlianzaPacifico.jpg","datePublished":"2016-11-28T22:49:15+00:00","dateModified":"2021-07-08T15:51:48+00:00","breadcrumb":{"@id":"https:\/\/grupogpps.org\/en\/alianza-del-pacifico-mercosur-comercio-agroindustrial-y-los-acuerdos-comerciales-por-rosario-campos-y-ricardo-carciofi\/#breadcrumb"},"inLanguage":"en-GB","potentialAction":[{"@type":"ReadAction","target":["https:\/\/grupogpps.org\/en\/alianza-del-pacifico-mercosur-comercio-agroindustrial-y-los-acuerdos-comerciales-por-rosario-campos-y-ricardo-carciofi\/"]}]},{"@type":"ImageObject","inLanguage":"en-GB","@id":"https:\/\/grupogpps.org\/en\/alianza-del-pacifico-mercosur-comercio-agroindustrial-y-los-acuerdos-comerciales-por-rosario-campos-y-ricardo-carciofi\/#primaryimage","url":"https:\/\/grupogpps.org\/wp-content\/uploads\/2017\/11\/AlianzaPacifico.jpg","contentUrl":"https:\/\/grupogpps.org\/wp-content\/uploads\/2017\/11\/AlianzaPacifico.jpg","width":432,"height":571,"caption":"Alianza del Pac\u00edfico-Mercosur: comercio agroindustrial y los acuerdos comerciales, por Rosario Campos y Ricardo Carciofi"},{"@type":"BreadcrumbList","@id":"https:\/\/grupogpps.org\/en\/alianza-del-pacifico-mercosur-comercio-agroindustrial-y-los-acuerdos-comerciales-por-rosario-campos-y-ricardo-carciofi\/#breadcrumb","itemListElement":[{"@type":"ListItem","position":1,"name":"Inicio","item":"https:\/\/grupogpps.org\/"},{"@type":"ListItem","position":2,"name":"Alianza del Pac\u00edfico-Mercosur: comercio agroindustrial y los acuerdos comerciales, por Rosario Campos y Ricardo Carciofi"}]},{"@type":"WebSite","@id":"https:\/\/grupogpps.org\/#website","url":"https:\/\/grupogpps.org\/","name":"GPS","description":"Grupo de pa\u00edses productores del sur","publisher":{"@id":"https:\/\/grupogpps.org\/#organization"},"potentialAction":[{"@type":"SearchAction","target":{"@type":"EntryPoint","urlTemplate":"https:\/\/grupogpps.org\/?s={search_term_string}"},"query-input":{"@type":"PropertyValueSpecification","valueRequired":true,"valueName":"search_term_string"}}],"inLanguage":"en-GB"},{"@type":"Organization","@id":"https:\/\/grupogpps.org\/#organization","name":"GPS - Grupo de pa\u00edses productores del sur","url":"https:\/\/grupogpps.org\/","logo":{"@type":"ImageObject","inLanguage":"en-GB","@id":"https:\/\/grupogpps.org\/#\/schema\/logo\/image\/","url":"http:\/\/grupogpps.org\/wp-content\/uploads\/2021\/06\/logoGPS3.svg","contentUrl":"http:\/\/grupogpps.org\/wp-content\/uploads\/2021\/06\/logoGPS3.svg","width":1,"height":1,"caption":"GPS - Grupo de pa\u00edses productores del sur"},"image":{"@id":"https:\/\/grupogpps.org\/#\/schema\/logo\/image\/"},"sameAs":["https:\/\/www.linkedin.com\/company\/25037162\/","https:\/\/x.com\/GPSLatinAmerica","https:\/\/www.instagram.com\/gpslatin\/","https:\/\/www.youtube.com\/channel\/UCM2Qf0jSqNRJRkqmU8dO9QA\/videos"]},{"@type":"Person","@id":"","url":"https:\/\/grupogpps.org\/en\/author\/"}]}},"_links":{"self":[{"href":"https:\/\/grupogpps.org\/en\/wp-json\/wp\/v2\/posts\/2302","targetHints":{"allow":["GET"]}}],"collection":[{"href":"https:\/\/grupogpps.org\/en\/wp-json\/wp\/v2\/posts"}],"about":[{"href":"https:\/\/grupogpps.org\/en\/wp-json\/wp\/v2\/types\/post"}],"author":[{"embeddable":true,"href":"https:\/\/grupogpps.org\/en\/wp-json\/wp\/v2\/users\/1"}],"replies":[{"embeddable":true,"href":"https:\/\/grupogpps.org\/en\/wp-json\/wp\/v2\/comments?post=2302"}],"version-history":[{"count":1,"href":"https:\/\/grupogpps.org\/en\/wp-json\/wp\/v2\/posts\/2302\/revisions"}],"predecessor-version":[{"id":3312,"href":"https:\/\/grupogpps.org\/en\/wp-json\/wp\/v2\/posts\/2302\/revisions\/3312"}],"wp:featuredmedia":[{"embeddable":true,"href":"https:\/\/grupogpps.org\/en\/wp-json\/wp\/v2\/media\/2303"}],"wp:attachment":[{"href":"https:\/\/grupogpps.org\/en\/wp-json\/wp\/v2\/media?parent=2302"}],"wp:term":[{"taxonomy":"category","embeddable":true,"href":"https:\/\/grupogpps.org\/en\/wp-json\/wp\/v2\/categories?post=2302"},{"taxonomy":"post_tag","embeddable":true,"href":"https:\/\/grupogpps.org\/en\/wp-json\/wp\/v2\/tags?post=2302"}],"curies":[{"name":"wp","href":"https:\/\/api.w.org\/{rel}","templated":true}]}}