{"id":2221,"date":"2017-12-11T03:03:42","date_gmt":"2017-12-11T06:03:42","guid":{"rendered":"http:\/\/grupogpps.org\/?p=654"},"modified":"2021-07-07T09:19:35","modified_gmt":"2021-07-07T12:19:35","slug":"comunicado-de-gps-ante-celebracion-de-la-11a-conferencia-ministerial-de-la-omc-en-argentina","status":"publish","type":"post","link":"https:\/\/grupogpps.org\/en\/comunicado-de-gps-ante-celebracion-de-la-11a-conferencia-ministerial-de-la-omc-en-argentina\/","title":{"rendered":"Comunicado de GPS ante celebraci\u00f3n de 11\u00aa Conferencia Ministerial de la OMC en Argentina"},"content":{"rendered":"<p><strong>GPS prev\u00e9 que el comercio ser\u00e1 crucial para la seguridad alimentaria global y que los gobiernos deben contribuir al fortalecimiento del rol de la OMC.<\/strong><\/p>\n\n\n\n<p>Buenos Aires, 10 de diciembre de 2017._ Entre el 10 y el 13 de diciembre se llevar\u00e1 a cabo en Buenos Aires la XI\u00b0 Conferencia Ministerial de la Organizaci\u00f3n Mundial de Comercio, un organismo internacional con m\u00e1s de 120 pa\u00edses miembros cuyo rol es dictar las normas que rigen el comercio mundial.<\/p>\n\n\n\n<p>Con los principales negociadores del mundo reunidos la capital argentina, la ocasi\u00f3n ser\u00e1 propicia para poner el foco en los temas estrat\u00e9gicos para un sector como el agronegocio, central en la econom\u00eda de nuestros pa\u00edses y que representa en promedio el 18% del PIB de Argentina, Brasil, Paraguay y Uruguay.<\/p>\n\n\n\n<p>Adicionalmente, la reducci\u00f3n global de la inseguridad alimentaria depender\u00e1, cada vez en mayor cuant\u00eda, del comercio. Trabajar en el pilar de acceso a Mercados, e incluir el tema de seguridad alimentaria a nivel global debe ser prioritario. Sin embargo, ello debe ir m\u00e1s all\u00e1 de la agenda actual de trabajo, en la que se discute sobre la potestad de los gobiernos de contar con existencias p\u00fablicas de alimentos. Tambi\u00e9n deben incluirse nuevos temas, que permitan acuerdos de largo plazo entre importadores y exportadores netos de alimentos.<\/p>\n\n\n\n<p>Mercosur provee 33% de todos los alimentos que se consumen en el mundo y debe hacerse escuchar ante la proliferaci\u00f3n de est\u00e1ndares ambientales en el comercio, que tienden a consolidarse como las barreras comerciales del futuro.<\/p>\n\n\n\n<p>Es deseable que la XI\u00b0 Conferencia Ministerial de la OMC, que se celebra cada dos a\u00f1os, sea un momento de inflexi\u00f3n justo cuando el sector privado agroindustrial de la regi\u00f3n trabaja para identificar prioridades y facilitar la interlocuci\u00f3n con los gobiernos, acercando propuestas, soporte t\u00e9cnico e institucional, como lo ha hecho en las negociaciones recientes para un acuerdo comercial entre el Mercosur y la Uni\u00f3n Europea.<\/p>\n\n\n\n<p>Finalmente, las entidades privadas y especialistas del agronegocio que conforman el Grupo de Pa\u00edses Productores del Sur \u2013GPS-, pedimos a los gobiernos de la regi\u00f3n que aprovechen la ocasi\u00f3n y contribuyan a fortalecer el rol institucional de organismos como la OMC.<\/p>\n\n\n\n<p><em>GPS es una red de entidades privadas y expertos de Argentina, Brasil, Paraguay y Uruguay que busca contribuir a la integraci\u00f3n de la agroindustria de los pa\u00edses de la regi\u00f3n y a su proyecci\u00f3n internacional. En Argentina sus miembros son Bolsa de Cereales, Mesa de Carnes, Sociedad Rural Argentina, Maizar, Asociaci\u00f3n Argentina de Productores de Siembra Directa, Fedecitrus, Asociaci\u00f3n Argentina de Consorcios Regionales de Experimentaci\u00f3n Agr\u00edcola, ACTA (Asociaci\u00f3n de C\u00e1maras de Tecnolog\u00eda Agropecuaria), Asociaci\u00f3n de Semilleros Argentinos, C\u00e1mara Argentina de Biocombustibles, Centro de Empresas Procesadoras Av\u00edcolas, C\u00e1mara de Sanidad Agropecuaria y Fertilizantes, C\u00e1mara de la Industria Aceitera-Centro de Exportadores de Cereales, Fundaci\u00f3n Producir Conservando, Instituto para las Negociaciones Agr\u00edcolas Internacionales, CARI, ACSOJA, ARGENTRIGO, ASAGIR, FUNPEL, IRRADIA, CONIAGRO y ABC.<\/em><\/p>","protected":false},"excerpt":{"rendered":"<p>GPS prev\u00e9 que el comercio ser\u00e1 crucial para la seguridad alimentaria global y que los gobiernos deben contribuir al fortalecimiento del rol de la OMC. Buenos Aires, 10 de diciembre de 2017._ Entre el 10 y el 13 de diciembre se llevar\u00e1 a cabo en Buenos Aires la XI\u00b0 Conferencia Ministerial de la Organizaci\u00f3n Mundial [&hellip;]<\/p>","protected":false},"author":2,"featured_media":2222,"comment_status":"closed","ping_status":"closed","sticky":false,"template":"","format":"standard","meta":{"footnotes":""},"categories":[19,23],"tags":[52,44],"class_list":["post-2221","post","type-post","status-publish","format-standard","has-post-thumbnail","hentry","category-actividades","category-novedades","tag-gps-comunicado","tag-omc"],"yoast_head":"<!-- This site is optimized with the Yoast SEO plugin v26.8 - https:\/\/yoast.com\/product\/yoast-seo-wordpress\/ -->\n<title>Comunicado de GPS ante celebraci\u00f3n de 11\u00aa Conferencia Ministerial de la OMC en Argentina - GPS<\/title>\n<meta name=\"robots\" content=\"index, follow, max-snippet:-1, max-image-preview:large, max-video-preview:-1\" \/>\n<link rel=\"canonical\" href=\"https:\/\/grupogpps.org\/en\/comunicado-de-gps-ante-celebracion-de-la-11a-conferencia-ministerial-de-la-omc-en-argentina\/\" \/>\n<meta property=\"og:locale\" content=\"en_GB\" \/>\n<meta property=\"og:type\" content=\"article\" \/>\n<meta property=\"og:title\" content=\"Comunicado de GPS ante celebraci\u00f3n de 11\u00aa Conferencia Ministerial de la OMC en Argentina - GPS\" \/>\n<meta property=\"og:description\" content=\"GPS prev\u00e9 que el comercio ser\u00e1 crucial para la seguridad alimentaria global y que los gobiernos deben contribuir al fortalecimiento del rol de la OMC. Buenos Aires, 10 de diciembre de 2017._ Entre el 10 y el 13 de diciembre se llevar\u00e1 a cabo en Buenos Aires la XI\u00b0 Conferencia Ministerial de la Organizaci\u00f3n Mundial [&hellip;]\" \/>\n<meta property=\"og:url\" content=\"https:\/\/grupogpps.org\/en\/comunicado-de-gps-ante-celebracion-de-la-11a-conferencia-ministerial-de-la-omc-en-argentina\/\" \/>\n<meta property=\"og:site_name\" content=\"GPS\" \/>\n<meta property=\"article:publisher\" content=\"https:\/\/www.linkedin.com\/company\/25037162\/\" \/>\n<meta property=\"article:published_time\" content=\"2017-12-11T06:03:42+00:00\" \/>\n<meta property=\"article:modified_time\" content=\"2021-07-07T12:19:35+00:00\" \/>\n<meta property=\"og:image\" content=\"https:\/\/grupogpps.org\/wp-content\/uploads\/2017\/12\/omc-banderas-scaled.jpg\" \/>\n\t<meta property=\"og:image:width\" content=\"2560\" \/>\n\t<meta property=\"og:image:height\" content=\"1707\" \/>\n\t<meta property=\"og:image:type\" content=\"image\/jpeg\" \/>\n<meta name=\"author\" content=\"GPS GPS\" \/>\n<meta name=\"twitter:card\" content=\"summary_large_image\" \/>\n<meta name=\"twitter:creator\" content=\"@GPSLatinAmerica\" \/>\n<meta name=\"twitter:site\" content=\"@GPSLatinAmerica\" \/>\n<meta name=\"twitter:label1\" content=\"Written by\" \/>\n\t<meta name=\"twitter:data1\" content=\"GPS GPS\" \/>\n\t<meta name=\"twitter:label2\" content=\"Estimated reading time\" \/>\n\t<meta name=\"twitter:data2\" content=\"3 minutes\" \/>\n<script type=\"application\/ld+json\" class=\"yoast-schema-graph\">{\"@context\":\"https:\/\/schema.org\",\"@graph\":[{\"@type\":\"Article\",\"@id\":\"https:\/\/grupogpps.org\/comunicado-de-gps-ante-celebracion-de-la-11a-conferencia-ministerial-de-la-omc-en-argentina\/#article\",\"isPartOf\":{\"@id\":\"https:\/\/grupogpps.org\/comunicado-de-gps-ante-celebracion-de-la-11a-conferencia-ministerial-de-la-omc-en-argentina\/\"},\"author\":{\"name\":\"GPS GPS\",\"@id\":\"https:\/\/grupogpps.org\/#\/schema\/person\/faaafcd24616dff095821c72659ce41f\"},\"headline\":\"Comunicado de GPS ante celebraci\u00f3n de 11\u00aa Conferencia Ministerial de la OMC en Argentina\",\"datePublished\":\"2017-12-11T06:03:42+00:00\",\"dateModified\":\"2021-07-07T12:19:35+00:00\",\"mainEntityOfPage\":{\"@id\":\"https:\/\/grupogpps.org\/comunicado-de-gps-ante-celebracion-de-la-11a-conferencia-ministerial-de-la-omc-en-argentina\/\"},\"wordCount\":523,\"publisher\":{\"@id\":\"https:\/\/grupogpps.org\/#organization\"},\"image\":{\"@id\":\"https:\/\/grupogpps.org\/comunicado-de-gps-ante-celebracion-de-la-11a-conferencia-ministerial-de-la-omc-en-argentina\/#primaryimage\"},\"thumbnailUrl\":\"https:\/\/grupogpps.org\/wp-content\/uploads\/2017\/12\/omc-banderas-scaled.jpg\",\"keywords\":[\"GPS Comunicado\",\"OMC\"],\"articleSection\":[\"Actividades\",\"Novedades\"],\"inLanguage\":\"en-GB\"},{\"@type\":\"WebPage\",\"@id\":\"https:\/\/grupogpps.org\/comunicado-de-gps-ante-celebracion-de-la-11a-conferencia-ministerial-de-la-omc-en-argentina\/\",\"url\":\"https:\/\/grupogpps.org\/comunicado-de-gps-ante-celebracion-de-la-11a-conferencia-ministerial-de-la-omc-en-argentina\/\",\"name\":\"Comunicado de GPS ante celebraci\u00f3n de 11\u00aa Conferencia Ministerial de la OMC en Argentina - GPS\",\"isPartOf\":{\"@id\":\"https:\/\/grupogpps.org\/#website\"},\"primaryImageOfPage\":{\"@id\":\"https:\/\/grupogpps.org\/comunicado-de-gps-ante-celebracion-de-la-11a-conferencia-ministerial-de-la-omc-en-argentina\/#primaryimage\"},\"image\":{\"@id\":\"https:\/\/grupogpps.org\/comunicado-de-gps-ante-celebracion-de-la-11a-conferencia-ministerial-de-la-omc-en-argentina\/#primaryimage\"},\"thumbnailUrl\":\"https:\/\/grupogpps.org\/wp-content\/uploads\/2017\/12\/omc-banderas-scaled.jpg\",\"datePublished\":\"2017-12-11T06:03:42+00:00\",\"dateModified\":\"2021-07-07T12:19:35+00:00\",\"breadcrumb\":{\"@id\":\"https:\/\/grupogpps.org\/comunicado-de-gps-ante-celebracion-de-la-11a-conferencia-ministerial-de-la-omc-en-argentina\/#breadcrumb\"},\"inLanguage\":\"en-GB\",\"potentialAction\":[{\"@type\":\"ReadAction\",\"target\":[\"https:\/\/grupogpps.org\/comunicado-de-gps-ante-celebracion-de-la-11a-conferencia-ministerial-de-la-omc-en-argentina\/\"]}]},{\"@type\":\"ImageObject\",\"inLanguage\":\"en-GB\",\"@id\":\"https:\/\/grupogpps.org\/comunicado-de-gps-ante-celebracion-de-la-11a-conferencia-ministerial-de-la-omc-en-argentina\/#primaryimage\",\"url\":\"https:\/\/grupogpps.org\/wp-content\/uploads\/2017\/12\/omc-banderas-scaled.jpg\",\"contentUrl\":\"https:\/\/grupogpps.org\/wp-content\/uploads\/2017\/12\/omc-banderas-scaled.jpg\",\"width\":2560,\"height\":1707,\"caption\":\"Comunicado de GPS ante celebraci\u00f3n de 11\u00aa Conferencia Ministerial de la OMC en Argentina\"},{\"@type\":\"BreadcrumbList\",\"@id\":\"https:\/\/grupogpps.org\/comunicado-de-gps-ante-celebracion-de-la-11a-conferencia-ministerial-de-la-omc-en-argentina\/#breadcrumb\",\"itemListElement\":[{\"@type\":\"ListItem\",\"position\":1,\"name\":\"Inicio\",\"item\":\"https:\/\/grupogpps.org\/\"},{\"@type\":\"ListItem\",\"position\":2,\"name\":\"Comunicado de GPS ante celebraci\u00f3n de 11\u00aa Conferencia Ministerial de la OMC en Argentina\"}]},{\"@type\":\"WebSite\",\"@id\":\"https:\/\/grupogpps.org\/#website\",\"url\":\"https:\/\/grupogpps.org\/\",\"name\":\"GPS\",\"description\":\"Grupo de pa\u00edses productores del sur\",\"publisher\":{\"@id\":\"https:\/\/grupogpps.org\/#organization\"},\"potentialAction\":[{\"@type\":\"SearchAction\",\"target\":{\"@type\":\"EntryPoint\",\"urlTemplate\":\"https:\/\/grupogpps.org\/?s={search_term_string}\"},\"query-input\":{\"@type\":\"PropertyValueSpecification\",\"valueRequired\":true,\"valueName\":\"search_term_string\"}}],\"inLanguage\":\"en-GB\"},{\"@type\":\"Organization\",\"@id\":\"https:\/\/grupogpps.org\/#organization\",\"name\":\"GPS - Grupo de pa\u00edses productores del sur\",\"url\":\"https:\/\/grupogpps.org\/\",\"logo\":{\"@type\":\"ImageObject\",\"inLanguage\":\"en-GB\",\"@id\":\"https:\/\/grupogpps.org\/#\/schema\/logo\/image\/\",\"url\":\"http:\/\/grupogpps.org\/wp-content\/uploads\/2021\/06\/logoGPS3.svg\",\"contentUrl\":\"http:\/\/grupogpps.org\/wp-content\/uploads\/2021\/06\/logoGPS3.svg\",\"width\":1,\"height\":1,\"caption\":\"GPS - Grupo de pa\u00edses productores del sur\"},\"image\":{\"@id\":\"https:\/\/grupogpps.org\/#\/schema\/logo\/image\/\"},\"sameAs\":[\"https:\/\/www.linkedin.com\/company\/25037162\/\",\"https:\/\/x.com\/GPSLatinAmerica\",\"https:\/\/www.instagram.com\/gpslatin\/\",\"https:\/\/www.youtube.com\/channel\/UCM2Qf0jSqNRJRkqmU8dO9QA\/videos\"]},{\"@type\":\"Person\",\"@id\":\"https:\/\/grupogpps.org\/#\/schema\/person\/faaafcd24616dff095821c72659ce41f\",\"name\":\"GPS GPS\",\"url\":\"https:\/\/grupogpps.org\/en\/author\/gps\/\"}]}<\/script>\n<!-- \/ Yoast SEO plugin. -->","yoast_head_json":{"title":"Comunicado de GPS ante celebraci\u00f3n de 11\u00aa Conferencia Ministerial de la OMC en Argentina - GPS","robots":{"index":"index","follow":"follow","max-snippet":"max-snippet:-1","max-image-preview":"max-image-preview:large","max-video-preview":"max-video-preview:-1"},"canonical":"https:\/\/grupogpps.org\/en\/comunicado-de-gps-ante-celebracion-de-la-11a-conferencia-ministerial-de-la-omc-en-argentina\/","og_locale":"en_GB","og_type":"article","og_title":"Comunicado de GPS ante celebraci\u00f3n de 11\u00aa Conferencia Ministerial de la OMC en Argentina - GPS","og_description":"GPS prev\u00e9 que el comercio ser\u00e1 crucial para la seguridad alimentaria global y que los gobiernos deben contribuir al fortalecimiento del rol de la OMC. Buenos Aires, 10 de diciembre de 2017._ Entre el 10 y el 13 de diciembre se llevar\u00e1 a cabo en Buenos Aires la XI\u00b0 Conferencia Ministerial de la Organizaci\u00f3n Mundial [&hellip;]","og_url":"https:\/\/grupogpps.org\/en\/comunicado-de-gps-ante-celebracion-de-la-11a-conferencia-ministerial-de-la-omc-en-argentina\/","og_site_name":"GPS","article_publisher":"https:\/\/www.linkedin.com\/company\/25037162\/","article_published_time":"2017-12-11T06:03:42+00:00","article_modified_time":"2021-07-07T12:19:35+00:00","og_image":[{"width":2560,"height":1707,"url":"https:\/\/grupogpps.org\/wp-content\/uploads\/2017\/12\/omc-banderas-scaled.jpg","type":"image\/jpeg"}],"author":"GPS GPS","twitter_card":"summary_large_image","twitter_creator":"@GPSLatinAmerica","twitter_site":"@GPSLatinAmerica","twitter_misc":{"Written by":"GPS GPS","Estimated reading time":"3 minutes"},"schema":{"@context":"https:\/\/schema.org","@graph":[{"@type":"Article","@id":"https:\/\/grupogpps.org\/comunicado-de-gps-ante-celebracion-de-la-11a-conferencia-ministerial-de-la-omc-en-argentina\/#article","isPartOf":{"@id":"https:\/\/grupogpps.org\/comunicado-de-gps-ante-celebracion-de-la-11a-conferencia-ministerial-de-la-omc-en-argentina\/"},"author":{"name":"GPS GPS","@id":"https:\/\/grupogpps.org\/#\/schema\/person\/faaafcd24616dff095821c72659ce41f"},"headline":"Comunicado de GPS ante celebraci\u00f3n de 11\u00aa Conferencia Ministerial de la OMC en Argentina","datePublished":"2017-12-11T06:03:42+00:00","dateModified":"2021-07-07T12:19:35+00:00","mainEntityOfPage":{"@id":"https:\/\/grupogpps.org\/comunicado-de-gps-ante-celebracion-de-la-11a-conferencia-ministerial-de-la-omc-en-argentina\/"},"wordCount":523,"publisher":{"@id":"https:\/\/grupogpps.org\/#organization"},"image":{"@id":"https:\/\/grupogpps.org\/comunicado-de-gps-ante-celebracion-de-la-11a-conferencia-ministerial-de-la-omc-en-argentina\/#primaryimage"},"thumbnailUrl":"https:\/\/grupogpps.org\/wp-content\/uploads\/2017\/12\/omc-banderas-scaled.jpg","keywords":["GPS Comunicado","OMC"],"articleSection":["Actividades","Novedades"],"inLanguage":"en-GB"},{"@type":"WebPage","@id":"https:\/\/grupogpps.org\/comunicado-de-gps-ante-celebracion-de-la-11a-conferencia-ministerial-de-la-omc-en-argentina\/","url":"https:\/\/grupogpps.org\/comunicado-de-gps-ante-celebracion-de-la-11a-conferencia-ministerial-de-la-omc-en-argentina\/","name":"Comunicado de GPS ante celebraci\u00f3n de 11\u00aa Conferencia Ministerial de la OMC en Argentina - GPS","isPartOf":{"@id":"https:\/\/grupogpps.org\/#website"},"primaryImageOfPage":{"@id":"https:\/\/grupogpps.org\/comunicado-de-gps-ante-celebracion-de-la-11a-conferencia-ministerial-de-la-omc-en-argentina\/#primaryimage"},"image":{"@id":"https:\/\/grupogpps.org\/comunicado-de-gps-ante-celebracion-de-la-11a-conferencia-ministerial-de-la-omc-en-argentina\/#primaryimage"},"thumbnailUrl":"https:\/\/grupogpps.org\/wp-content\/uploads\/2017\/12\/omc-banderas-scaled.jpg","datePublished":"2017-12-11T06:03:42+00:00","dateModified":"2021-07-07T12:19:35+00:00","breadcrumb":{"@id":"https:\/\/grupogpps.org\/comunicado-de-gps-ante-celebracion-de-la-11a-conferencia-ministerial-de-la-omc-en-argentina\/#breadcrumb"},"inLanguage":"en-GB","potentialAction":[{"@type":"ReadAction","target":["https:\/\/grupogpps.org\/comunicado-de-gps-ante-celebracion-de-la-11a-conferencia-ministerial-de-la-omc-en-argentina\/"]}]},{"@type":"ImageObject","inLanguage":"en-GB","@id":"https:\/\/grupogpps.org\/comunicado-de-gps-ante-celebracion-de-la-11a-conferencia-ministerial-de-la-omc-en-argentina\/#primaryimage","url":"https:\/\/grupogpps.org\/wp-content\/uploads\/2017\/12\/omc-banderas-scaled.jpg","contentUrl":"https:\/\/grupogpps.org\/wp-content\/uploads\/2017\/12\/omc-banderas-scaled.jpg","width":2560,"height":1707,"caption":"Comunicado de GPS ante celebraci\u00f3n de 11\u00aa Conferencia Ministerial de la OMC en Argentina"},{"@type":"BreadcrumbList","@id":"https:\/\/grupogpps.org\/comunicado-de-gps-ante-celebracion-de-la-11a-conferencia-ministerial-de-la-omc-en-argentina\/#breadcrumb","itemListElement":[{"@type":"ListItem","position":1,"name":"Inicio","item":"https:\/\/grupogpps.org\/"},{"@type":"ListItem","position":2,"name":"Comunicado de GPS ante celebraci\u00f3n de 11\u00aa Conferencia Ministerial de la OMC en Argentina"}]},{"@type":"WebSite","@id":"https:\/\/grupogpps.org\/#website","url":"https:\/\/grupogpps.org\/","name":"GPS","description":"Grupo de pa\u00edses productores del sur","publisher":{"@id":"https:\/\/grupogpps.org\/#organization"},"potentialAction":[{"@type":"SearchAction","target":{"@type":"EntryPoint","urlTemplate":"https:\/\/grupogpps.org\/?s={search_term_string}"},"query-input":{"@type":"PropertyValueSpecification","valueRequired":true,"valueName":"search_term_string"}}],"inLanguage":"en-GB"},{"@type":"Organization","@id":"https:\/\/grupogpps.org\/#organization","name":"GPS - Grupo de pa\u00edses productores del sur","url":"https:\/\/grupogpps.org\/","logo":{"@type":"ImageObject","inLanguage":"en-GB","@id":"https:\/\/grupogpps.org\/#\/schema\/logo\/image\/","url":"http:\/\/grupogpps.org\/wp-content\/uploads\/2021\/06\/logoGPS3.svg","contentUrl":"http:\/\/grupogpps.org\/wp-content\/uploads\/2021\/06\/logoGPS3.svg","width":1,"height":1,"caption":"GPS - Grupo de pa\u00edses productores del sur"},"image":{"@id":"https:\/\/grupogpps.org\/#\/schema\/logo\/image\/"},"sameAs":["https:\/\/www.linkedin.com\/company\/25037162\/","https:\/\/x.com\/GPSLatinAmerica","https:\/\/www.instagram.com\/gpslatin\/","https:\/\/www.youtube.com\/channel\/UCM2Qf0jSqNRJRkqmU8dO9QA\/videos"]},{"@type":"Person","@id":"https:\/\/grupogpps.org\/#\/schema\/person\/faaafcd24616dff095821c72659ce41f","name":"GPS GPS","url":"https:\/\/grupogpps.org\/en\/author\/gps\/"}]}},"_links":{"self":[{"href":"https:\/\/grupogpps.org\/en\/wp-json\/wp\/v2\/posts\/2221","targetHints":{"allow":["GET"]}}],"collection":[{"href":"https:\/\/grupogpps.org\/en\/wp-json\/wp\/v2\/posts"}],"about":[{"href":"https:\/\/grupogpps.org\/en\/wp-json\/wp\/v2\/types\/post"}],"author":[{"embeddable":true,"href":"https:\/\/grupogpps.org\/en\/wp-json\/wp\/v2\/users\/2"}],"replies":[{"embeddable":true,"href":"https:\/\/grupogpps.org\/en\/wp-json\/wp\/v2\/comments?post=2221"}],"version-history":[{"count":1,"href":"https:\/\/grupogpps.org\/en\/wp-json\/wp\/v2\/posts\/2221\/revisions"}],"predecessor-version":[{"id":3001,"href":"https:\/\/grupogpps.org\/en\/wp-json\/wp\/v2\/posts\/2221\/revisions\/3001"}],"wp:featuredmedia":[{"embeddable":true,"href":"https:\/\/grupogpps.org\/en\/wp-json\/wp\/v2\/media\/2222"}],"wp:attachment":[{"href":"https:\/\/grupogpps.org\/en\/wp-json\/wp\/v2\/media?parent=2221"}],"wp:term":[{"taxonomy":"category","embeddable":true,"href":"https:\/\/grupogpps.org\/en\/wp-json\/wp\/v2\/categories?post=2221"},{"taxonomy":"post_tag","embeddable":true,"href":"https:\/\/grupogpps.org\/en\/wp-json\/wp\/v2\/tags?post=2221"}],"curies":[{"name":"wp","href":"https:\/\/api.w.org\/{rel}","templated":true}]}}