{"id":2216,"date":"2017-12-11T03:53:44","date_gmt":"2017-12-11T06:53:44","guid":{"rendered":"http:\/\/grupogpps.org\/?p=666"},"modified":"2021-07-07T09:17:58","modified_gmt":"2021-07-07T12:17:58","slug":"gps-participa-de-la-agenda-de-eventos-de-la-xi-conferencia-ministerial-de-la-omc","status":"publish","type":"post","link":"https:\/\/grupogpps.org\/en\/gps-participa-de-la-agenda-de-eventos-de-la-xi-conferencia-ministerial-de-la-omc\/","title":{"rendered":"GPS participa de la agenda de eventos de la 11\u00aa Conferencia Ministerial de la OMC"},"content":{"rendered":"<p><strong>La agenda paralela est\u00e1 organizada por el&nbsp;Centro Internacional para el Comercio y el Desarrollo Sustentable (ICTSD, por sus siglas en ingl\u00e9s).<\/strong><\/p>\n\n\n\n<p>Representantes de la red&nbsp; Grupo de Pa\u00edses Productores del Sur, GPS, participar\u00e1n en la agenda paralela de la Conferencia Ministerial de la Organizaci\u00f3n Mundial de Comercio que se celebra entre los d\u00edas 10 y 13 de diciembre en Buenos Aires.<\/p>\n\n\n\n<p>Los representantes de GPS formar\u00e1n parte de los paneles del Simposio de Comercio y Desarrollo Sustentable, organizado por el Centro Internacional para el Comercio y el Desarrollo Sustentable (ICTSD, por sus siglas en ingl\u00e9s), en cooperaci\u00f3n con el Consejo Argentino para las Relaciones Internacionales, CARI; Banco Interamericano de Desarrollo, Cippec y Bolsa de Cereales.<\/p>\n\n\n\n<div style=\"height:20px\" aria-hidden=\"true\" class=\"wp-block-spacer\"><\/div>\n\n\n\n<figure class=\"wp-block-gallery aligncenter columns-1 is-cropped wp-block-gallery-1 is-layout-flex wp-block-gallery-is-layout-flex\"><ul class=\"blocks-gallery-grid\"><li class=\"blocks-gallery-item\"><figure><a href=\"http:\/\/grupogpps.org\/wp-content\/uploads\/2021\/07\/puente-de-la-mujer.jpg\"><img loading=\"lazy\" decoding=\"async\" width=\"1024\" height=\"683\" src=\"http:\/\/grupogpps.org\/wp-content\/uploads\/2021\/07\/puente-de-la-mujer.jpg\" alt=\"\" data-id=\"2998\" data-full-url=\"http:\/\/grupogpps.org\/wp-content\/uploads\/2021\/07\/puente-de-la-mujer.jpg\" data-link=\"http:\/\/grupogpps.org\/2017\/12\/11\/gps-participa-de-la-agenda-de-eventos-de-la-xi-conferencia-ministerial-de-la-omc\/puente-de-la-mujer-2\/\" class=\"wp-image-2998\" srcset=\"https:\/\/grupogpps.org\/wp-content\/uploads\/2021\/07\/puente-de-la-mujer.jpg 1024w, https:\/\/grupogpps.org\/wp-content\/uploads\/2021\/07\/puente-de-la-mujer-300x200.jpg 300w, https:\/\/grupogpps.org\/wp-content\/uploads\/2021\/07\/puente-de-la-mujer-768x512.jpg 768w, https:\/\/grupogpps.org\/wp-content\/uploads\/2021\/07\/puente-de-la-mujer-16x12.jpg 16w\" sizes=\"auto, (max-width: 1024px) 100vw, 1024px\" \/><\/a><\/figure><\/li><\/ul><\/figure>\n\n\n\n<div style=\"height:20px\" aria-hidden=\"true\" class=\"wp-block-spacer\"><\/div>\n\n\n\n<p><strong>Lunes 11 de diciembre, 13.30 horas<\/strong><\/p>\n\n\n\n<p>Comercio Internacional y Seguridad Alimentaria: la visi\u00f3n de los pa\u00edses exportadores e importadores de alimentos.<\/p>\n\n\n\n<p><strong>Martes 12 de diciembre, 17.00 horas<\/strong><\/p>\n\n\n\n<p>Comercio agr\u00edcola, cambio clim\u00e1tico y metas de desarrollo sustentable. Mart\u00edn Pi\u00f1eiro participa por GPS<\/p>\n\n\n\n<p><strong>Mi\u00e9rcoles 13 de diciembre<\/strong><\/p>\n\n\n\n<p><strong>13.30 horas<\/strong><\/p>\n\n\n\n<p>Reconsiderando los temas del agro<\/p>\n\n\n\n<p><strong>17:00 horas<\/strong><\/p>\n\n\n\n<p>Temas de discusi\u00f3n y contribuciones de los pa\u00edses del Cono Sur a la agenda agroindustrial<\/p>\n\n\n\n<p><strong>18:30 horas<\/strong><\/p>\n\n\n\n<p>Intereses y desaf\u00edos del comercio agr\u00edcola en la Conferencia Ministerial de la OMC en Buenos Aires: la perspectiva del Cono Sur<\/p>\n\n\n\n<p><strong>M\u00e1s informaci\u00f3n sobre las ponencias y sus participantes:\u00a0<\/strong>https:\/\/www.ictsd.org\/<\/p>\n\n\n\n<p><\/p>","protected":false},"excerpt":{"rendered":"<p>La agenda paralela est\u00e1 organizada por el&nbsp;Centro Internacional para el Comercio y el Desarrollo Sustentable (ICTSD, por sus siglas en ingl\u00e9s). Representantes de la red&nbsp; Grupo de Pa\u00edses Productores del Sur, GPS, participar\u00e1n en la agenda paralela de la Conferencia Ministerial de la Organizaci\u00f3n Mundial de Comercio que se celebra entre los d\u00edas 10 y [&hellip;]<\/p>","protected":false},"author":2,"featured_media":2218,"comment_status":"closed","ping_status":"closed","sticky":false,"template":"","format":"standard","meta":{"footnotes":""},"categories":[19,25,23],"tags":[37,36,50],"class_list":["post-2216","post","type-post","status-publish","format-standard","has-post-thumbnail","hentry","category-actividades","category-home","category-novedades","tag-gps","tag-ictsd","tag-omc-buenos-aires"],"yoast_head":"<!-- This site is optimized with the Yoast SEO plugin v26.8 - https:\/\/yoast.com\/product\/yoast-seo-wordpress\/ -->\n<title>GPS participa de la agenda de eventos de la 11\u00aa Conferencia Ministerial de la OMC - GPS<\/title>\n<meta name=\"robots\" content=\"index, follow, max-snippet:-1, max-image-preview:large, max-video-preview:-1\" \/>\n<link rel=\"canonical\" href=\"https:\/\/grupogpps.org\/en\/gps-participa-de-la-agenda-de-eventos-de-la-xi-conferencia-ministerial-de-la-omc\/\" \/>\n<meta property=\"og:locale\" content=\"en_GB\" \/>\n<meta property=\"og:type\" content=\"article\" \/>\n<meta property=\"og:title\" content=\"GPS participa de la agenda de eventos de la 11\u00aa Conferencia Ministerial de la OMC - GPS\" \/>\n<meta property=\"og:description\" content=\"La agenda paralela est\u00e1 organizada por el&nbsp;Centro Internacional para el Comercio y el Desarrollo Sustentable (ICTSD, por sus siglas en ingl\u00e9s). Representantes de la red&nbsp; Grupo de Pa\u00edses Productores del Sur, GPS, participar\u00e1n en la agenda paralela de la Conferencia Ministerial de la Organizaci\u00f3n Mundial de Comercio que se celebra entre los d\u00edas 10 y [&hellip;]\" \/>\n<meta property=\"og:url\" content=\"https:\/\/grupogpps.org\/en\/gps-participa-de-la-agenda-de-eventos-de-la-xi-conferencia-ministerial-de-la-omc\/\" \/>\n<meta property=\"og:site_name\" content=\"GPS\" \/>\n<meta property=\"article:publisher\" content=\"https:\/\/www.linkedin.com\/company\/25037162\/\" \/>\n<meta property=\"article:published_time\" content=\"2017-12-11T06:53:44+00:00\" \/>\n<meta property=\"article:modified_time\" content=\"2021-07-07T12:17:58+00:00\" \/>\n<meta property=\"og:image\" content=\"https:\/\/grupogpps.org\/wp-content\/uploads\/2017\/12\/bolsa-de-Cereales.jpg\" \/>\n\t<meta property=\"og:image:width\" content=\"630\" \/>\n\t<meta property=\"og:image:height\" content=\"435\" \/>\n\t<meta property=\"og:image:type\" content=\"image\/jpeg\" \/>\n<meta name=\"author\" content=\"GPS GPS\" \/>\n<meta name=\"twitter:card\" content=\"summary_large_image\" \/>\n<meta name=\"twitter:creator\" content=\"@GPSLatinAmerica\" \/>\n<meta name=\"twitter:site\" content=\"@GPSLatinAmerica\" \/>\n<meta name=\"twitter:label1\" content=\"Written by\" \/>\n\t<meta name=\"twitter:data1\" content=\"GPS GPS\" \/>\n\t<meta name=\"twitter:label2\" content=\"Estimated reading time\" \/>\n\t<meta name=\"twitter:data2\" content=\"1 minute\" \/>\n<script type=\"application\/ld+json\" class=\"yoast-schema-graph\">{\"@context\":\"https:\/\/schema.org\",\"@graph\":[{\"@type\":\"Article\",\"@id\":\"https:\/\/grupogpps.org\/gps-participa-de-la-agenda-de-eventos-de-la-xi-conferencia-ministerial-de-la-omc\/#article\",\"isPartOf\":{\"@id\":\"https:\/\/grupogpps.org\/gps-participa-de-la-agenda-de-eventos-de-la-xi-conferencia-ministerial-de-la-omc\/\"},\"author\":{\"name\":\"GPS GPS\",\"@id\":\"https:\/\/grupogpps.org\/#\/schema\/person\/faaafcd24616dff095821c72659ce41f\"},\"headline\":\"GPS participa de la agenda de eventos de la 11\u00aa Conferencia Ministerial de la OMC\",\"datePublished\":\"2017-12-11T06:53:44+00:00\",\"dateModified\":\"2021-07-07T12:17:58+00:00\",\"mainEntityOfPage\":{\"@id\":\"https:\/\/grupogpps.org\/gps-participa-de-la-agenda-de-eventos-de-la-xi-conferencia-ministerial-de-la-omc\/\"},\"wordCount\":247,\"publisher\":{\"@id\":\"https:\/\/grupogpps.org\/#organization\"},\"image\":{\"@id\":\"https:\/\/grupogpps.org\/gps-participa-de-la-agenda-de-eventos-de-la-xi-conferencia-ministerial-de-la-omc\/#primaryimage\"},\"thumbnailUrl\":\"https:\/\/grupogpps.org\/wp-content\/uploads\/2017\/12\/bolsa-de-Cereales.jpg\",\"keywords\":[\"GPS\",\"ictsd\",\"OMC Buenos Aires\"],\"articleSection\":[\"Actividades\",\"Home\",\"Novedades\"],\"inLanguage\":\"en-GB\"},{\"@type\":\"WebPage\",\"@id\":\"https:\/\/grupogpps.org\/gps-participa-de-la-agenda-de-eventos-de-la-xi-conferencia-ministerial-de-la-omc\/\",\"url\":\"https:\/\/grupogpps.org\/gps-participa-de-la-agenda-de-eventos-de-la-xi-conferencia-ministerial-de-la-omc\/\",\"name\":\"GPS participa de la agenda de eventos de la 11\u00aa Conferencia Ministerial de la OMC - GPS\",\"isPartOf\":{\"@id\":\"https:\/\/grupogpps.org\/#website\"},\"primaryImageOfPage\":{\"@id\":\"https:\/\/grupogpps.org\/gps-participa-de-la-agenda-de-eventos-de-la-xi-conferencia-ministerial-de-la-omc\/#primaryimage\"},\"image\":{\"@id\":\"https:\/\/grupogpps.org\/gps-participa-de-la-agenda-de-eventos-de-la-xi-conferencia-ministerial-de-la-omc\/#primaryimage\"},\"thumbnailUrl\":\"https:\/\/grupogpps.org\/wp-content\/uploads\/2017\/12\/bolsa-de-Cereales.jpg\",\"datePublished\":\"2017-12-11T06:53:44+00:00\",\"dateModified\":\"2021-07-07T12:17:58+00:00\",\"breadcrumb\":{\"@id\":\"https:\/\/grupogpps.org\/gps-participa-de-la-agenda-de-eventos-de-la-xi-conferencia-ministerial-de-la-omc\/#breadcrumb\"},\"inLanguage\":\"en-GB\",\"potentialAction\":[{\"@type\":\"ReadAction\",\"target\":[\"https:\/\/grupogpps.org\/gps-participa-de-la-agenda-de-eventos-de-la-xi-conferencia-ministerial-de-la-omc\/\"]}]},{\"@type\":\"ImageObject\",\"inLanguage\":\"en-GB\",\"@id\":\"https:\/\/grupogpps.org\/gps-participa-de-la-agenda-de-eventos-de-la-xi-conferencia-ministerial-de-la-omc\/#primaryimage\",\"url\":\"https:\/\/grupogpps.org\/wp-content\/uploads\/2017\/12\/bolsa-de-Cereales.jpg\",\"contentUrl\":\"https:\/\/grupogpps.org\/wp-content\/uploads\/2017\/12\/bolsa-de-Cereales.jpg\",\"width\":630,\"height\":435,\"caption\":\"GPS participa de la agenda de eventos de la 11\u00aa Conferencia Ministerial de la OMC\"},{\"@type\":\"BreadcrumbList\",\"@id\":\"https:\/\/grupogpps.org\/gps-participa-de-la-agenda-de-eventos-de-la-xi-conferencia-ministerial-de-la-omc\/#breadcrumb\",\"itemListElement\":[{\"@type\":\"ListItem\",\"position\":1,\"name\":\"Inicio\",\"item\":\"https:\/\/grupogpps.org\/\"},{\"@type\":\"ListItem\",\"position\":2,\"name\":\"GPS participa de la agenda de eventos de la 11\u00aa Conferencia Ministerial de la OMC\"}]},{\"@type\":\"WebSite\",\"@id\":\"https:\/\/grupogpps.org\/#website\",\"url\":\"https:\/\/grupogpps.org\/\",\"name\":\"GPS\",\"description\":\"Grupo de pa\u00edses productores del sur\",\"publisher\":{\"@id\":\"https:\/\/grupogpps.org\/#organization\"},\"potentialAction\":[{\"@type\":\"SearchAction\",\"target\":{\"@type\":\"EntryPoint\",\"urlTemplate\":\"https:\/\/grupogpps.org\/?s={search_term_string}\"},\"query-input\":{\"@type\":\"PropertyValueSpecification\",\"valueRequired\":true,\"valueName\":\"search_term_string\"}}],\"inLanguage\":\"en-GB\"},{\"@type\":\"Organization\",\"@id\":\"https:\/\/grupogpps.org\/#organization\",\"name\":\"GPS - Grupo de pa\u00edses productores del sur\",\"url\":\"https:\/\/grupogpps.org\/\",\"logo\":{\"@type\":\"ImageObject\",\"inLanguage\":\"en-GB\",\"@id\":\"https:\/\/grupogpps.org\/#\/schema\/logo\/image\/\",\"url\":\"http:\/\/grupogpps.org\/wp-content\/uploads\/2021\/06\/logoGPS3.svg\",\"contentUrl\":\"http:\/\/grupogpps.org\/wp-content\/uploads\/2021\/06\/logoGPS3.svg\",\"width\":1,\"height\":1,\"caption\":\"GPS - Grupo de pa\u00edses productores del sur\"},\"image\":{\"@id\":\"https:\/\/grupogpps.org\/#\/schema\/logo\/image\/\"},\"sameAs\":[\"https:\/\/www.linkedin.com\/company\/25037162\/\",\"https:\/\/x.com\/GPSLatinAmerica\",\"https:\/\/www.instagram.com\/gpslatin\/\",\"https:\/\/www.youtube.com\/channel\/UCM2Qf0jSqNRJRkqmU8dO9QA\/videos\"]},{\"@type\":\"Person\",\"@id\":\"https:\/\/grupogpps.org\/#\/schema\/person\/faaafcd24616dff095821c72659ce41f\",\"name\":\"GPS GPS\",\"url\":\"https:\/\/grupogpps.org\/en\/author\/gps\/\"}]}<\/script>\n<!-- \/ Yoast SEO plugin. -->","yoast_head_json":{"title":"GPS participa de la agenda de eventos de la 11\u00aa Conferencia Ministerial de la OMC - GPS","robots":{"index":"index","follow":"follow","max-snippet":"max-snippet:-1","max-image-preview":"max-image-preview:large","max-video-preview":"max-video-preview:-1"},"canonical":"https:\/\/grupogpps.org\/en\/gps-participa-de-la-agenda-de-eventos-de-la-xi-conferencia-ministerial-de-la-omc\/","og_locale":"en_GB","og_type":"article","og_title":"GPS participa de la agenda de eventos de la 11\u00aa Conferencia Ministerial de la OMC - GPS","og_description":"La agenda paralela est\u00e1 organizada por el&nbsp;Centro Internacional para el Comercio y el Desarrollo Sustentable (ICTSD, por sus siglas en ingl\u00e9s). Representantes de la red&nbsp; Grupo de Pa\u00edses Productores del Sur, GPS, participar\u00e1n en la agenda paralela de la Conferencia Ministerial de la Organizaci\u00f3n Mundial de Comercio que se celebra entre los d\u00edas 10 y [&hellip;]","og_url":"https:\/\/grupogpps.org\/en\/gps-participa-de-la-agenda-de-eventos-de-la-xi-conferencia-ministerial-de-la-omc\/","og_site_name":"GPS","article_publisher":"https:\/\/www.linkedin.com\/company\/25037162\/","article_published_time":"2017-12-11T06:53:44+00:00","article_modified_time":"2021-07-07T12:17:58+00:00","og_image":[{"width":630,"height":435,"url":"https:\/\/grupogpps.org\/wp-content\/uploads\/2017\/12\/bolsa-de-Cereales.jpg","type":"image\/jpeg"}],"author":"GPS GPS","twitter_card":"summary_large_image","twitter_creator":"@GPSLatinAmerica","twitter_site":"@GPSLatinAmerica","twitter_misc":{"Written by":"GPS GPS","Estimated reading time":"1 minute"},"schema":{"@context":"https:\/\/schema.org","@graph":[{"@type":"Article","@id":"https:\/\/grupogpps.org\/gps-participa-de-la-agenda-de-eventos-de-la-xi-conferencia-ministerial-de-la-omc\/#article","isPartOf":{"@id":"https:\/\/grupogpps.org\/gps-participa-de-la-agenda-de-eventos-de-la-xi-conferencia-ministerial-de-la-omc\/"},"author":{"name":"GPS GPS","@id":"https:\/\/grupogpps.org\/#\/schema\/person\/faaafcd24616dff095821c72659ce41f"},"headline":"GPS participa de la agenda de eventos de la 11\u00aa Conferencia Ministerial de la OMC","datePublished":"2017-12-11T06:53:44+00:00","dateModified":"2021-07-07T12:17:58+00:00","mainEntityOfPage":{"@id":"https:\/\/grupogpps.org\/gps-participa-de-la-agenda-de-eventos-de-la-xi-conferencia-ministerial-de-la-omc\/"},"wordCount":247,"publisher":{"@id":"https:\/\/grupogpps.org\/#organization"},"image":{"@id":"https:\/\/grupogpps.org\/gps-participa-de-la-agenda-de-eventos-de-la-xi-conferencia-ministerial-de-la-omc\/#primaryimage"},"thumbnailUrl":"https:\/\/grupogpps.org\/wp-content\/uploads\/2017\/12\/bolsa-de-Cereales.jpg","keywords":["GPS","ictsd","OMC Buenos Aires"],"articleSection":["Actividades","Home","Novedades"],"inLanguage":"en-GB"},{"@type":"WebPage","@id":"https:\/\/grupogpps.org\/gps-participa-de-la-agenda-de-eventos-de-la-xi-conferencia-ministerial-de-la-omc\/","url":"https:\/\/grupogpps.org\/gps-participa-de-la-agenda-de-eventos-de-la-xi-conferencia-ministerial-de-la-omc\/","name":"GPS participa de la agenda de eventos de la 11\u00aa Conferencia Ministerial de la OMC - GPS","isPartOf":{"@id":"https:\/\/grupogpps.org\/#website"},"primaryImageOfPage":{"@id":"https:\/\/grupogpps.org\/gps-participa-de-la-agenda-de-eventos-de-la-xi-conferencia-ministerial-de-la-omc\/#primaryimage"},"image":{"@id":"https:\/\/grupogpps.org\/gps-participa-de-la-agenda-de-eventos-de-la-xi-conferencia-ministerial-de-la-omc\/#primaryimage"},"thumbnailUrl":"https:\/\/grupogpps.org\/wp-content\/uploads\/2017\/12\/bolsa-de-Cereales.jpg","datePublished":"2017-12-11T06:53:44+00:00","dateModified":"2021-07-07T12:17:58+00:00","breadcrumb":{"@id":"https:\/\/grupogpps.org\/gps-participa-de-la-agenda-de-eventos-de-la-xi-conferencia-ministerial-de-la-omc\/#breadcrumb"},"inLanguage":"en-GB","potentialAction":[{"@type":"ReadAction","target":["https:\/\/grupogpps.org\/gps-participa-de-la-agenda-de-eventos-de-la-xi-conferencia-ministerial-de-la-omc\/"]}]},{"@type":"ImageObject","inLanguage":"en-GB","@id":"https:\/\/grupogpps.org\/gps-participa-de-la-agenda-de-eventos-de-la-xi-conferencia-ministerial-de-la-omc\/#primaryimage","url":"https:\/\/grupogpps.org\/wp-content\/uploads\/2017\/12\/bolsa-de-Cereales.jpg","contentUrl":"https:\/\/grupogpps.org\/wp-content\/uploads\/2017\/12\/bolsa-de-Cereales.jpg","width":630,"height":435,"caption":"GPS participa de la agenda de eventos de la 11\u00aa Conferencia Ministerial de la OMC"},{"@type":"BreadcrumbList","@id":"https:\/\/grupogpps.org\/gps-participa-de-la-agenda-de-eventos-de-la-xi-conferencia-ministerial-de-la-omc\/#breadcrumb","itemListElement":[{"@type":"ListItem","position":1,"name":"Inicio","item":"https:\/\/grupogpps.org\/"},{"@type":"ListItem","position":2,"name":"GPS participa de la agenda de eventos de la 11\u00aa Conferencia Ministerial de la OMC"}]},{"@type":"WebSite","@id":"https:\/\/grupogpps.org\/#website","url":"https:\/\/grupogpps.org\/","name":"GPS","description":"Grupo de pa\u00edses productores del sur","publisher":{"@id":"https:\/\/grupogpps.org\/#organization"},"potentialAction":[{"@type":"SearchAction","target":{"@type":"EntryPoint","urlTemplate":"https:\/\/grupogpps.org\/?s={search_term_string}"},"query-input":{"@type":"PropertyValueSpecification","valueRequired":true,"valueName":"search_term_string"}}],"inLanguage":"en-GB"},{"@type":"Organization","@id":"https:\/\/grupogpps.org\/#organization","name":"GPS - Grupo de pa\u00edses productores del sur","url":"https:\/\/grupogpps.org\/","logo":{"@type":"ImageObject","inLanguage":"en-GB","@id":"https:\/\/grupogpps.org\/#\/schema\/logo\/image\/","url":"http:\/\/grupogpps.org\/wp-content\/uploads\/2021\/06\/logoGPS3.svg","contentUrl":"http:\/\/grupogpps.org\/wp-content\/uploads\/2021\/06\/logoGPS3.svg","width":1,"height":1,"caption":"GPS - Grupo de pa\u00edses productores del sur"},"image":{"@id":"https:\/\/grupogpps.org\/#\/schema\/logo\/image\/"},"sameAs":["https:\/\/www.linkedin.com\/company\/25037162\/","https:\/\/x.com\/GPSLatinAmerica","https:\/\/www.instagram.com\/gpslatin\/","https:\/\/www.youtube.com\/channel\/UCM2Qf0jSqNRJRkqmU8dO9QA\/videos"]},{"@type":"Person","@id":"https:\/\/grupogpps.org\/#\/schema\/person\/faaafcd24616dff095821c72659ce41f","name":"GPS GPS","url":"https:\/\/grupogpps.org\/en\/author\/gps\/"}]}},"_links":{"self":[{"href":"https:\/\/grupogpps.org\/en\/wp-json\/wp\/v2\/posts\/2216","targetHints":{"allow":["GET"]}}],"collection":[{"href":"https:\/\/grupogpps.org\/en\/wp-json\/wp\/v2\/posts"}],"about":[{"href":"https:\/\/grupogpps.org\/en\/wp-json\/wp\/v2\/types\/post"}],"author":[{"embeddable":true,"href":"https:\/\/grupogpps.org\/en\/wp-json\/wp\/v2\/users\/2"}],"replies":[{"embeddable":true,"href":"https:\/\/grupogpps.org\/en\/wp-json\/wp\/v2\/comments?post=2216"}],"version-history":[{"count":2,"href":"https:\/\/grupogpps.org\/en\/wp-json\/wp\/v2\/posts\/2216\/revisions"}],"predecessor-version":[{"id":2999,"href":"https:\/\/grupogpps.org\/en\/wp-json\/wp\/v2\/posts\/2216\/revisions\/2999"}],"wp:featuredmedia":[{"embeddable":true,"href":"https:\/\/grupogpps.org\/en\/wp-json\/wp\/v2\/media\/2218"}],"wp:attachment":[{"href":"https:\/\/grupogpps.org\/en\/wp-json\/wp\/v2\/media?parent=2216"}],"wp:term":[{"taxonomy":"category","embeddable":true,"href":"https:\/\/grupogpps.org\/en\/wp-json\/wp\/v2\/categories?post=2216"},{"taxonomy":"post_tag","embeddable":true,"href":"https:\/\/grupogpps.org\/en\/wp-json\/wp\/v2\/tags?post=2216"}],"curies":[{"name":"wp","href":"https:\/\/api.w.org\/{rel}","templated":true}]}}