{"id":2195,"date":"2017-12-13T12:43:49","date_gmt":"2017-12-13T15:43:49","guid":{"rendered":"http:\/\/grupogpps.org\/?p=704"},"modified":"2021-07-07T09:07:39","modified_gmt":"2021-07-07T12:07:39","slug":"gpsenlaministerial-presentan-libro-intereses-y-desafios-del-comercio-agricola-en-la-conferencia-ministerial-de-la-omc-en-buenos-aires-una-perspectiva-del-cono-sur","status":"publish","type":"post","link":"https:\/\/grupogpps.org\/en\/gpsenlaministerial-presentan-libro-intereses-y-desafios-del-comercio-agricola-en-la-conferencia-ministerial-de-la-omc-en-buenos-aires-una-perspectiva-del-cono-sur\/","title":{"rendered":"#GPSEnLaMinisterial: presentan libro \u00abAgricultural trade interests and challenges at the WTO Ministerial Conference in Buenos Aires. A Southern Cone perspective.\u00bb"},"content":{"rendered":"<p><strong>La publicaci\u00f3n resume los temas de inter\u00e9s y desaf\u00edos del comercio agr\u00edcola discutidos en la reuni\u00f3n de la OMC, que por primera vez en la historia se ha llevado a cabo en un pa\u00eds suramericano.<\/strong><\/p>\n\n\n\n<p>Presentado en el marco de la 11\u00aa Conferencia Ministerial de la Organizaci\u00f3n Mundial de Comercio, OMC, que termina el mi\u00e9rcoles (13) en Buenos Aires, el libro \u00abAgricultural trade interests and challenges at the WTO Ministerial Conference in Buenos Aires. A Southern Cone perspective\u00bb, cont\u00f3 con el patrocinio del Instituto Interamericano de Cooperaci\u00f3n para la Agricultura (IICA), Buenos Aires Grain Exchange, Fundaci\u00f3n del Instituto de Negociaciones Internacionales Agr\u00edcolas (INAI), el Grupo de Pa\u00edses Productores del Sur (GPS), Centro Internacional de Comercio y Desarrollo Sostenible (ICTSD) e Instituto Internacional de Investigaci\u00f3n de Pol\u00edticas Alimentarias (IFPRI).<\/p>\n\n\n\n<p>Las entidades que hicieron sus aportes a la publicaci\u00f3n buscan compartir ideas para avanzar en los complejos temas que impactan en el comercio agr\u00edcola, y brindar informaci\u00f3n sobre su importancia para el progreso econ\u00f3mico y social de los pa\u00edses del Cono Sur.<\/p>\n\n\n\n<p>Los editores del libro, Valeria Pi\u00f1eiro y Mart\u00edn Pi\u00f1eiro -miembro de la red GPS-, tipificaron el entorno internacional en el que los pa\u00edses exportadores netos de alimentos tendr\u00e1n que desenvolverse: una mayor demanda que ha resultado en precios m\u00e1s altos; nuevos jugadores que se suman al comercio agr\u00edcola; la concentraci\u00f3n del comercio de alimentos entre unos pocos grandes importadores y exportadores netos, y las preocupaciones ambientales inherentes al comercio.<\/p>\n\n\n\n<p>\u00abLa OMC y sus pa\u00edses miembro deben mirar con valent\u00eda hacia el futuro y comprometerse con un di\u00e1logo que sirva de base para un papel m\u00e1s fuerte para el comercio internacional en el contexto de los complejos y desafiantes problemas que se avecinan. Al construir este di\u00e1logo, es importante reconocer los v\u00ednculos entre la XI Reuni\u00f3n Ministerial de la OMC y el proceso del G20. Esto es particularmente relevante hoy, ya que ambas reuniones ministeriales se celebrar\u00e1n en Buenos Aires antes de fines de 2018 \u00ab, afirman los editores en el documento.<\/p>\n\n\n\n<div style=\"height:20px\" aria-hidden=\"true\" class=\"wp-block-spacer\"><\/div>\n\n\n\n<figure class=\"wp-block-gallery aligncenter columns-1 is-cropped wp-block-gallery-1 is-layout-flex wp-block-gallery-is-layout-flex\"><ul class=\"blocks-gallery-grid\"><li class=\"blocks-gallery-item\"><figure><a href=\"http:\/\/grupogpps.org\/wp-content\/uploads\/2021\/07\/LIBRO-IICA-690x1024-1.jpg\"><img loading=\"lazy\" decoding=\"async\" width=\"690\" height=\"1024\" src=\"http:\/\/grupogpps.org\/wp-content\/uploads\/2021\/07\/LIBRO-IICA-690x1024-1.jpg\" alt=\"\" data-id=\"2984\" data-full-url=\"http:\/\/grupogpps.org\/wp-content\/uploads\/2021\/07\/LIBRO-IICA-690x1024-1.jpg\" data-link=\"http:\/\/grupogpps.org\/2017\/12\/13\/gpsenlaministerial-presentan-libro-intereses-y-desafios-del-comercio-agricola-en-la-conferencia-ministerial-de-la-omc-en-buenos-aires-una-perspectiva-del-cono-sur\/libro-iica-690x1024-1\/\" class=\"wp-image-2984\" srcset=\"https:\/\/grupogpps.org\/wp-content\/uploads\/2021\/07\/LIBRO-IICA-690x1024-1.jpg 690w, https:\/\/grupogpps.org\/wp-content\/uploads\/2021\/07\/LIBRO-IICA-690x1024-1-202x300.jpg 202w, https:\/\/grupogpps.org\/wp-content\/uploads\/2021\/07\/LIBRO-IICA-690x1024-1-8x12.jpg 8w\" sizes=\"auto, (max-width: 690px) 100vw, 690px\" \/><\/a><\/figure><\/li><\/ul><\/figure>\n\n\n\n<p><em><strong>El libro se puede obtener de forma gratuita en este enlace: <a href=\"http:\/\/repositorio.iica.int\/bitstream\/11324\/6253\/1\/BVE17129451i.pdf\" target=\"_blank\" rel=\"noreferrer noopener\">http:\/\/repositorio.iica.int\/bitstream\/11324\/6253\/1\/BVE17129451i.pdf<\/a><\/strong><\/em><\/p>","protected":false},"excerpt":{"rendered":"<p>La publicaci\u00f3n resume los temas de inter\u00e9s y desaf\u00edos del comercio agr\u00edcola discutidos en la reuni\u00f3n de la OMC, que por primera vez en la historia se ha llevado a cabo en un pa\u00eds suramericano. Presentado en el marco de la 11\u00aa Conferencia Ministerial de la Organizaci\u00f3n Mundial de Comercio, OMC, que termina el mi\u00e9rcoles [&hellip;]<\/p>","protected":false},"author":2,"featured_media":2197,"comment_status":"closed","ping_status":"closed","sticky":false,"template":"","format":"standard","meta":{"footnotes":""},"categories":[19,25],"tags":[43,41,42],"class_list":["post-2195","post","type-post","status-publish","format-standard","has-post-thumbnail","hentry","category-actividades","category-home","tag-intereses-y-desafios-del-comercio-agricola","tag-martin-pineiro","tag-valeria-pineiro"],"yoast_head":"<!-- This site is optimized with the Yoast SEO plugin v26.8 - https:\/\/yoast.com\/product\/yoast-seo-wordpress\/ -->\n<title>#GPSEnLaMinisterial: presentan libro &quot;Agricultural trade interests and challenges at the WTO Ministerial Conference in Buenos Aires. A Southern Cone perspective.&quot; - GPS<\/title>\n<meta name=\"robots\" content=\"index, follow, max-snippet:-1, max-image-preview:large, max-video-preview:-1\" \/>\n<link rel=\"canonical\" href=\"https:\/\/grupogpps.org\/en\/gpsenlaministerial-presentan-libro-intereses-y-desafios-del-comercio-agricola-en-la-conferencia-ministerial-de-la-omc-en-buenos-aires-una-perspectiva-del-cono-sur\/\" \/>\n<meta property=\"og:locale\" content=\"en_GB\" \/>\n<meta property=\"og:type\" content=\"article\" \/>\n<meta property=\"og:title\" content=\"#GPSEnLaMinisterial: presentan libro &quot;Agricultural trade interests and challenges at the WTO Ministerial Conference in Buenos Aires. A Southern Cone perspective.&quot; - GPS\" \/>\n<meta property=\"og:description\" content=\"La publicaci\u00f3n resume los temas de inter\u00e9s y desaf\u00edos del comercio agr\u00edcola discutidos en la reuni\u00f3n de la OMC, que por primera vez en la historia se ha llevado a cabo en un pa\u00eds suramericano. Presentado en el marco de la 11\u00aa Conferencia Ministerial de la Organizaci\u00f3n Mundial de Comercio, OMC, que termina el mi\u00e9rcoles [&hellip;]\" \/>\n<meta property=\"og:url\" content=\"https:\/\/grupogpps.org\/en\/gpsenlaministerial-presentan-libro-intereses-y-desafios-del-comercio-agricola-en-la-conferencia-ministerial-de-la-omc-en-buenos-aires-una-perspectiva-del-cono-sur\/\" \/>\n<meta property=\"og:site_name\" content=\"GPS\" \/>\n<meta property=\"article:publisher\" content=\"https:\/\/www.linkedin.com\/company\/25037162\/\" \/>\n<meta property=\"article:published_time\" content=\"2017-12-13T15:43:49+00:00\" \/>\n<meta property=\"article:modified_time\" content=\"2021-07-07T12:07:39+00:00\" \/>\n<meta property=\"og:image\" content=\"https:\/\/grupogpps.org\/wp-content\/uploads\/2017\/12\/manuel-otero.jpg\" \/>\n\t<meta property=\"og:image:width\" content=\"1430\" \/>\n\t<meta property=\"og:image:height\" content=\"1020\" \/>\n\t<meta property=\"og:image:type\" content=\"image\/jpeg\" \/>\n<meta name=\"author\" content=\"GPS GPS\" \/>\n<meta name=\"twitter:card\" content=\"summary_large_image\" \/>\n<meta name=\"twitter:creator\" content=\"@GPSLatinAmerica\" \/>\n<meta name=\"twitter:site\" content=\"@GPSLatinAmerica\" \/>\n<meta name=\"twitter:label1\" content=\"Written by\" \/>\n\t<meta name=\"twitter:data1\" content=\"GPS GPS\" \/>\n\t<meta name=\"twitter:label2\" content=\"Estimated reading time\" \/>\n\t<meta name=\"twitter:data2\" content=\"2 minutes\" \/>\n<script type=\"application\/ld+json\" class=\"yoast-schema-graph\">{\"@context\":\"https:\/\/schema.org\",\"@graph\":[{\"@type\":\"Article\",\"@id\":\"https:\/\/grupogpps.org\/gpsenlaministerial-presentan-libro-intereses-y-desafios-del-comercio-agricola-en-la-conferencia-ministerial-de-la-omc-en-buenos-aires-una-perspectiva-del-cono-sur\/#article\",\"isPartOf\":{\"@id\":\"https:\/\/grupogpps.org\/gpsenlaministerial-presentan-libro-intereses-y-desafios-del-comercio-agricola-en-la-conferencia-ministerial-de-la-omc-en-buenos-aires-una-perspectiva-del-cono-sur\/\"},\"author\":{\"name\":\"GPS GPS\",\"@id\":\"https:\/\/grupogpps.org\/#\/schema\/person\/faaafcd24616dff095821c72659ce41f\"},\"headline\":\"#GPSEnLaMinisterial: presentan libro \u00abAgricultural trade interests and challenges at the WTO Ministerial Conference in Buenos Aires. A Southern Cone perspective.\u00bb\",\"datePublished\":\"2017-12-13T15:43:49+00:00\",\"dateModified\":\"2021-07-07T12:07:39+00:00\",\"mainEntityOfPage\":{\"@id\":\"https:\/\/grupogpps.org\/gpsenlaministerial-presentan-libro-intereses-y-desafios-del-comercio-agricola-en-la-conferencia-ministerial-de-la-omc-en-buenos-aires-una-perspectiva-del-cono-sur\/\"},\"wordCount\":401,\"publisher\":{\"@id\":\"https:\/\/grupogpps.org\/#organization\"},\"image\":{\"@id\":\"https:\/\/grupogpps.org\/gpsenlaministerial-presentan-libro-intereses-y-desafios-del-comercio-agricola-en-la-conferencia-ministerial-de-la-omc-en-buenos-aires-una-perspectiva-del-cono-sur\/#primaryimage\"},\"thumbnailUrl\":\"https:\/\/grupogpps.org\/wp-content\/uploads\/2017\/12\/manuel-otero.jpg\",\"keywords\":[\"Intereses y Desaf\u00edos del Comercio Agricola\",\"Martin Pi\u00f1eiro\",\"Valeria Pi\u00f1eiro\"],\"articleSection\":[\"Actividades\",\"Home\"],\"inLanguage\":\"en-GB\"},{\"@type\":\"WebPage\",\"@id\":\"https:\/\/grupogpps.org\/gpsenlaministerial-presentan-libro-intereses-y-desafios-del-comercio-agricola-en-la-conferencia-ministerial-de-la-omc-en-buenos-aires-una-perspectiva-del-cono-sur\/\",\"url\":\"https:\/\/grupogpps.org\/gpsenlaministerial-presentan-libro-intereses-y-desafios-del-comercio-agricola-en-la-conferencia-ministerial-de-la-omc-en-buenos-aires-una-perspectiva-del-cono-sur\/\",\"name\":\"#GPSEnLaMinisterial: presentan libro \\\"Agricultural trade interests and challenges at the WTO Ministerial Conference in Buenos Aires. A Southern Cone perspective.\\\" - GPS\",\"isPartOf\":{\"@id\":\"https:\/\/grupogpps.org\/#website\"},\"primaryImageOfPage\":{\"@id\":\"https:\/\/grupogpps.org\/gpsenlaministerial-presentan-libro-intereses-y-desafios-del-comercio-agricola-en-la-conferencia-ministerial-de-la-omc-en-buenos-aires-una-perspectiva-del-cono-sur\/#primaryimage\"},\"image\":{\"@id\":\"https:\/\/grupogpps.org\/gpsenlaministerial-presentan-libro-intereses-y-desafios-del-comercio-agricola-en-la-conferencia-ministerial-de-la-omc-en-buenos-aires-una-perspectiva-del-cono-sur\/#primaryimage\"},\"thumbnailUrl\":\"https:\/\/grupogpps.org\/wp-content\/uploads\/2017\/12\/manuel-otero.jpg\",\"datePublished\":\"2017-12-13T15:43:49+00:00\",\"dateModified\":\"2021-07-07T12:07:39+00:00\",\"breadcrumb\":{\"@id\":\"https:\/\/grupogpps.org\/gpsenlaministerial-presentan-libro-intereses-y-desafios-del-comercio-agricola-en-la-conferencia-ministerial-de-la-omc-en-buenos-aires-una-perspectiva-del-cono-sur\/#breadcrumb\"},\"inLanguage\":\"en-GB\",\"potentialAction\":[{\"@type\":\"ReadAction\",\"target\":[\"https:\/\/grupogpps.org\/gpsenlaministerial-presentan-libro-intereses-y-desafios-del-comercio-agricola-en-la-conferencia-ministerial-de-la-omc-en-buenos-aires-una-perspectiva-del-cono-sur\/\"]}]},{\"@type\":\"ImageObject\",\"inLanguage\":\"en-GB\",\"@id\":\"https:\/\/grupogpps.org\/gpsenlaministerial-presentan-libro-intereses-y-desafios-del-comercio-agricola-en-la-conferencia-ministerial-de-la-omc-en-buenos-aires-una-perspectiva-del-cono-sur\/#primaryimage\",\"url\":\"https:\/\/grupogpps.org\/wp-content\/uploads\/2017\/12\/manuel-otero.jpg\",\"contentUrl\":\"https:\/\/grupogpps.org\/wp-content\/uploads\/2017\/12\/manuel-otero.jpg\",\"width\":1430,\"height\":1020,\"caption\":\"#GPSEnLaMinisterial: presentan libro \\\"Agricultural trade interests and challenges at the WTO Ministerial Conference in Buenos Aires. A Southern Cone perspective.\\\"\"},{\"@type\":\"BreadcrumbList\",\"@id\":\"https:\/\/grupogpps.org\/gpsenlaministerial-presentan-libro-intereses-y-desafios-del-comercio-agricola-en-la-conferencia-ministerial-de-la-omc-en-buenos-aires-una-perspectiva-del-cono-sur\/#breadcrumb\",\"itemListElement\":[{\"@type\":\"ListItem\",\"position\":1,\"name\":\"Inicio\",\"item\":\"https:\/\/grupogpps.org\/\"},{\"@type\":\"ListItem\",\"position\":2,\"name\":\"#GPSEnLaMinisterial: presentan libro &#8220;Agricultural trade interests and challenges at the WTO Ministerial Conference in Buenos Aires. A Southern Cone perspective.&#8221;\"}]},{\"@type\":\"WebSite\",\"@id\":\"https:\/\/grupogpps.org\/#website\",\"url\":\"https:\/\/grupogpps.org\/\",\"name\":\"GPS\",\"description\":\"Grupo de pa\u00edses productores del sur\",\"publisher\":{\"@id\":\"https:\/\/grupogpps.org\/#organization\"},\"potentialAction\":[{\"@type\":\"SearchAction\",\"target\":{\"@type\":\"EntryPoint\",\"urlTemplate\":\"https:\/\/grupogpps.org\/?s={search_term_string}\"},\"query-input\":{\"@type\":\"PropertyValueSpecification\",\"valueRequired\":true,\"valueName\":\"search_term_string\"}}],\"inLanguage\":\"en-GB\"},{\"@type\":\"Organization\",\"@id\":\"https:\/\/grupogpps.org\/#organization\",\"name\":\"GPS - Grupo de pa\u00edses productores del sur\",\"url\":\"https:\/\/grupogpps.org\/\",\"logo\":{\"@type\":\"ImageObject\",\"inLanguage\":\"en-GB\",\"@id\":\"https:\/\/grupogpps.org\/#\/schema\/logo\/image\/\",\"url\":\"http:\/\/grupogpps.org\/wp-content\/uploads\/2021\/06\/logoGPS3.svg\",\"contentUrl\":\"http:\/\/grupogpps.org\/wp-content\/uploads\/2021\/06\/logoGPS3.svg\",\"width\":1,\"height\":1,\"caption\":\"GPS - Grupo de pa\u00edses productores del sur\"},\"image\":{\"@id\":\"https:\/\/grupogpps.org\/#\/schema\/logo\/image\/\"},\"sameAs\":[\"https:\/\/www.linkedin.com\/company\/25037162\/\",\"https:\/\/x.com\/GPSLatinAmerica\",\"https:\/\/www.instagram.com\/gpslatin\/\",\"https:\/\/www.youtube.com\/channel\/UCM2Qf0jSqNRJRkqmU8dO9QA\/videos\"]},{\"@type\":\"Person\",\"@id\":\"https:\/\/grupogpps.org\/#\/schema\/person\/faaafcd24616dff095821c72659ce41f\",\"name\":\"GPS GPS\",\"url\":\"https:\/\/grupogpps.org\/en\/author\/gps\/\"}]}<\/script>\n<!-- \/ Yoast SEO plugin. -->","yoast_head_json":{"title":"#GPSEnLaMinisterial: presentan libro \"Agricultural trade interests and challenges at the WTO Ministerial Conference in Buenos Aires. A Southern Cone perspective.\" - GPS","robots":{"index":"index","follow":"follow","max-snippet":"max-snippet:-1","max-image-preview":"max-image-preview:large","max-video-preview":"max-video-preview:-1"},"canonical":"https:\/\/grupogpps.org\/en\/gpsenlaministerial-presentan-libro-intereses-y-desafios-del-comercio-agricola-en-la-conferencia-ministerial-de-la-omc-en-buenos-aires-una-perspectiva-del-cono-sur\/","og_locale":"en_GB","og_type":"article","og_title":"#GPSEnLaMinisterial: presentan libro \"Agricultural trade interests and challenges at the WTO Ministerial Conference in Buenos Aires. A Southern Cone perspective.\" - GPS","og_description":"La publicaci\u00f3n resume los temas de inter\u00e9s y desaf\u00edos del comercio agr\u00edcola discutidos en la reuni\u00f3n de la OMC, que por primera vez en la historia se ha llevado a cabo en un pa\u00eds suramericano. Presentado en el marco de la 11\u00aa Conferencia Ministerial de la Organizaci\u00f3n Mundial de Comercio, OMC, que termina el mi\u00e9rcoles [&hellip;]","og_url":"https:\/\/grupogpps.org\/en\/gpsenlaministerial-presentan-libro-intereses-y-desafios-del-comercio-agricola-en-la-conferencia-ministerial-de-la-omc-en-buenos-aires-una-perspectiva-del-cono-sur\/","og_site_name":"GPS","article_publisher":"https:\/\/www.linkedin.com\/company\/25037162\/","article_published_time":"2017-12-13T15:43:49+00:00","article_modified_time":"2021-07-07T12:07:39+00:00","og_image":[{"width":1430,"height":1020,"url":"https:\/\/grupogpps.org\/wp-content\/uploads\/2017\/12\/manuel-otero.jpg","type":"image\/jpeg"}],"author":"GPS GPS","twitter_card":"summary_large_image","twitter_creator":"@GPSLatinAmerica","twitter_site":"@GPSLatinAmerica","twitter_misc":{"Written by":"GPS GPS","Estimated reading time":"2 minutes"},"schema":{"@context":"https:\/\/schema.org","@graph":[{"@type":"Article","@id":"https:\/\/grupogpps.org\/gpsenlaministerial-presentan-libro-intereses-y-desafios-del-comercio-agricola-en-la-conferencia-ministerial-de-la-omc-en-buenos-aires-una-perspectiva-del-cono-sur\/#article","isPartOf":{"@id":"https:\/\/grupogpps.org\/gpsenlaministerial-presentan-libro-intereses-y-desafios-del-comercio-agricola-en-la-conferencia-ministerial-de-la-omc-en-buenos-aires-una-perspectiva-del-cono-sur\/"},"author":{"name":"GPS GPS","@id":"https:\/\/grupogpps.org\/#\/schema\/person\/faaafcd24616dff095821c72659ce41f"},"headline":"#GPSEnLaMinisterial: presentan libro \u00abAgricultural trade interests and challenges at the WTO Ministerial Conference in Buenos Aires. A Southern Cone perspective.\u00bb","datePublished":"2017-12-13T15:43:49+00:00","dateModified":"2021-07-07T12:07:39+00:00","mainEntityOfPage":{"@id":"https:\/\/grupogpps.org\/gpsenlaministerial-presentan-libro-intereses-y-desafios-del-comercio-agricola-en-la-conferencia-ministerial-de-la-omc-en-buenos-aires-una-perspectiva-del-cono-sur\/"},"wordCount":401,"publisher":{"@id":"https:\/\/grupogpps.org\/#organization"},"image":{"@id":"https:\/\/grupogpps.org\/gpsenlaministerial-presentan-libro-intereses-y-desafios-del-comercio-agricola-en-la-conferencia-ministerial-de-la-omc-en-buenos-aires-una-perspectiva-del-cono-sur\/#primaryimage"},"thumbnailUrl":"https:\/\/grupogpps.org\/wp-content\/uploads\/2017\/12\/manuel-otero.jpg","keywords":["Intereses y Desaf\u00edos del Comercio Agricola","Martin Pi\u00f1eiro","Valeria Pi\u00f1eiro"],"articleSection":["Actividades","Home"],"inLanguage":"en-GB"},{"@type":"WebPage","@id":"https:\/\/grupogpps.org\/gpsenlaministerial-presentan-libro-intereses-y-desafios-del-comercio-agricola-en-la-conferencia-ministerial-de-la-omc-en-buenos-aires-una-perspectiva-del-cono-sur\/","url":"https:\/\/grupogpps.org\/gpsenlaministerial-presentan-libro-intereses-y-desafios-del-comercio-agricola-en-la-conferencia-ministerial-de-la-omc-en-buenos-aires-una-perspectiva-del-cono-sur\/","name":"#GPSEnLaMinisterial: presentan libro \"Agricultural trade interests and challenges at the WTO Ministerial Conference in Buenos Aires. A Southern Cone perspective.\" - GPS","isPartOf":{"@id":"https:\/\/grupogpps.org\/#website"},"primaryImageOfPage":{"@id":"https:\/\/grupogpps.org\/gpsenlaministerial-presentan-libro-intereses-y-desafios-del-comercio-agricola-en-la-conferencia-ministerial-de-la-omc-en-buenos-aires-una-perspectiva-del-cono-sur\/#primaryimage"},"image":{"@id":"https:\/\/grupogpps.org\/gpsenlaministerial-presentan-libro-intereses-y-desafios-del-comercio-agricola-en-la-conferencia-ministerial-de-la-omc-en-buenos-aires-una-perspectiva-del-cono-sur\/#primaryimage"},"thumbnailUrl":"https:\/\/grupogpps.org\/wp-content\/uploads\/2017\/12\/manuel-otero.jpg","datePublished":"2017-12-13T15:43:49+00:00","dateModified":"2021-07-07T12:07:39+00:00","breadcrumb":{"@id":"https:\/\/grupogpps.org\/gpsenlaministerial-presentan-libro-intereses-y-desafios-del-comercio-agricola-en-la-conferencia-ministerial-de-la-omc-en-buenos-aires-una-perspectiva-del-cono-sur\/#breadcrumb"},"inLanguage":"en-GB","potentialAction":[{"@type":"ReadAction","target":["https:\/\/grupogpps.org\/gpsenlaministerial-presentan-libro-intereses-y-desafios-del-comercio-agricola-en-la-conferencia-ministerial-de-la-omc-en-buenos-aires-una-perspectiva-del-cono-sur\/"]}]},{"@type":"ImageObject","inLanguage":"en-GB","@id":"https:\/\/grupogpps.org\/gpsenlaministerial-presentan-libro-intereses-y-desafios-del-comercio-agricola-en-la-conferencia-ministerial-de-la-omc-en-buenos-aires-una-perspectiva-del-cono-sur\/#primaryimage","url":"https:\/\/grupogpps.org\/wp-content\/uploads\/2017\/12\/manuel-otero.jpg","contentUrl":"https:\/\/grupogpps.org\/wp-content\/uploads\/2017\/12\/manuel-otero.jpg","width":1430,"height":1020,"caption":"#GPSEnLaMinisterial: presentan libro \"Agricultural trade interests and challenges at the WTO Ministerial Conference in Buenos Aires. A Southern Cone perspective.\""},{"@type":"BreadcrumbList","@id":"https:\/\/grupogpps.org\/gpsenlaministerial-presentan-libro-intereses-y-desafios-del-comercio-agricola-en-la-conferencia-ministerial-de-la-omc-en-buenos-aires-una-perspectiva-del-cono-sur\/#breadcrumb","itemListElement":[{"@type":"ListItem","position":1,"name":"Inicio","item":"https:\/\/grupogpps.org\/"},{"@type":"ListItem","position":2,"name":"#GPSEnLaMinisterial: presentan libro &#8220;Agricultural trade interests and challenges at the WTO Ministerial Conference in Buenos Aires. A Southern Cone perspective.&#8221;"}]},{"@type":"WebSite","@id":"https:\/\/grupogpps.org\/#website","url":"https:\/\/grupogpps.org\/","name":"GPS","description":"Grupo de pa\u00edses productores del sur","publisher":{"@id":"https:\/\/grupogpps.org\/#organization"},"potentialAction":[{"@type":"SearchAction","target":{"@type":"EntryPoint","urlTemplate":"https:\/\/grupogpps.org\/?s={search_term_string}"},"query-input":{"@type":"PropertyValueSpecification","valueRequired":true,"valueName":"search_term_string"}}],"inLanguage":"en-GB"},{"@type":"Organization","@id":"https:\/\/grupogpps.org\/#organization","name":"GPS - Grupo de pa\u00edses productores del sur","url":"https:\/\/grupogpps.org\/","logo":{"@type":"ImageObject","inLanguage":"en-GB","@id":"https:\/\/grupogpps.org\/#\/schema\/logo\/image\/","url":"http:\/\/grupogpps.org\/wp-content\/uploads\/2021\/06\/logoGPS3.svg","contentUrl":"http:\/\/grupogpps.org\/wp-content\/uploads\/2021\/06\/logoGPS3.svg","width":1,"height":1,"caption":"GPS - Grupo de pa\u00edses productores del sur"},"image":{"@id":"https:\/\/grupogpps.org\/#\/schema\/logo\/image\/"},"sameAs":["https:\/\/www.linkedin.com\/company\/25037162\/","https:\/\/x.com\/GPSLatinAmerica","https:\/\/www.instagram.com\/gpslatin\/","https:\/\/www.youtube.com\/channel\/UCM2Qf0jSqNRJRkqmU8dO9QA\/videos"]},{"@type":"Person","@id":"https:\/\/grupogpps.org\/#\/schema\/person\/faaafcd24616dff095821c72659ce41f","name":"GPS GPS","url":"https:\/\/grupogpps.org\/en\/author\/gps\/"}]}},"_links":{"self":[{"href":"https:\/\/grupogpps.org\/en\/wp-json\/wp\/v2\/posts\/2195","targetHints":{"allow":["GET"]}}],"collection":[{"href":"https:\/\/grupogpps.org\/en\/wp-json\/wp\/v2\/posts"}],"about":[{"href":"https:\/\/grupogpps.org\/en\/wp-json\/wp\/v2\/types\/post"}],"author":[{"embeddable":true,"href":"https:\/\/grupogpps.org\/en\/wp-json\/wp\/v2\/users\/2"}],"replies":[{"embeddable":true,"href":"https:\/\/grupogpps.org\/en\/wp-json\/wp\/v2\/comments?post=2195"}],"version-history":[{"count":1,"href":"https:\/\/grupogpps.org\/en\/wp-json\/wp\/v2\/posts\/2195\/revisions"}],"predecessor-version":[{"id":2985,"href":"https:\/\/grupogpps.org\/en\/wp-json\/wp\/v2\/posts\/2195\/revisions\/2985"}],"wp:featuredmedia":[{"embeddable":true,"href":"https:\/\/grupogpps.org\/en\/wp-json\/wp\/v2\/media\/2197"}],"wp:attachment":[{"href":"https:\/\/grupogpps.org\/en\/wp-json\/wp\/v2\/media?parent=2195"}],"wp:term":[{"taxonomy":"category","embeddable":true,"href":"https:\/\/grupogpps.org\/en\/wp-json\/wp\/v2\/categories?post=2195"},{"taxonomy":"post_tag","embeddable":true,"href":"https:\/\/grupogpps.org\/en\/wp-json\/wp\/v2\/tags?post=2195"}],"curies":[{"name":"wp","href":"https:\/\/api.w.org\/{rel}","templated":true}]}}