{"id":2193,"date":"2017-12-13T12:56:37","date_gmt":"2017-12-13T15:56:37","guid":{"rendered":"http:\/\/grupogpps.org\/?p=707"},"modified":"2021-07-07T09:05:50","modified_gmt":"2021-07-07T12:05:50","slug":"se-acabo-el-tiempo-acuerdo-comercial-mercosur-union-europea-quedara-para-2018","status":"publish","type":"post","link":"https:\/\/grupogpps.org\/en\/se-acabo-el-tiempo-acuerdo-comercial-mercosur-union-europea-quedara-para-2018\/","title":{"rendered":"Se acab\u00f3 el tiempo: acuerdo comercial Mercosur-Uni\u00f3n Europea quedar\u00e1 para 2018"},"content":{"rendered":"<p><strong>El acuerdo de asociaci\u00f3n entre el Mercosur y la Uni\u00f3n Europea (UE) definitivamente no tendr\u00e1 su cierre con broche de oro en Buenos Aires<\/strong>, pese a los esfuerzos de la Argentina por concretar un anuncio en coincidencia con la XI conferencia ministerial de la OMC, ni en los pr\u00f3ximos d\u00edas de diciembre. Sin embargo, las conversaciones contin\u00faan con gran optimismo de las partes luego de darse concesiones rec\u00edprocas.<\/p>\n\n\n\n<p>Los ministros de la Argentina, Brasil, Paraguay y el Uruguay, junto a sus jefes negociadores, discutieron ayer con sus pares de la Uni\u00f3n Europea y de los 28 pa\u00edses que integran el bloque los puntos pendientes para anunciar finalmente el establecimiento de un \u00e1rea de libre comercio con 750 millones de personas, y que requerir\u00e1 nuevas discusiones, m\u00e1s all\u00e1 del tiempo que tienen previsto pasar en Buenos Aires con motivo de la XI conferencia ministerial de la OMC, que concluye esta tarde.<\/p>\n\n\n\n<p>Para salir adelante en el cap\u00edtulo m\u00e1s sensible del acuerdo, que hace al intercambio de bienes, los europeos exig\u00edan que el Mercosur presente una oferta clara con sus expectativas, que finalmente se defini\u00f3 ayer, y luego de arduas negociaciones al interior de la uni\u00f3n aduanera, que se prolongaron entre la tarde del lunes y la madrugada del martes.<\/p>\n\n\n\n<p>Aunque los t\u00e9rminos de la oferta permanecen reservados, el nuevo petitorio sudamericano contiene un pedido de mayores cupos para la exportaciones de carnes, biocombustibles y frutos de estaci\u00f3n, algo que hasta ahora fue negado por la f\u00e9rrea oposici\u00f3n de Francia, Irlanda y Polonia, que buscan resguardar al m\u00e1ximo a sus productores agr\u00edcolas y ganaderos.<\/p>\n\n\n\n<p>Fuentes argentinas pr\u00f3ximas a la negociaci\u00f3n salieron a festejar que la nueva oferta incluya limones, naranjas, mandarinas, merluza, vieiras, calamares, ciruelas, frutillas congeladas, huevos y miel, entre otros productos. De hecho, se entusiasmaron con que las exportaciones de los bienes agroindustriales, que en 2016 representaron el 84% de los env\u00edos a Europa (que alcanzaron un total de u$s 8.323 millones) se potencien en el mediano plazo.<\/p>\n\n\n\n<p>Claro que para ello en Bruselas y en cada capital europea deben sentir un beneficio. Por eso, los sudamericanos presentaron, como moneda de cambio, una oferta mejorada de productos que estar\u00e1n liberados de aranceles en varios a\u00f1os, luego que venzan las canastas arancelarias dise\u00f1adas para proteger la producci\u00f3n local y la industria. La oferta, seg\u00fan trascendi\u00f3, implica liberar el comercio del 90% de los productos transables. Entre ellos, ciertos aceites de oliva y destilados.<\/p>\n\n\n\n<p>Una vez intercambiadas las ofertas, el clima en el Palacio San Mart\u00edn, donde tuvieron lugar las conversaciones, se relaj\u00f3, y los ministros y cancilleres se permitieron incluso intercambiar camisetas de f\u00fatbol de sus selecciones para una foto.<\/p>\n\n\n\n<p>M\u00e1s tarde, el ministro de Producci\u00f3n, Francisco Cabrera, que particip\u00f3 de la negociaci\u00f3n, se mostr\u00f3 optimista por el desenlace ante El Cronista. \u00abNosotros hicimos una oferta, que tiene que ver con el cap\u00edtulo de acceso a mercados, que es agr\u00edcola; ellos la recibieron, y ya nos informaron de que va a haber una mejora en la contraoferta, por lo cu\u00e1l estamos a la expectativa de esa respuesta\u00bb, indic\u00f3.<\/p>\n\n\n\n<p>En t\u00e9rminos similares habl\u00f3 el canciller brasile\u00f1o, Aloysio Nunes, al salir de la Canciller\u00eda. \u00abLos europeos garantizaron que van a estudiar con una visi\u00f3n muy positiva sobre nuestra propuesta\u00bb, coment\u00f3 el ministro paulista, quien relativiz\u00f3 una posible fecha de firma del acuerdo pol\u00edtico. Precisamente, su presidente, Michel Temer, hab\u00eda batido la idea de una firma el 21 o 22 de diciembre, cuando tenga lugar en Brasilia la Cumbre de Jefes de Estado del Mercosur, para traspasar la presidencia rotativa del ente al Paraguay. Tambi\u00e9n esa fecha qued\u00f3 descartada luego de analizar en fr\u00edo los pasos a seguir. El nuevo horizonte trazado es lograr la firma del acuerdo pol\u00edtico en enero o febrero, y de ese modo dar una se\u00f1al de no retorno en esta negociaci\u00f3n que se inici\u00f3 en el a\u00f1o 2000.<\/p>\n\n\n\n<p>Lo cierto es que otro componente menos advertido, pero no menos importante, es la homologaci\u00f3n que este acuerdo deber\u00e1 tener en cada congreso federal y en los parlamentos supranacionales del viejo continente, antes que empiece a ejecutarse cl\u00e1usula alguna.<\/p>\n\n\n\n<p>El acuerdo, adem\u00e1s, consta de tres ejes: uno econ\u00f3mico, otro pol\u00edtico y otro en torno a la cooperaci\u00f3n internacional. El primero debe ser refrendado por el parlamento europeo, mientras que los otros le competen a cada legislatura nacional. En el caso del Mercosur y de la Argentina, todo ir\u00e1 a parar al Congreso, en el marco de un proceso que puede durar, como m\u00ednimo, dos a\u00f1os.<\/p>\n\n\n\n<p><strong>Fuente:<\/strong> Ezequiel Chabay, El Cronista<\/p>","protected":false},"excerpt":{"rendered":"<p>El acuerdo de asociaci\u00f3n entre el Mercosur y la Uni\u00f3n Europea (UE) definitivamente no tendr\u00e1 su cierre con broche de oro en Buenos Aires, pese a los esfuerzos de la Argentina por concretar un anuncio en coincidencia con la XI conferencia ministerial de la OMC, ni en los pr\u00f3ximos d\u00edas de diciembre. Sin embargo, las [&hellip;]<\/p>","protected":false},"author":2,"featured_media":2194,"comment_status":"closed","ping_status":"closed","sticky":false,"template":"","format":"standard","meta":{"footnotes":""},"categories":[19,25],"tags":[39,40],"class_list":["post-2193","post","type-post","status-publish","format-standard","has-post-thumbnail","hentry","category-actividades","category-home","tag-mercosur","tag-ue"],"yoast_head":"<!-- This site is optimized with the Yoast SEO plugin v26.8 - https:\/\/yoast.com\/product\/yoast-seo-wordpress\/ -->\n<title>Se acab\u00f3 el tiempo: acuerdo comercial Mercosur-Uni\u00f3n Europea quedar\u00e1 para 2018 - GPS<\/title>\n<meta name=\"robots\" content=\"index, follow, max-snippet:-1, max-image-preview:large, max-video-preview:-1\" \/>\n<link rel=\"canonical\" href=\"https:\/\/grupogpps.org\/en\/se-acabo-el-tiempo-acuerdo-comercial-mercosur-union-europea-quedara-para-2018\/\" \/>\n<meta property=\"og:locale\" content=\"en_GB\" \/>\n<meta property=\"og:type\" content=\"article\" \/>\n<meta property=\"og:title\" content=\"Se acab\u00f3 el tiempo: acuerdo comercial Mercosur-Uni\u00f3n Europea quedar\u00e1 para 2018 - GPS\" \/>\n<meta property=\"og:description\" content=\"El acuerdo de asociaci\u00f3n entre el Mercosur y la Uni\u00f3n Europea (UE) definitivamente no tendr\u00e1 su cierre con broche de oro en Buenos Aires, pese a los esfuerzos de la Argentina por concretar un anuncio en coincidencia con la XI conferencia ministerial de la OMC, ni en los pr\u00f3ximos d\u00edas de diciembre. Sin embargo, las [&hellip;]\" \/>\n<meta property=\"og:url\" content=\"https:\/\/grupogpps.org\/en\/se-acabo-el-tiempo-acuerdo-comercial-mercosur-union-europea-quedara-para-2018\/\" \/>\n<meta property=\"og:site_name\" content=\"GPS\" \/>\n<meta property=\"article:publisher\" content=\"https:\/\/www.linkedin.com\/company\/25037162\/\" \/>\n<meta property=\"article:published_time\" content=\"2017-12-13T15:56:37+00:00\" \/>\n<meta property=\"article:modified_time\" content=\"2021-07-07T12:05:50+00:00\" \/>\n<meta property=\"og:image\" content=\"https:\/\/grupogpps.org\/wp-content\/uploads\/2017\/12\/ue-mercosur.jpg\" \/>\n\t<meta property=\"og:image:width\" content=\"907\" \/>\n\t<meta property=\"og:image:height\" content=\"510\" \/>\n\t<meta property=\"og:image:type\" content=\"image\/jpeg\" \/>\n<meta name=\"author\" content=\"GPS GPS\" \/>\n<meta name=\"twitter:card\" content=\"summary_large_image\" \/>\n<meta name=\"twitter:creator\" content=\"@GPSLatinAmerica\" \/>\n<meta name=\"twitter:site\" content=\"@GPSLatinAmerica\" \/>\n<meta name=\"twitter:label1\" content=\"Written by\" \/>\n\t<meta name=\"twitter:data1\" content=\"GPS GPS\" \/>\n\t<meta name=\"twitter:label2\" content=\"Estimated reading time\" \/>\n\t<meta name=\"twitter:data2\" content=\"4 minutes\" \/>\n<script type=\"application\/ld+json\" class=\"yoast-schema-graph\">{\"@context\":\"https:\/\/schema.org\",\"@graph\":[{\"@type\":\"Article\",\"@id\":\"https:\/\/grupogpps.org\/en\/se-acabo-el-tiempo-acuerdo-comercial-mercosur-union-europea-quedara-para-2018\/#article\",\"isPartOf\":{\"@id\":\"https:\/\/grupogpps.org\/en\/se-acabo-el-tiempo-acuerdo-comercial-mercosur-union-europea-quedara-para-2018\/\"},\"author\":{\"name\":\"GPS GPS\",\"@id\":\"https:\/\/grupogpps.org\/#\/schema\/person\/faaafcd24616dff095821c72659ce41f\"},\"headline\":\"Se acab\u00f3 el tiempo: acuerdo comercial Mercosur-Uni\u00f3n Europea quedar\u00e1 para 2018\",\"datePublished\":\"2017-12-13T15:56:37+00:00\",\"dateModified\":\"2021-07-07T12:05:50+00:00\",\"mainEntityOfPage\":{\"@id\":\"https:\/\/grupogpps.org\/en\/se-acabo-el-tiempo-acuerdo-comercial-mercosur-union-europea-quedara-para-2018\/\"},\"wordCount\":807,\"publisher\":{\"@id\":\"https:\/\/grupogpps.org\/#organization\"},\"image\":{\"@id\":\"https:\/\/grupogpps.org\/en\/se-acabo-el-tiempo-acuerdo-comercial-mercosur-union-europea-quedara-para-2018\/#primaryimage\"},\"thumbnailUrl\":\"https:\/\/grupogpps.org\/wp-content\/uploads\/2017\/12\/ue-mercosur.jpg\",\"keywords\":[\"Mercosur\",\"UE\"],\"articleSection\":[\"Actividades\",\"Home\"],\"inLanguage\":\"en-GB\"},{\"@type\":\"WebPage\",\"@id\":\"https:\/\/grupogpps.org\/en\/se-acabo-el-tiempo-acuerdo-comercial-mercosur-union-europea-quedara-para-2018\/\",\"url\":\"https:\/\/grupogpps.org\/en\/se-acabo-el-tiempo-acuerdo-comercial-mercosur-union-europea-quedara-para-2018\/\",\"name\":\"Se acab\u00f3 el tiempo: acuerdo comercial Mercosur-Uni\u00f3n Europea quedar\u00e1 para 2018 - GPS\",\"isPartOf\":{\"@id\":\"https:\/\/grupogpps.org\/#website\"},\"primaryImageOfPage\":{\"@id\":\"https:\/\/grupogpps.org\/en\/se-acabo-el-tiempo-acuerdo-comercial-mercosur-union-europea-quedara-para-2018\/#primaryimage\"},\"image\":{\"@id\":\"https:\/\/grupogpps.org\/en\/se-acabo-el-tiempo-acuerdo-comercial-mercosur-union-europea-quedara-para-2018\/#primaryimage\"},\"thumbnailUrl\":\"https:\/\/grupogpps.org\/wp-content\/uploads\/2017\/12\/ue-mercosur.jpg\",\"datePublished\":\"2017-12-13T15:56:37+00:00\",\"dateModified\":\"2021-07-07T12:05:50+00:00\",\"breadcrumb\":{\"@id\":\"https:\/\/grupogpps.org\/en\/se-acabo-el-tiempo-acuerdo-comercial-mercosur-union-europea-quedara-para-2018\/#breadcrumb\"},\"inLanguage\":\"en-GB\",\"potentialAction\":[{\"@type\":\"ReadAction\",\"target\":[\"https:\/\/grupogpps.org\/en\/se-acabo-el-tiempo-acuerdo-comercial-mercosur-union-europea-quedara-para-2018\/\"]}]},{\"@type\":\"ImageObject\",\"inLanguage\":\"en-GB\",\"@id\":\"https:\/\/grupogpps.org\/en\/se-acabo-el-tiempo-acuerdo-comercial-mercosur-union-europea-quedara-para-2018\/#primaryimage\",\"url\":\"https:\/\/grupogpps.org\/wp-content\/uploads\/2017\/12\/ue-mercosur.jpg\",\"contentUrl\":\"https:\/\/grupogpps.org\/wp-content\/uploads\/2017\/12\/ue-mercosur.jpg\",\"width\":907,\"height\":510,\"caption\":\"Se acab\u00f3 el tiempo: acuerdo comercial Mercosur-Uni\u00f3n Europea quedar\u00e1 para 2018\"},{\"@type\":\"BreadcrumbList\",\"@id\":\"https:\/\/grupogpps.org\/en\/se-acabo-el-tiempo-acuerdo-comercial-mercosur-union-europea-quedara-para-2018\/#breadcrumb\",\"itemListElement\":[{\"@type\":\"ListItem\",\"position\":1,\"name\":\"Inicio\",\"item\":\"https:\/\/grupogpps.org\/\"},{\"@type\":\"ListItem\",\"position\":2,\"name\":\"Se acab\u00f3 el tiempo: acuerdo comercial Mercosur-Uni\u00f3n Europea quedar\u00e1 para 2018\"}]},{\"@type\":\"WebSite\",\"@id\":\"https:\/\/grupogpps.org\/#website\",\"url\":\"https:\/\/grupogpps.org\/\",\"name\":\"GPS\",\"description\":\"Grupo de pa\u00edses productores del sur\",\"publisher\":{\"@id\":\"https:\/\/grupogpps.org\/#organization\"},\"potentialAction\":[{\"@type\":\"SearchAction\",\"target\":{\"@type\":\"EntryPoint\",\"urlTemplate\":\"https:\/\/grupogpps.org\/?s={search_term_string}\"},\"query-input\":{\"@type\":\"PropertyValueSpecification\",\"valueRequired\":true,\"valueName\":\"search_term_string\"}}],\"inLanguage\":\"en-GB\"},{\"@type\":\"Organization\",\"@id\":\"https:\/\/grupogpps.org\/#organization\",\"name\":\"GPS - Grupo de pa\u00edses productores del sur\",\"url\":\"https:\/\/grupogpps.org\/\",\"logo\":{\"@type\":\"ImageObject\",\"inLanguage\":\"en-GB\",\"@id\":\"https:\/\/grupogpps.org\/#\/schema\/logo\/image\/\",\"url\":\"http:\/\/grupogpps.org\/wp-content\/uploads\/2021\/06\/logoGPS3.svg\",\"contentUrl\":\"http:\/\/grupogpps.org\/wp-content\/uploads\/2021\/06\/logoGPS3.svg\",\"width\":1,\"height\":1,\"caption\":\"GPS - Grupo de pa\u00edses productores del sur\"},\"image\":{\"@id\":\"https:\/\/grupogpps.org\/#\/schema\/logo\/image\/\"},\"sameAs\":[\"https:\/\/www.linkedin.com\/company\/25037162\/\",\"https:\/\/x.com\/GPSLatinAmerica\",\"https:\/\/www.instagram.com\/gpslatin\/\",\"https:\/\/www.youtube.com\/channel\/UCM2Qf0jSqNRJRkqmU8dO9QA\/videos\"]},{\"@type\":\"Person\",\"@id\":\"https:\/\/grupogpps.org\/#\/schema\/person\/faaafcd24616dff095821c72659ce41f\",\"name\":\"GPS GPS\",\"url\":\"https:\/\/grupogpps.org\/en\/author\/gps\/\"}]}<\/script>\n<!-- \/ Yoast SEO plugin. -->","yoast_head_json":{"title":"Se acab\u00f3 el tiempo: acuerdo comercial Mercosur-Uni\u00f3n Europea quedar\u00e1 para 2018 - GPS","robots":{"index":"index","follow":"follow","max-snippet":"max-snippet:-1","max-image-preview":"max-image-preview:large","max-video-preview":"max-video-preview:-1"},"canonical":"https:\/\/grupogpps.org\/en\/se-acabo-el-tiempo-acuerdo-comercial-mercosur-union-europea-quedara-para-2018\/","og_locale":"en_GB","og_type":"article","og_title":"Se acab\u00f3 el tiempo: acuerdo comercial Mercosur-Uni\u00f3n Europea quedar\u00e1 para 2018 - GPS","og_description":"El acuerdo de asociaci\u00f3n entre el Mercosur y la Uni\u00f3n Europea (UE) definitivamente no tendr\u00e1 su cierre con broche de oro en Buenos Aires, pese a los esfuerzos de la Argentina por concretar un anuncio en coincidencia con la XI conferencia ministerial de la OMC, ni en los pr\u00f3ximos d\u00edas de diciembre. Sin embargo, las [&hellip;]","og_url":"https:\/\/grupogpps.org\/en\/se-acabo-el-tiempo-acuerdo-comercial-mercosur-union-europea-quedara-para-2018\/","og_site_name":"GPS","article_publisher":"https:\/\/www.linkedin.com\/company\/25037162\/","article_published_time":"2017-12-13T15:56:37+00:00","article_modified_time":"2021-07-07T12:05:50+00:00","og_image":[{"width":907,"height":510,"url":"https:\/\/grupogpps.org\/wp-content\/uploads\/2017\/12\/ue-mercosur.jpg","type":"image\/jpeg"}],"author":"GPS GPS","twitter_card":"summary_large_image","twitter_creator":"@GPSLatinAmerica","twitter_site":"@GPSLatinAmerica","twitter_misc":{"Written by":"GPS GPS","Estimated reading time":"4 minutes"},"schema":{"@context":"https:\/\/schema.org","@graph":[{"@type":"Article","@id":"https:\/\/grupogpps.org\/en\/se-acabo-el-tiempo-acuerdo-comercial-mercosur-union-europea-quedara-para-2018\/#article","isPartOf":{"@id":"https:\/\/grupogpps.org\/en\/se-acabo-el-tiempo-acuerdo-comercial-mercosur-union-europea-quedara-para-2018\/"},"author":{"name":"GPS GPS","@id":"https:\/\/grupogpps.org\/#\/schema\/person\/faaafcd24616dff095821c72659ce41f"},"headline":"Se acab\u00f3 el tiempo: acuerdo comercial Mercosur-Uni\u00f3n Europea quedar\u00e1 para 2018","datePublished":"2017-12-13T15:56:37+00:00","dateModified":"2021-07-07T12:05:50+00:00","mainEntityOfPage":{"@id":"https:\/\/grupogpps.org\/en\/se-acabo-el-tiempo-acuerdo-comercial-mercosur-union-europea-quedara-para-2018\/"},"wordCount":807,"publisher":{"@id":"https:\/\/grupogpps.org\/#organization"},"image":{"@id":"https:\/\/grupogpps.org\/en\/se-acabo-el-tiempo-acuerdo-comercial-mercosur-union-europea-quedara-para-2018\/#primaryimage"},"thumbnailUrl":"https:\/\/grupogpps.org\/wp-content\/uploads\/2017\/12\/ue-mercosur.jpg","keywords":["Mercosur","UE"],"articleSection":["Actividades","Home"],"inLanguage":"en-GB"},{"@type":"WebPage","@id":"https:\/\/grupogpps.org\/en\/se-acabo-el-tiempo-acuerdo-comercial-mercosur-union-europea-quedara-para-2018\/","url":"https:\/\/grupogpps.org\/en\/se-acabo-el-tiempo-acuerdo-comercial-mercosur-union-europea-quedara-para-2018\/","name":"Se acab\u00f3 el tiempo: acuerdo comercial Mercosur-Uni\u00f3n Europea quedar\u00e1 para 2018 - GPS","isPartOf":{"@id":"https:\/\/grupogpps.org\/#website"},"primaryImageOfPage":{"@id":"https:\/\/grupogpps.org\/en\/se-acabo-el-tiempo-acuerdo-comercial-mercosur-union-europea-quedara-para-2018\/#primaryimage"},"image":{"@id":"https:\/\/grupogpps.org\/en\/se-acabo-el-tiempo-acuerdo-comercial-mercosur-union-europea-quedara-para-2018\/#primaryimage"},"thumbnailUrl":"https:\/\/grupogpps.org\/wp-content\/uploads\/2017\/12\/ue-mercosur.jpg","datePublished":"2017-12-13T15:56:37+00:00","dateModified":"2021-07-07T12:05:50+00:00","breadcrumb":{"@id":"https:\/\/grupogpps.org\/en\/se-acabo-el-tiempo-acuerdo-comercial-mercosur-union-europea-quedara-para-2018\/#breadcrumb"},"inLanguage":"en-GB","potentialAction":[{"@type":"ReadAction","target":["https:\/\/grupogpps.org\/en\/se-acabo-el-tiempo-acuerdo-comercial-mercosur-union-europea-quedara-para-2018\/"]}]},{"@type":"ImageObject","inLanguage":"en-GB","@id":"https:\/\/grupogpps.org\/en\/se-acabo-el-tiempo-acuerdo-comercial-mercosur-union-europea-quedara-para-2018\/#primaryimage","url":"https:\/\/grupogpps.org\/wp-content\/uploads\/2017\/12\/ue-mercosur.jpg","contentUrl":"https:\/\/grupogpps.org\/wp-content\/uploads\/2017\/12\/ue-mercosur.jpg","width":907,"height":510,"caption":"Se acab\u00f3 el tiempo: acuerdo comercial Mercosur-Uni\u00f3n Europea quedar\u00e1 para 2018"},{"@type":"BreadcrumbList","@id":"https:\/\/grupogpps.org\/en\/se-acabo-el-tiempo-acuerdo-comercial-mercosur-union-europea-quedara-para-2018\/#breadcrumb","itemListElement":[{"@type":"ListItem","position":1,"name":"Inicio","item":"https:\/\/grupogpps.org\/"},{"@type":"ListItem","position":2,"name":"Se acab\u00f3 el tiempo: acuerdo comercial Mercosur-Uni\u00f3n Europea quedar\u00e1 para 2018"}]},{"@type":"WebSite","@id":"https:\/\/grupogpps.org\/#website","url":"https:\/\/grupogpps.org\/","name":"GPS","description":"Grupo de pa\u00edses productores del sur","publisher":{"@id":"https:\/\/grupogpps.org\/#organization"},"potentialAction":[{"@type":"SearchAction","target":{"@type":"EntryPoint","urlTemplate":"https:\/\/grupogpps.org\/?s={search_term_string}"},"query-input":{"@type":"PropertyValueSpecification","valueRequired":true,"valueName":"search_term_string"}}],"inLanguage":"en-GB"},{"@type":"Organization","@id":"https:\/\/grupogpps.org\/#organization","name":"GPS - Grupo de pa\u00edses productores del sur","url":"https:\/\/grupogpps.org\/","logo":{"@type":"ImageObject","inLanguage":"en-GB","@id":"https:\/\/grupogpps.org\/#\/schema\/logo\/image\/","url":"http:\/\/grupogpps.org\/wp-content\/uploads\/2021\/06\/logoGPS3.svg","contentUrl":"http:\/\/grupogpps.org\/wp-content\/uploads\/2021\/06\/logoGPS3.svg","width":1,"height":1,"caption":"GPS - Grupo de pa\u00edses productores del sur"},"image":{"@id":"https:\/\/grupogpps.org\/#\/schema\/logo\/image\/"},"sameAs":["https:\/\/www.linkedin.com\/company\/25037162\/","https:\/\/x.com\/GPSLatinAmerica","https:\/\/www.instagram.com\/gpslatin\/","https:\/\/www.youtube.com\/channel\/UCM2Qf0jSqNRJRkqmU8dO9QA\/videos"]},{"@type":"Person","@id":"https:\/\/grupogpps.org\/#\/schema\/person\/faaafcd24616dff095821c72659ce41f","name":"GPS GPS","url":"https:\/\/grupogpps.org\/en\/author\/gps\/"}]}},"_links":{"self":[{"href":"https:\/\/grupogpps.org\/en\/wp-json\/wp\/v2\/posts\/2193","targetHints":{"allow":["GET"]}}],"collection":[{"href":"https:\/\/grupogpps.org\/en\/wp-json\/wp\/v2\/posts"}],"about":[{"href":"https:\/\/grupogpps.org\/en\/wp-json\/wp\/v2\/types\/post"}],"author":[{"embeddable":true,"href":"https:\/\/grupogpps.org\/en\/wp-json\/wp\/v2\/users\/2"}],"replies":[{"embeddable":true,"href":"https:\/\/grupogpps.org\/en\/wp-json\/wp\/v2\/comments?post=2193"}],"version-history":[{"count":1,"href":"https:\/\/grupogpps.org\/en\/wp-json\/wp\/v2\/posts\/2193\/revisions"}],"predecessor-version":[{"id":2983,"href":"https:\/\/grupogpps.org\/en\/wp-json\/wp\/v2\/posts\/2193\/revisions\/2983"}],"wp:featuredmedia":[{"embeddable":true,"href":"https:\/\/grupogpps.org\/en\/wp-json\/wp\/v2\/media\/2194"}],"wp:attachment":[{"href":"https:\/\/grupogpps.org\/en\/wp-json\/wp\/v2\/media?parent=2193"}],"wp:term":[{"taxonomy":"category","embeddable":true,"href":"https:\/\/grupogpps.org\/en\/wp-json\/wp\/v2\/categories?post=2193"},{"taxonomy":"post_tag","embeddable":true,"href":"https:\/\/grupogpps.org\/en\/wp-json\/wp\/v2\/tags?post=2193"}],"curies":[{"name":"wp","href":"https:\/\/api.w.org\/{rel}","templated":true}]}}