{"id":2186,"date":"2017-12-14T15:24:43","date_gmt":"2017-12-14T18:24:43","guid":{"rendered":"http:\/\/grupogpps.org\/?p=726"},"modified":"2021-07-07T09:03:50","modified_gmt":"2021-07-07T12:03:50","slug":"gpsenlaministerial-ex-ministro-roberto-rodrigues-clama-por-un-nuevo-liderazgo-para-el-agro","status":"publish","type":"post","link":"https:\/\/grupogpps.org\/en\/gpsenlaministerial-ex-ministro-roberto-rodrigues-clama-por-un-nuevo-liderazgo-para-el-agro\/","title":{"rendered":"#GPSEnLaMinisterial: Ex ministro Roberto Rodrigues clama por un nuevo liderazgo para el agro"},"content":{"rendered":"<p><strong>Seg\u00fan el Coordinador del Centro de Agronegocios de la Fundaci\u00f3n Getulio Vargas, iniciativas como la de GPS ayudan a los gobiernos a generar pol\u00edticas sectoriales de calidad.<\/strong><\/p>\n\n\n\n<p>Participante del panel Preocupaciones y Contribuciones de los pa\u00edses del Cono Sur a la Agenda Agroindustrial, el ex ministro de Agricultura de Brasil Roberto Rodrigues, clam\u00f3 por iniciativas conjuntas de desarrollo del agronegocio en los pa\u00edses del Mercosur. \u00abTenemos excelentes pol\u00edticas por separado, pero necesitamos que esas iniciativas se consoliden, porque nuestro potencial siempre se mira a futuro, como un ideal\u00bb, destac\u00f3 el especialista.<\/p>\n\n\n\n<p>Rodrigues y otros expertos estuvieron en Buenos Aires en el marco del Simposio de Comercio y Desarrollo Sustentable, organizado por el Centro Internacional para el Comercio y el Desarrollo Sustentable (ICTSD, por sus siglas en ingl\u00e9s), durante la 11\u00aa Conferencia Ministerial de la OMC que se llev\u00f3 a cabo entre los d\u00edas 10 y 13 de diciembre.<\/p>\n\n\n\n<p>Embajador Especial de la Organizaci\u00f3n de las Naciones Unidas para la Agricultura y la Alimentaci\u00f3n, FAO, para temas de Cooperativismo. Rodrigues salud\u00f3 la existencia del Grupo de Pa\u00edses Productores del Sur, GPS, que son entidades privadas de los cuatro pa\u00edses que trabajan en torno de la inserci\u00f3n internacional del agro de los pa\u00edses del Cono Sur. \u00abNuestros gobiernos deben charlar con el sector privado para asumir estrategias conjuntas, porque nuestro rol (del Cono Sur) de proveedores de m\u00e1s de un tercio de los alimentos que consume el mundo es, en gran medida, el de garantes de la paz mundial si recordamos que la ONU estableci\u00f3 que la seguridad alimentaria previene contra las guerras\u00bb, dijo el especialista.<\/p>\n\n\n\n<p>Estim\u00f3 adem\u00e1s que entidades como GPS deben cuestionar la percepci\u00f3n que existe en las ciudades de Am\u00e9rica del Sur respecto de la actividad agr\u00edcola; \u00abes una visi\u00f3n excluyente, separando el \u00b4ellos` del \u00b4nosotros`, pero es una visi\u00f3n equivocada. Debemos lograr que la poblaci\u00f3n urbana asuma que si al campo le va bien, a todos nos va bien y que dejen de verlo como algo ajeno a sus vidas\u00bb, explic\u00f3 Rodrigues.<\/p>\n\n\n\n<p>Ministro de Agricultura (2003-2006) durante el gobierno de Lula da Silva, Rodrigues tambi\u00e9n plante\u00f3 su preocupaci\u00f3n sobre las posibilidades de que los peque\u00f1os productores agr\u00edcolas tengan acceso a herramientas tecnol\u00f3gicas para mejorar su productividad y por ende su calidad de vida.<\/p>\n\n\n\n<p>\u00abTenemos innovaciones impresionantes, cosechadoras gigantes que se manejan a control remoto, drones que monitorean hasta diez mil hect\u00e1reas, pero \u00bfson accesibles para quien tiene 50 hect\u00e1reas? \u00bfQu\u00e9 pasa con los peque\u00f1os productores? \u00bfD\u00f3nde est\u00e1n las tecnolog\u00edas para ellos? Corremos el riesgo de que la actividad agr\u00edcola pase a ser un asunto de corporaciones gigantes, lo cual no le conviene a ning\u00fan gobierno\u00bb, advirti\u00f3 Rodrigues.<\/p>","protected":false},"excerpt":{"rendered":"<p>Seg\u00fan el Coordinador del Centro de Agronegocios de la Fundaci\u00f3n Getulio Vargas, iniciativas como la de GPS ayudan a los gobiernos a generar pol\u00edticas sectoriales de calidad. Participante del panel Preocupaciones y Contribuciones de los pa\u00edses del Cono Sur a la Agenda Agroindustrial, el ex ministro de Agricultura de Brasil Roberto Rodrigues, clam\u00f3 por iniciativas [&hellip;]<\/p>","protected":false},"author":2,"featured_media":2187,"comment_status":"closed","ping_status":"closed","sticky":false,"template":"","format":"standard","meta":{"footnotes":""},"categories":[19,25],"tags":[37,36,38],"class_list":["post-2186","post","type-post","status-publish","format-standard","has-post-thumbnail","hentry","category-actividades","category-home","tag-gps","tag-ictsd","tag-roberto-rodrigues"],"yoast_head":"<!-- This site is optimized with the Yoast SEO plugin v26.8 - https:\/\/yoast.com\/product\/yoast-seo-wordpress\/ -->\n<title>#GPSEnLaMinisterial: Ex ministro Roberto Rodrigues clama por un nuevo liderazgo para el agro - GPS<\/title>\n<meta name=\"robots\" content=\"index, follow, max-snippet:-1, max-image-preview:large, max-video-preview:-1\" \/>\n<link rel=\"canonical\" href=\"https:\/\/grupogpps.org\/en\/gpsenlaministerial-ex-ministro-roberto-rodrigues-clama-por-un-nuevo-liderazgo-para-el-agro\/\" \/>\n<meta property=\"og:locale\" content=\"en_GB\" \/>\n<meta property=\"og:type\" content=\"article\" \/>\n<meta property=\"og:title\" content=\"#GPSEnLaMinisterial: Ex ministro Roberto Rodrigues clama por un nuevo liderazgo para el agro - GPS\" \/>\n<meta property=\"og:description\" content=\"Seg\u00fan el Coordinador del Centro de Agronegocios de la Fundaci\u00f3n Getulio Vargas, iniciativas como la de GPS ayudan a los gobiernos a generar pol\u00edticas sectoriales de calidad. Participante del panel Preocupaciones y Contribuciones de los pa\u00edses del Cono Sur a la Agenda Agroindustrial, el ex ministro de Agricultura de Brasil Roberto Rodrigues, clam\u00f3 por iniciativas [&hellip;]\" \/>\n<meta property=\"og:url\" content=\"https:\/\/grupogpps.org\/en\/gpsenlaministerial-ex-ministro-roberto-rodrigues-clama-por-un-nuevo-liderazgo-para-el-agro\/\" \/>\n<meta property=\"og:site_name\" content=\"GPS\" \/>\n<meta property=\"article:publisher\" content=\"https:\/\/www.linkedin.com\/company\/25037162\/\" \/>\n<meta property=\"article:published_time\" content=\"2017-12-14T18:24:43+00:00\" \/>\n<meta property=\"article:modified_time\" content=\"2021-07-07T12:03:50+00:00\" \/>\n<meta property=\"og:image\" content=\"https:\/\/grupogpps.org\/wp-content\/uploads\/2017\/12\/roberto-rodrigues.jpg\" \/>\n\t<meta property=\"og:image:width\" content=\"1000\" \/>\n\t<meta property=\"og:image:height\" content=\"358\" \/>\n\t<meta property=\"og:image:type\" content=\"image\/jpeg\" \/>\n<meta name=\"author\" content=\"GPS GPS\" \/>\n<meta name=\"twitter:card\" content=\"summary_large_image\" \/>\n<meta name=\"twitter:creator\" content=\"@GPSLatinAmerica\" \/>\n<meta name=\"twitter:site\" content=\"@GPSLatinAmerica\" \/>\n<meta name=\"twitter:label1\" content=\"Written by\" \/>\n\t<meta name=\"twitter:data1\" content=\"GPS GPS\" \/>\n\t<meta name=\"twitter:label2\" content=\"Estimated reading time\" \/>\n\t<meta name=\"twitter:data2\" content=\"2 minutes\" \/>\n<script type=\"application\/ld+json\" class=\"yoast-schema-graph\">{\"@context\":\"https:\/\/schema.org\",\"@graph\":[{\"@type\":\"Article\",\"@id\":\"https:\/\/grupogpps.org\/gpsenlaministerial-ex-ministro-roberto-rodrigues-clama-por-un-nuevo-liderazgo-para-el-agro\/#article\",\"isPartOf\":{\"@id\":\"https:\/\/grupogpps.org\/gpsenlaministerial-ex-ministro-roberto-rodrigues-clama-por-un-nuevo-liderazgo-para-el-agro\/\"},\"author\":{\"name\":\"GPS GPS\",\"@id\":\"https:\/\/grupogpps.org\/#\/schema\/person\/faaafcd24616dff095821c72659ce41f\"},\"headline\":\"#GPSEnLaMinisterial: Ex ministro Roberto Rodrigues clama por un nuevo liderazgo para el agro\",\"datePublished\":\"2017-12-14T18:24:43+00:00\",\"dateModified\":\"2021-07-07T12:03:50+00:00\",\"mainEntityOfPage\":{\"@id\":\"https:\/\/grupogpps.org\/gpsenlaministerial-ex-ministro-roberto-rodrigues-clama-por-un-nuevo-liderazgo-para-el-agro\/\"},\"wordCount\":483,\"publisher\":{\"@id\":\"https:\/\/grupogpps.org\/#organization\"},\"image\":{\"@id\":\"https:\/\/grupogpps.org\/gpsenlaministerial-ex-ministro-roberto-rodrigues-clama-por-un-nuevo-liderazgo-para-el-agro\/#primaryimage\"},\"thumbnailUrl\":\"https:\/\/grupogpps.org\/wp-content\/uploads\/2017\/12\/roberto-rodrigues.jpg\",\"keywords\":[\"GPS\",\"ictsd\",\"Roberto Rodrigues\"],\"articleSection\":[\"Actividades\",\"Home\"],\"inLanguage\":\"en-GB\"},{\"@type\":\"WebPage\",\"@id\":\"https:\/\/grupogpps.org\/gpsenlaministerial-ex-ministro-roberto-rodrigues-clama-por-un-nuevo-liderazgo-para-el-agro\/\",\"url\":\"https:\/\/grupogpps.org\/gpsenlaministerial-ex-ministro-roberto-rodrigues-clama-por-un-nuevo-liderazgo-para-el-agro\/\",\"name\":\"#GPSEnLaMinisterial: Ex ministro Roberto Rodrigues clama por un nuevo liderazgo para el agro - GPS\",\"isPartOf\":{\"@id\":\"https:\/\/grupogpps.org\/#website\"},\"primaryImageOfPage\":{\"@id\":\"https:\/\/grupogpps.org\/gpsenlaministerial-ex-ministro-roberto-rodrigues-clama-por-un-nuevo-liderazgo-para-el-agro\/#primaryimage\"},\"image\":{\"@id\":\"https:\/\/grupogpps.org\/gpsenlaministerial-ex-ministro-roberto-rodrigues-clama-por-un-nuevo-liderazgo-para-el-agro\/#primaryimage\"},\"thumbnailUrl\":\"https:\/\/grupogpps.org\/wp-content\/uploads\/2017\/12\/roberto-rodrigues.jpg\",\"datePublished\":\"2017-12-14T18:24:43+00:00\",\"dateModified\":\"2021-07-07T12:03:50+00:00\",\"breadcrumb\":{\"@id\":\"https:\/\/grupogpps.org\/gpsenlaministerial-ex-ministro-roberto-rodrigues-clama-por-un-nuevo-liderazgo-para-el-agro\/#breadcrumb\"},\"inLanguage\":\"en-GB\",\"potentialAction\":[{\"@type\":\"ReadAction\",\"target\":[\"https:\/\/grupogpps.org\/gpsenlaministerial-ex-ministro-roberto-rodrigues-clama-por-un-nuevo-liderazgo-para-el-agro\/\"]}]},{\"@type\":\"ImageObject\",\"inLanguage\":\"en-GB\",\"@id\":\"https:\/\/grupogpps.org\/gpsenlaministerial-ex-ministro-roberto-rodrigues-clama-por-un-nuevo-liderazgo-para-el-agro\/#primaryimage\",\"url\":\"https:\/\/grupogpps.org\/wp-content\/uploads\/2017\/12\/roberto-rodrigues.jpg\",\"contentUrl\":\"https:\/\/grupogpps.org\/wp-content\/uploads\/2017\/12\/roberto-rodrigues.jpg\",\"width\":1000,\"height\":358,\"caption\":\"#GPSEnLaMinisterial: Ex ministro Roberto Rodrigues clama por un nuevo liderazgo para el agro\"},{\"@type\":\"BreadcrumbList\",\"@id\":\"https:\/\/grupogpps.org\/gpsenlaministerial-ex-ministro-roberto-rodrigues-clama-por-un-nuevo-liderazgo-para-el-agro\/#breadcrumb\",\"itemListElement\":[{\"@type\":\"ListItem\",\"position\":1,\"name\":\"Inicio\",\"item\":\"https:\/\/grupogpps.org\/\"},{\"@type\":\"ListItem\",\"position\":2,\"name\":\"#GPSEnLaMinisterial: Ex ministro Roberto Rodrigues clama por un nuevo liderazgo para el agro\"}]},{\"@type\":\"WebSite\",\"@id\":\"https:\/\/grupogpps.org\/#website\",\"url\":\"https:\/\/grupogpps.org\/\",\"name\":\"GPS\",\"description\":\"Grupo de pa\u00edses productores del sur\",\"publisher\":{\"@id\":\"https:\/\/grupogpps.org\/#organization\"},\"potentialAction\":[{\"@type\":\"SearchAction\",\"target\":{\"@type\":\"EntryPoint\",\"urlTemplate\":\"https:\/\/grupogpps.org\/?s={search_term_string}\"},\"query-input\":{\"@type\":\"PropertyValueSpecification\",\"valueRequired\":true,\"valueName\":\"search_term_string\"}}],\"inLanguage\":\"en-GB\"},{\"@type\":\"Organization\",\"@id\":\"https:\/\/grupogpps.org\/#organization\",\"name\":\"GPS - Grupo de pa\u00edses productores del sur\",\"url\":\"https:\/\/grupogpps.org\/\",\"logo\":{\"@type\":\"ImageObject\",\"inLanguage\":\"en-GB\",\"@id\":\"https:\/\/grupogpps.org\/#\/schema\/logo\/image\/\",\"url\":\"http:\/\/grupogpps.org\/wp-content\/uploads\/2021\/06\/logoGPS3.svg\",\"contentUrl\":\"http:\/\/grupogpps.org\/wp-content\/uploads\/2021\/06\/logoGPS3.svg\",\"width\":1,\"height\":1,\"caption\":\"GPS - Grupo de pa\u00edses productores del sur\"},\"image\":{\"@id\":\"https:\/\/grupogpps.org\/#\/schema\/logo\/image\/\"},\"sameAs\":[\"https:\/\/www.linkedin.com\/company\/25037162\/\",\"https:\/\/x.com\/GPSLatinAmerica\",\"https:\/\/www.instagram.com\/gpslatin\/\",\"https:\/\/www.youtube.com\/channel\/UCM2Qf0jSqNRJRkqmU8dO9QA\/videos\"]},{\"@type\":\"Person\",\"@id\":\"https:\/\/grupogpps.org\/#\/schema\/person\/faaafcd24616dff095821c72659ce41f\",\"name\":\"GPS GPS\",\"url\":\"https:\/\/grupogpps.org\/en\/author\/gps\/\"}]}<\/script>\n<!-- \/ Yoast SEO plugin. -->","yoast_head_json":{"title":"#GPSEnLaMinisterial: Ex ministro Roberto Rodrigues clama por un nuevo liderazgo para el agro - GPS","robots":{"index":"index","follow":"follow","max-snippet":"max-snippet:-1","max-image-preview":"max-image-preview:large","max-video-preview":"max-video-preview:-1"},"canonical":"https:\/\/grupogpps.org\/en\/gpsenlaministerial-ex-ministro-roberto-rodrigues-clama-por-un-nuevo-liderazgo-para-el-agro\/","og_locale":"en_GB","og_type":"article","og_title":"#GPSEnLaMinisterial: Ex ministro Roberto Rodrigues clama por un nuevo liderazgo para el agro - GPS","og_description":"Seg\u00fan el Coordinador del Centro de Agronegocios de la Fundaci\u00f3n Getulio Vargas, iniciativas como la de GPS ayudan a los gobiernos a generar pol\u00edticas sectoriales de calidad. Participante del panel Preocupaciones y Contribuciones de los pa\u00edses del Cono Sur a la Agenda Agroindustrial, el ex ministro de Agricultura de Brasil Roberto Rodrigues, clam\u00f3 por iniciativas [&hellip;]","og_url":"https:\/\/grupogpps.org\/en\/gpsenlaministerial-ex-ministro-roberto-rodrigues-clama-por-un-nuevo-liderazgo-para-el-agro\/","og_site_name":"GPS","article_publisher":"https:\/\/www.linkedin.com\/company\/25037162\/","article_published_time":"2017-12-14T18:24:43+00:00","article_modified_time":"2021-07-07T12:03:50+00:00","og_image":[{"width":1000,"height":358,"url":"https:\/\/grupogpps.org\/wp-content\/uploads\/2017\/12\/roberto-rodrigues.jpg","type":"image\/jpeg"}],"author":"GPS GPS","twitter_card":"summary_large_image","twitter_creator":"@GPSLatinAmerica","twitter_site":"@GPSLatinAmerica","twitter_misc":{"Written by":"GPS GPS","Estimated reading time":"2 minutes"},"schema":{"@context":"https:\/\/schema.org","@graph":[{"@type":"Article","@id":"https:\/\/grupogpps.org\/gpsenlaministerial-ex-ministro-roberto-rodrigues-clama-por-un-nuevo-liderazgo-para-el-agro\/#article","isPartOf":{"@id":"https:\/\/grupogpps.org\/gpsenlaministerial-ex-ministro-roberto-rodrigues-clama-por-un-nuevo-liderazgo-para-el-agro\/"},"author":{"name":"GPS GPS","@id":"https:\/\/grupogpps.org\/#\/schema\/person\/faaafcd24616dff095821c72659ce41f"},"headline":"#GPSEnLaMinisterial: Ex ministro Roberto Rodrigues clama por un nuevo liderazgo para el agro","datePublished":"2017-12-14T18:24:43+00:00","dateModified":"2021-07-07T12:03:50+00:00","mainEntityOfPage":{"@id":"https:\/\/grupogpps.org\/gpsenlaministerial-ex-ministro-roberto-rodrigues-clama-por-un-nuevo-liderazgo-para-el-agro\/"},"wordCount":483,"publisher":{"@id":"https:\/\/grupogpps.org\/#organization"},"image":{"@id":"https:\/\/grupogpps.org\/gpsenlaministerial-ex-ministro-roberto-rodrigues-clama-por-un-nuevo-liderazgo-para-el-agro\/#primaryimage"},"thumbnailUrl":"https:\/\/grupogpps.org\/wp-content\/uploads\/2017\/12\/roberto-rodrigues.jpg","keywords":["GPS","ictsd","Roberto Rodrigues"],"articleSection":["Actividades","Home"],"inLanguage":"en-GB"},{"@type":"WebPage","@id":"https:\/\/grupogpps.org\/gpsenlaministerial-ex-ministro-roberto-rodrigues-clama-por-un-nuevo-liderazgo-para-el-agro\/","url":"https:\/\/grupogpps.org\/gpsenlaministerial-ex-ministro-roberto-rodrigues-clama-por-un-nuevo-liderazgo-para-el-agro\/","name":"#GPSEnLaMinisterial: Ex ministro Roberto Rodrigues clama por un nuevo liderazgo para el agro - GPS","isPartOf":{"@id":"https:\/\/grupogpps.org\/#website"},"primaryImageOfPage":{"@id":"https:\/\/grupogpps.org\/gpsenlaministerial-ex-ministro-roberto-rodrigues-clama-por-un-nuevo-liderazgo-para-el-agro\/#primaryimage"},"image":{"@id":"https:\/\/grupogpps.org\/gpsenlaministerial-ex-ministro-roberto-rodrigues-clama-por-un-nuevo-liderazgo-para-el-agro\/#primaryimage"},"thumbnailUrl":"https:\/\/grupogpps.org\/wp-content\/uploads\/2017\/12\/roberto-rodrigues.jpg","datePublished":"2017-12-14T18:24:43+00:00","dateModified":"2021-07-07T12:03:50+00:00","breadcrumb":{"@id":"https:\/\/grupogpps.org\/gpsenlaministerial-ex-ministro-roberto-rodrigues-clama-por-un-nuevo-liderazgo-para-el-agro\/#breadcrumb"},"inLanguage":"en-GB","potentialAction":[{"@type":"ReadAction","target":["https:\/\/grupogpps.org\/gpsenlaministerial-ex-ministro-roberto-rodrigues-clama-por-un-nuevo-liderazgo-para-el-agro\/"]}]},{"@type":"ImageObject","inLanguage":"en-GB","@id":"https:\/\/grupogpps.org\/gpsenlaministerial-ex-ministro-roberto-rodrigues-clama-por-un-nuevo-liderazgo-para-el-agro\/#primaryimage","url":"https:\/\/grupogpps.org\/wp-content\/uploads\/2017\/12\/roberto-rodrigues.jpg","contentUrl":"https:\/\/grupogpps.org\/wp-content\/uploads\/2017\/12\/roberto-rodrigues.jpg","width":1000,"height":358,"caption":"#GPSEnLaMinisterial: Ex ministro Roberto Rodrigues clama por un nuevo liderazgo para el agro"},{"@type":"BreadcrumbList","@id":"https:\/\/grupogpps.org\/gpsenlaministerial-ex-ministro-roberto-rodrigues-clama-por-un-nuevo-liderazgo-para-el-agro\/#breadcrumb","itemListElement":[{"@type":"ListItem","position":1,"name":"Inicio","item":"https:\/\/grupogpps.org\/"},{"@type":"ListItem","position":2,"name":"#GPSEnLaMinisterial: Ex ministro Roberto Rodrigues clama por un nuevo liderazgo para el agro"}]},{"@type":"WebSite","@id":"https:\/\/grupogpps.org\/#website","url":"https:\/\/grupogpps.org\/","name":"GPS","description":"Grupo de pa\u00edses productores del sur","publisher":{"@id":"https:\/\/grupogpps.org\/#organization"},"potentialAction":[{"@type":"SearchAction","target":{"@type":"EntryPoint","urlTemplate":"https:\/\/grupogpps.org\/?s={search_term_string}"},"query-input":{"@type":"PropertyValueSpecification","valueRequired":true,"valueName":"search_term_string"}}],"inLanguage":"en-GB"},{"@type":"Organization","@id":"https:\/\/grupogpps.org\/#organization","name":"GPS - Grupo de pa\u00edses productores del sur","url":"https:\/\/grupogpps.org\/","logo":{"@type":"ImageObject","inLanguage":"en-GB","@id":"https:\/\/grupogpps.org\/#\/schema\/logo\/image\/","url":"http:\/\/grupogpps.org\/wp-content\/uploads\/2021\/06\/logoGPS3.svg","contentUrl":"http:\/\/grupogpps.org\/wp-content\/uploads\/2021\/06\/logoGPS3.svg","width":1,"height":1,"caption":"GPS - Grupo de pa\u00edses productores del sur"},"image":{"@id":"https:\/\/grupogpps.org\/#\/schema\/logo\/image\/"},"sameAs":["https:\/\/www.linkedin.com\/company\/25037162\/","https:\/\/x.com\/GPSLatinAmerica","https:\/\/www.instagram.com\/gpslatin\/","https:\/\/www.youtube.com\/channel\/UCM2Qf0jSqNRJRkqmU8dO9QA\/videos"]},{"@type":"Person","@id":"https:\/\/grupogpps.org\/#\/schema\/person\/faaafcd24616dff095821c72659ce41f","name":"GPS GPS","url":"https:\/\/grupogpps.org\/en\/author\/gps\/"}]}},"_links":{"self":[{"href":"https:\/\/grupogpps.org\/en\/wp-json\/wp\/v2\/posts\/2186","targetHints":{"allow":["GET"]}}],"collection":[{"href":"https:\/\/grupogpps.org\/en\/wp-json\/wp\/v2\/posts"}],"about":[{"href":"https:\/\/grupogpps.org\/en\/wp-json\/wp\/v2\/types\/post"}],"author":[{"embeddable":true,"href":"https:\/\/grupogpps.org\/en\/wp-json\/wp\/v2\/users\/2"}],"replies":[{"embeddable":true,"href":"https:\/\/grupogpps.org\/en\/wp-json\/wp\/v2\/comments?post=2186"}],"version-history":[{"count":1,"href":"https:\/\/grupogpps.org\/en\/wp-json\/wp\/v2\/posts\/2186\/revisions"}],"predecessor-version":[{"id":2981,"href":"https:\/\/grupogpps.org\/en\/wp-json\/wp\/v2\/posts\/2186\/revisions\/2981"}],"wp:featuredmedia":[{"embeddable":true,"href":"https:\/\/grupogpps.org\/en\/wp-json\/wp\/v2\/media\/2187"}],"wp:attachment":[{"href":"https:\/\/grupogpps.org\/en\/wp-json\/wp\/v2\/media?parent=2186"}],"wp:term":[{"taxonomy":"category","embeddable":true,"href":"https:\/\/grupogpps.org\/en\/wp-json\/wp\/v2\/categories?post=2186"},{"taxonomy":"post_tag","embeddable":true,"href":"https:\/\/grupogpps.org\/en\/wp-json\/wp\/v2\/tags?post=2186"}],"curies":[{"name":"wp","href":"https:\/\/api.w.org\/{rel}","templated":true}]}}