{"id":2184,"date":"2017-12-14T22:51:05","date_gmt":"2017-12-15T01:51:05","guid":{"rendered":"http:\/\/grupogpps.org\/?p=821"},"modified":"2021-07-07T09:02:57","modified_gmt":"2021-07-07T12:02:57","slug":"viglizzo-frenar-exportaciones-agricolas-del-mercosur-por-la-emision-de-carbono-es-injustificado","status":"publish","type":"post","link":"https:\/\/grupogpps.org\/en\/viglizzo-frenar-exportaciones-agricolas-del-mercosur-por-la-emision-de-carbono-es-injustificado\/","title":{"rendered":"Viglizzo: frenar exportaciones agr\u00edcolas del Mercosur por la emisi\u00f3n de carbono es injustificado"},"content":{"rendered":"<p><strong>El investigador detall\u00f3 que la producci\u00f3n del agronegocio del Mercosur es sustentable, no s\u00f3lo por su peso marginal en las emisiones globales de carbono sino por las caracter\u00edsticas de su sistema productivo.<\/strong><\/p>\n\n\n\n<p>En el Marco del Think Track celebrado durante la 11\u00aa Conferencia Ministerial de la Organizaci\u00f3n Mundial del Comercio en Buenos Aires, el cient\u00edfico argentino Ernesto Viglizzo expuso este mi\u00e9rcoles (13) las conclusiones de su estudio sobre la producci\u00f3n de gases de efecto invernadero en la producci\u00f3n del agronegocio del Cono Sur.<\/p>\n\n\n\n<p>Para Viglizzo, oponer barreras comerciales a los productos agr\u00edcolas del Mercosur con base en la emisi\u00f3n de carbono no tiene justificaci\u00f3n t\u00e9cnica. \u00abLos c\u00e1lculos que se usan a nivel internacional toman en cuenta s\u00f3lo a las emisiones y no el secuestro o captura de carbono en tierras rurales de nuestros pa\u00edses y eso cambiar\u00eda los n\u00fameros\u00bb, explic\u00f3.<\/p>\n\n\n\n<p>El investigador -que ha presentado sus estudios en la Canciller\u00eda Argentina, para que formen parte de los argumentos usados en las negociaciones comerciales-, explic\u00f3 que el sector rural del Mercosur es un jugador menor a escala global, ya que contribuye con menos de 1% del total de emisiones de carbono impl\u00edcitas en la producci\u00f3n agropecuaria.<\/p>\n\n\n\n<p>\u00abCuando se considera el secuestro de carbono en la biomasa subterr\u00e1nea, el sector rural podr\u00eda convertirse en \u00b4carbono neutral` en cada uno de los pa\u00edses de Mercosur tanto como en todos en conjunto. Hago menci\u00f3n especial a Paraguay y Argentina, que seg\u00fan nuestras estimaciones podr\u00edan haber alcanzado un status cero en la emisi\u00f3n de carbono, porque sus cr\u00e9ditos en el sector rural podr\u00edan estar neutralizando todas las emisiones nacionales\u00bb, explic\u00f3 Viglizzo.<\/p>","protected":false},"excerpt":{"rendered":"<p>El investigador detall\u00f3 que la producci\u00f3n del agronegocio del Mercosur es sustentable, no s\u00f3lo por su peso marginal en las emisiones globales de carbono sino por las caracter\u00edsticas de su sistema productivo. En el Marco del Think Track celebrado durante la 11\u00aa Conferencia Ministerial de la Organizaci\u00f3n Mundial del Comercio en Buenos Aires, el cient\u00edfico [&hellip;]<\/p>","protected":false},"author":2,"featured_media":2185,"comment_status":"closed","ping_status":"closed","sticky":false,"template":"","format":"standard","meta":{"footnotes":""},"categories":[19,25],"tags":[35],"class_list":["post-2184","post","type-post","status-publish","format-standard","has-post-thumbnail","hentry","category-actividades","category-home","tag-secuestro-de-carbono"],"yoast_head":"<!-- This site is optimized with the Yoast SEO plugin v26.8 - https:\/\/yoast.com\/product\/yoast-seo-wordpress\/ -->\n<title>Viglizzo: frenar exportaciones agr\u00edcolas del Mercosur por la emisi\u00f3n de carbono es injustificado - GPS<\/title>\n<meta name=\"robots\" content=\"index, follow, max-snippet:-1, max-image-preview:large, max-video-preview:-1\" \/>\n<link rel=\"canonical\" href=\"https:\/\/grupogpps.org\/en\/viglizzo-frenar-exportaciones-agricolas-del-mercosur-por-la-emision-de-carbono-es-injustificado\/\" \/>\n<meta property=\"og:locale\" content=\"en_GB\" \/>\n<meta property=\"og:type\" content=\"article\" \/>\n<meta property=\"og:title\" content=\"Viglizzo: frenar exportaciones agr\u00edcolas del Mercosur por la emisi\u00f3n de carbono es injustificado - GPS\" \/>\n<meta property=\"og:description\" content=\"El investigador detall\u00f3 que la producci\u00f3n del agronegocio del Mercosur es sustentable, no s\u00f3lo por su peso marginal en las emisiones globales de carbono sino por las caracter\u00edsticas de su sistema productivo. En el Marco del Think Track celebrado durante la 11\u00aa Conferencia Ministerial de la Organizaci\u00f3n Mundial del Comercio en Buenos Aires, el cient\u00edfico [&hellip;]\" \/>\n<meta property=\"og:url\" content=\"https:\/\/grupogpps.org\/en\/viglizzo-frenar-exportaciones-agricolas-del-mercosur-por-la-emision-de-carbono-es-injustificado\/\" \/>\n<meta property=\"og:site_name\" content=\"GPS\" \/>\n<meta property=\"article:publisher\" content=\"https:\/\/www.linkedin.com\/company\/25037162\/\" \/>\n<meta property=\"article:published_time\" content=\"2017-12-15T01:51:05+00:00\" \/>\n<meta property=\"article:modified_time\" content=\"2021-07-07T12:02:57+00:00\" \/>\n<meta property=\"og:image\" content=\"https:\/\/grupogpps.org\/wp-content\/uploads\/2017\/12\/ernesto-viglizzo.jpg\" \/>\n\t<meta property=\"og:image:width\" content=\"1024\" \/>\n\t<meta property=\"og:image:height\" content=\"680\" \/>\n\t<meta property=\"og:image:type\" content=\"image\/jpeg\" \/>\n<meta name=\"author\" content=\"GPS GPS\" \/>\n<meta name=\"twitter:card\" content=\"summary_large_image\" \/>\n<meta name=\"twitter:creator\" content=\"@GPSLatinAmerica\" \/>\n<meta name=\"twitter:site\" content=\"@GPSLatinAmerica\" \/>\n<meta name=\"twitter:label1\" content=\"Written by\" \/>\n\t<meta name=\"twitter:data1\" content=\"GPS GPS\" \/>\n\t<meta name=\"twitter:label2\" content=\"Estimated reading time\" \/>\n\t<meta name=\"twitter:data2\" content=\"1 minute\" \/>\n<script type=\"application\/ld+json\" class=\"yoast-schema-graph\">{\"@context\":\"https:\/\/schema.org\",\"@graph\":[{\"@type\":\"Article\",\"@id\":\"https:\/\/grupogpps.org\/viglizzo-frenar-exportaciones-agricolas-del-mercosur-por-la-emision-de-carbono-es-injustificado\/#article\",\"isPartOf\":{\"@id\":\"https:\/\/grupogpps.org\/viglizzo-frenar-exportaciones-agricolas-del-mercosur-por-la-emision-de-carbono-es-injustificado\/\"},\"author\":{\"name\":\"GPS GPS\",\"@id\":\"https:\/\/grupogpps.org\/#\/schema\/person\/faaafcd24616dff095821c72659ce41f\"},\"headline\":\"Viglizzo: frenar exportaciones agr\u00edcolas del Mercosur por la emisi\u00f3n de carbono es injustificado\",\"datePublished\":\"2017-12-15T01:51:05+00:00\",\"dateModified\":\"2021-07-07T12:02:57+00:00\",\"mainEntityOfPage\":{\"@id\":\"https:\/\/grupogpps.org\/viglizzo-frenar-exportaciones-agricolas-del-mercosur-por-la-emision-de-carbono-es-injustificado\/\"},\"wordCount\":307,\"publisher\":{\"@id\":\"https:\/\/grupogpps.org\/#organization\"},\"image\":{\"@id\":\"https:\/\/grupogpps.org\/viglizzo-frenar-exportaciones-agricolas-del-mercosur-por-la-emision-de-carbono-es-injustificado\/#primaryimage\"},\"thumbnailUrl\":\"https:\/\/grupogpps.org\/wp-content\/uploads\/2017\/12\/ernesto-viglizzo.jpg\",\"keywords\":[\"Secuestro de carbono\"],\"articleSection\":[\"Actividades\",\"Home\"],\"inLanguage\":\"en-GB\"},{\"@type\":\"WebPage\",\"@id\":\"https:\/\/grupogpps.org\/viglizzo-frenar-exportaciones-agricolas-del-mercosur-por-la-emision-de-carbono-es-injustificado\/\",\"url\":\"https:\/\/grupogpps.org\/viglizzo-frenar-exportaciones-agricolas-del-mercosur-por-la-emision-de-carbono-es-injustificado\/\",\"name\":\"Viglizzo: frenar exportaciones agr\u00edcolas del Mercosur por la emisi\u00f3n de carbono es injustificado - GPS\",\"isPartOf\":{\"@id\":\"https:\/\/grupogpps.org\/#website\"},\"primaryImageOfPage\":{\"@id\":\"https:\/\/grupogpps.org\/viglizzo-frenar-exportaciones-agricolas-del-mercosur-por-la-emision-de-carbono-es-injustificado\/#primaryimage\"},\"image\":{\"@id\":\"https:\/\/grupogpps.org\/viglizzo-frenar-exportaciones-agricolas-del-mercosur-por-la-emision-de-carbono-es-injustificado\/#primaryimage\"},\"thumbnailUrl\":\"https:\/\/grupogpps.org\/wp-content\/uploads\/2017\/12\/ernesto-viglizzo.jpg\",\"datePublished\":\"2017-12-15T01:51:05+00:00\",\"dateModified\":\"2021-07-07T12:02:57+00:00\",\"breadcrumb\":{\"@id\":\"https:\/\/grupogpps.org\/viglizzo-frenar-exportaciones-agricolas-del-mercosur-por-la-emision-de-carbono-es-injustificado\/#breadcrumb\"},\"inLanguage\":\"en-GB\",\"potentialAction\":[{\"@type\":\"ReadAction\",\"target\":[\"https:\/\/grupogpps.org\/viglizzo-frenar-exportaciones-agricolas-del-mercosur-por-la-emision-de-carbono-es-injustificado\/\"]}]},{\"@type\":\"ImageObject\",\"inLanguage\":\"en-GB\",\"@id\":\"https:\/\/grupogpps.org\/viglizzo-frenar-exportaciones-agricolas-del-mercosur-por-la-emision-de-carbono-es-injustificado\/#primaryimage\",\"url\":\"https:\/\/grupogpps.org\/wp-content\/uploads\/2017\/12\/ernesto-viglizzo.jpg\",\"contentUrl\":\"https:\/\/grupogpps.org\/wp-content\/uploads\/2017\/12\/ernesto-viglizzo.jpg\",\"width\":1024,\"height\":680,\"caption\":\"Viglizzo: frenar exportaciones agr\u00edcolas del Mercosur por la emisi\u00f3n de carbono es injustificado\"},{\"@type\":\"BreadcrumbList\",\"@id\":\"https:\/\/grupogpps.org\/viglizzo-frenar-exportaciones-agricolas-del-mercosur-por-la-emision-de-carbono-es-injustificado\/#breadcrumb\",\"itemListElement\":[{\"@type\":\"ListItem\",\"position\":1,\"name\":\"Inicio\",\"item\":\"https:\/\/grupogpps.org\/\"},{\"@type\":\"ListItem\",\"position\":2,\"name\":\"Viglizzo: frenar exportaciones agr\u00edcolas del Mercosur por la emisi\u00f3n de carbono es injustificado\"}]},{\"@type\":\"WebSite\",\"@id\":\"https:\/\/grupogpps.org\/#website\",\"url\":\"https:\/\/grupogpps.org\/\",\"name\":\"GPS\",\"description\":\"Grupo de pa\u00edses productores del sur\",\"publisher\":{\"@id\":\"https:\/\/grupogpps.org\/#organization\"},\"potentialAction\":[{\"@type\":\"SearchAction\",\"target\":{\"@type\":\"EntryPoint\",\"urlTemplate\":\"https:\/\/grupogpps.org\/?s={search_term_string}\"},\"query-input\":{\"@type\":\"PropertyValueSpecification\",\"valueRequired\":true,\"valueName\":\"search_term_string\"}}],\"inLanguage\":\"en-GB\"},{\"@type\":\"Organization\",\"@id\":\"https:\/\/grupogpps.org\/#organization\",\"name\":\"GPS - Grupo de pa\u00edses productores del sur\",\"url\":\"https:\/\/grupogpps.org\/\",\"logo\":{\"@type\":\"ImageObject\",\"inLanguage\":\"en-GB\",\"@id\":\"https:\/\/grupogpps.org\/#\/schema\/logo\/image\/\",\"url\":\"http:\/\/grupogpps.org\/wp-content\/uploads\/2021\/06\/logoGPS3.svg\",\"contentUrl\":\"http:\/\/grupogpps.org\/wp-content\/uploads\/2021\/06\/logoGPS3.svg\",\"width\":1,\"height\":1,\"caption\":\"GPS - Grupo de pa\u00edses productores del sur\"},\"image\":{\"@id\":\"https:\/\/grupogpps.org\/#\/schema\/logo\/image\/\"},\"sameAs\":[\"https:\/\/www.linkedin.com\/company\/25037162\/\",\"https:\/\/x.com\/GPSLatinAmerica\",\"https:\/\/www.instagram.com\/gpslatin\/\",\"https:\/\/www.youtube.com\/channel\/UCM2Qf0jSqNRJRkqmU8dO9QA\/videos\"]},{\"@type\":\"Person\",\"@id\":\"https:\/\/grupogpps.org\/#\/schema\/person\/faaafcd24616dff095821c72659ce41f\",\"name\":\"GPS GPS\",\"url\":\"https:\/\/grupogpps.org\/en\/author\/gps\/\"}]}<\/script>\n<!-- \/ Yoast SEO plugin. -->","yoast_head_json":{"title":"Viglizzo: frenar exportaciones agr\u00edcolas del Mercosur por la emisi\u00f3n de carbono es injustificado - GPS","robots":{"index":"index","follow":"follow","max-snippet":"max-snippet:-1","max-image-preview":"max-image-preview:large","max-video-preview":"max-video-preview:-1"},"canonical":"https:\/\/grupogpps.org\/en\/viglizzo-frenar-exportaciones-agricolas-del-mercosur-por-la-emision-de-carbono-es-injustificado\/","og_locale":"en_GB","og_type":"article","og_title":"Viglizzo: frenar exportaciones agr\u00edcolas del Mercosur por la emisi\u00f3n de carbono es injustificado - GPS","og_description":"El investigador detall\u00f3 que la producci\u00f3n del agronegocio del Mercosur es sustentable, no s\u00f3lo por su peso marginal en las emisiones globales de carbono sino por las caracter\u00edsticas de su sistema productivo. En el Marco del Think Track celebrado durante la 11\u00aa Conferencia Ministerial de la Organizaci\u00f3n Mundial del Comercio en Buenos Aires, el cient\u00edfico [&hellip;]","og_url":"https:\/\/grupogpps.org\/en\/viglizzo-frenar-exportaciones-agricolas-del-mercosur-por-la-emision-de-carbono-es-injustificado\/","og_site_name":"GPS","article_publisher":"https:\/\/www.linkedin.com\/company\/25037162\/","article_published_time":"2017-12-15T01:51:05+00:00","article_modified_time":"2021-07-07T12:02:57+00:00","og_image":[{"width":1024,"height":680,"url":"https:\/\/grupogpps.org\/wp-content\/uploads\/2017\/12\/ernesto-viglizzo.jpg","type":"image\/jpeg"}],"author":"GPS GPS","twitter_card":"summary_large_image","twitter_creator":"@GPSLatinAmerica","twitter_site":"@GPSLatinAmerica","twitter_misc":{"Written by":"GPS GPS","Estimated reading time":"1 minute"},"schema":{"@context":"https:\/\/schema.org","@graph":[{"@type":"Article","@id":"https:\/\/grupogpps.org\/viglizzo-frenar-exportaciones-agricolas-del-mercosur-por-la-emision-de-carbono-es-injustificado\/#article","isPartOf":{"@id":"https:\/\/grupogpps.org\/viglizzo-frenar-exportaciones-agricolas-del-mercosur-por-la-emision-de-carbono-es-injustificado\/"},"author":{"name":"GPS GPS","@id":"https:\/\/grupogpps.org\/#\/schema\/person\/faaafcd24616dff095821c72659ce41f"},"headline":"Viglizzo: frenar exportaciones agr\u00edcolas del Mercosur por la emisi\u00f3n de carbono es injustificado","datePublished":"2017-12-15T01:51:05+00:00","dateModified":"2021-07-07T12:02:57+00:00","mainEntityOfPage":{"@id":"https:\/\/grupogpps.org\/viglizzo-frenar-exportaciones-agricolas-del-mercosur-por-la-emision-de-carbono-es-injustificado\/"},"wordCount":307,"publisher":{"@id":"https:\/\/grupogpps.org\/#organization"},"image":{"@id":"https:\/\/grupogpps.org\/viglizzo-frenar-exportaciones-agricolas-del-mercosur-por-la-emision-de-carbono-es-injustificado\/#primaryimage"},"thumbnailUrl":"https:\/\/grupogpps.org\/wp-content\/uploads\/2017\/12\/ernesto-viglizzo.jpg","keywords":["Secuestro de carbono"],"articleSection":["Actividades","Home"],"inLanguage":"en-GB"},{"@type":"WebPage","@id":"https:\/\/grupogpps.org\/viglizzo-frenar-exportaciones-agricolas-del-mercosur-por-la-emision-de-carbono-es-injustificado\/","url":"https:\/\/grupogpps.org\/viglizzo-frenar-exportaciones-agricolas-del-mercosur-por-la-emision-de-carbono-es-injustificado\/","name":"Viglizzo: frenar exportaciones agr\u00edcolas del Mercosur por la emisi\u00f3n de carbono es injustificado - GPS","isPartOf":{"@id":"https:\/\/grupogpps.org\/#website"},"primaryImageOfPage":{"@id":"https:\/\/grupogpps.org\/viglizzo-frenar-exportaciones-agricolas-del-mercosur-por-la-emision-de-carbono-es-injustificado\/#primaryimage"},"image":{"@id":"https:\/\/grupogpps.org\/viglizzo-frenar-exportaciones-agricolas-del-mercosur-por-la-emision-de-carbono-es-injustificado\/#primaryimage"},"thumbnailUrl":"https:\/\/grupogpps.org\/wp-content\/uploads\/2017\/12\/ernesto-viglizzo.jpg","datePublished":"2017-12-15T01:51:05+00:00","dateModified":"2021-07-07T12:02:57+00:00","breadcrumb":{"@id":"https:\/\/grupogpps.org\/viglizzo-frenar-exportaciones-agricolas-del-mercosur-por-la-emision-de-carbono-es-injustificado\/#breadcrumb"},"inLanguage":"en-GB","potentialAction":[{"@type":"ReadAction","target":["https:\/\/grupogpps.org\/viglizzo-frenar-exportaciones-agricolas-del-mercosur-por-la-emision-de-carbono-es-injustificado\/"]}]},{"@type":"ImageObject","inLanguage":"en-GB","@id":"https:\/\/grupogpps.org\/viglizzo-frenar-exportaciones-agricolas-del-mercosur-por-la-emision-de-carbono-es-injustificado\/#primaryimage","url":"https:\/\/grupogpps.org\/wp-content\/uploads\/2017\/12\/ernesto-viglizzo.jpg","contentUrl":"https:\/\/grupogpps.org\/wp-content\/uploads\/2017\/12\/ernesto-viglizzo.jpg","width":1024,"height":680,"caption":"Viglizzo: frenar exportaciones agr\u00edcolas del Mercosur por la emisi\u00f3n de carbono es injustificado"},{"@type":"BreadcrumbList","@id":"https:\/\/grupogpps.org\/viglizzo-frenar-exportaciones-agricolas-del-mercosur-por-la-emision-de-carbono-es-injustificado\/#breadcrumb","itemListElement":[{"@type":"ListItem","position":1,"name":"Inicio","item":"https:\/\/grupogpps.org\/"},{"@type":"ListItem","position":2,"name":"Viglizzo: frenar exportaciones agr\u00edcolas del Mercosur por la emisi\u00f3n de carbono es injustificado"}]},{"@type":"WebSite","@id":"https:\/\/grupogpps.org\/#website","url":"https:\/\/grupogpps.org\/","name":"GPS","description":"Grupo de pa\u00edses productores del sur","publisher":{"@id":"https:\/\/grupogpps.org\/#organization"},"potentialAction":[{"@type":"SearchAction","target":{"@type":"EntryPoint","urlTemplate":"https:\/\/grupogpps.org\/?s={search_term_string}"},"query-input":{"@type":"PropertyValueSpecification","valueRequired":true,"valueName":"search_term_string"}}],"inLanguage":"en-GB"},{"@type":"Organization","@id":"https:\/\/grupogpps.org\/#organization","name":"GPS - Grupo de pa\u00edses productores del sur","url":"https:\/\/grupogpps.org\/","logo":{"@type":"ImageObject","inLanguage":"en-GB","@id":"https:\/\/grupogpps.org\/#\/schema\/logo\/image\/","url":"http:\/\/grupogpps.org\/wp-content\/uploads\/2021\/06\/logoGPS3.svg","contentUrl":"http:\/\/grupogpps.org\/wp-content\/uploads\/2021\/06\/logoGPS3.svg","width":1,"height":1,"caption":"GPS - Grupo de pa\u00edses productores del sur"},"image":{"@id":"https:\/\/grupogpps.org\/#\/schema\/logo\/image\/"},"sameAs":["https:\/\/www.linkedin.com\/company\/25037162\/","https:\/\/x.com\/GPSLatinAmerica","https:\/\/www.instagram.com\/gpslatin\/","https:\/\/www.youtube.com\/channel\/UCM2Qf0jSqNRJRkqmU8dO9QA\/videos"]},{"@type":"Person","@id":"https:\/\/grupogpps.org\/#\/schema\/person\/faaafcd24616dff095821c72659ce41f","name":"GPS GPS","url":"https:\/\/grupogpps.org\/en\/author\/gps\/"}]}},"_links":{"self":[{"href":"https:\/\/grupogpps.org\/en\/wp-json\/wp\/v2\/posts\/2184","targetHints":{"allow":["GET"]}}],"collection":[{"href":"https:\/\/grupogpps.org\/en\/wp-json\/wp\/v2\/posts"}],"about":[{"href":"https:\/\/grupogpps.org\/en\/wp-json\/wp\/v2\/types\/post"}],"author":[{"embeddable":true,"href":"https:\/\/grupogpps.org\/en\/wp-json\/wp\/v2\/users\/2"}],"replies":[{"embeddable":true,"href":"https:\/\/grupogpps.org\/en\/wp-json\/wp\/v2\/comments?post=2184"}],"version-history":[{"count":1,"href":"https:\/\/grupogpps.org\/en\/wp-json\/wp\/v2\/posts\/2184\/revisions"}],"predecessor-version":[{"id":2980,"href":"https:\/\/grupogpps.org\/en\/wp-json\/wp\/v2\/posts\/2184\/revisions\/2980"}],"wp:featuredmedia":[{"embeddable":true,"href":"https:\/\/grupogpps.org\/en\/wp-json\/wp\/v2\/media\/2185"}],"wp:attachment":[{"href":"https:\/\/grupogpps.org\/en\/wp-json\/wp\/v2\/media?parent=2184"}],"wp:term":[{"taxonomy":"category","embeddable":true,"href":"https:\/\/grupogpps.org\/en\/wp-json\/wp\/v2\/categories?post=2184"},{"taxonomy":"post_tag","embeddable":true,"href":"https:\/\/grupogpps.org\/en\/wp-json\/wp\/v2\/tags?post=2184"}],"curies":[{"name":"wp","href":"https:\/\/api.w.org\/{rel}","templated":true}]}}