{"id":2117,"date":"2018-06-24T13:57:59","date_gmt":"2018-06-24T16:57:59","guid":{"rendered":"http:\/\/grupogpps.org\/?p=1154"},"modified":"2021-07-06T09:43:04","modified_gmt":"2021-07-06T12:43:04","slug":"martin-pineiro-de-gps-participo-del-symposium-on-the-agriculture-policy-landscape-de-la-omc","status":"publish","type":"post","link":"https:\/\/grupogpps.org\/en\/martin-pineiro-de-gps-participo-del-symposium-on-the-agriculture-policy-landscape-de-la-omc\/","title":{"rendered":"Mart\u00edn Pi\u00f1eiro de GPS particip\u00f3 del Symposium on the Agriculture Policy Landscape de la OMC"},"content":{"rendered":"<p>Mart\u00edn Pi\u00f1eiro de GPS particip\u00f3 en el Simposio organizado por la Divisi\u00f3n de Agricultura y el Instituto para la Capacitaci\u00f3n y Cooperaci\u00f3n T\u00e9cnica de la OMC en Ginebra, el 13 y 14 de junio.<\/p>\n<p>En su presentaci\u00f3n abord\u00f3 la relaci\u00f3n entre el comercio y la seguridad alimentaria, haciendo hincapi\u00e9 en el rol de los exportadores e importadores netos de alimentos.<\/p>\n<p>El comercio ha sido una fuerza determinante para el crecimiento y el desarrollo a nivel internacional. Y el sistema multilateral ha tenido un papel relevante en esta tendencia. Sin embargo, esto parece estarse deteriorando en los \u00faltimos a\u00f1os, con un crecimiento del proteccionismo, lo cual tiene un impacto negativo para la seguridad alimentaria global.<\/p>\n<p>Al mismo tiempo se est\u00e1n produciendo cambios a nivel de producci\u00f3n y comercio. \u00a0Ambas tendencias combinadas llevar\u00e1n a un cambio de los patrones del comercio internacional agroalimentario y a los procesos de negociaci\u00f3n en este \u00e1mbito.<\/p>\n<p>El comercio agroalimentario tiene cada vez m\u00e1s importancia en relaci\u00f3n a la seguridad alimentaria. \u00a0El 20% de la ingesta cal\u00f3rica a nivel mundial proviene del comercio y \u00e9ste se encuentra fuertemente concentrado, tanto en t\u00e9rminos de importadores como de exportadores. Los 5 principales exportadores son responsables del 50% de las exportaciones netas de alimentos, mientras que 7 importadores dan cuenta del 60% de las importaciones netas. Esta tendencia se volver\u00e1 m\u00e1s importante en el futuro.<\/p>\n<p>La demanda y las importaciones est\u00e1n creciendo m\u00e1s r\u00e1pidamente en pa\u00edses en desarrollo, particularmente en Asia, Africa del Norte y Medio Oriente.<\/p>\n<p>El mercado se tornar\u00e1 mucho m\u00e1s complejo, con m\u00faltiples actores con diferentes necesidades y pol\u00edticas. \u00a0Pero para los importadores y exportadores netos, la cuesti\u00f3n del comercio agroalimentario es central y estrat\u00e9gica. \u00a0En un contexto vol\u00e1til e incierto, esto hace necesario la promoci\u00f3n de acuerdos de largo plazo entre estos pa\u00edses.<\/p>\n<p>Los cambios en la composici\u00f3n de las exportaciones, no parecen acompa\u00f1ar las tendencias globales de cambio en t\u00e9rminos de la demanda.<\/p>\n<p>Las preocupaciones en t\u00e9rminos de cambio clim\u00e1tico tendr\u00e1n un fuerte impacto en el comercio agroalimentario. \u00a0Ser\u00e1 necesario incrementar la producci\u00f3n en un 60% en los pr\u00f3ximos 25 a\u00f1os y hacerlo de una forma sustentable y reduciendo las emisiones de carbono. \u00a0La evidencia sugiere que la intensificaci\u00f3n sustentable es positiva en este contexto, permitiendo producir m\u00e1s alimentos con menor emisi\u00f3n por unidad producida. \u00a0Por lo que esta podr\u00eda ser una v\u00eda para incrementar la producci\u00f3n en forma amigable con el medio ambiente. \u00a0En este contexto, es central trabajar en un acuerdo que permita aplicar estos m\u00e9todos productivos en aquellos sistemas m\u00e1s eficientes, mejorando el acceso a fin de permitir que el comercio cumpla su rol en el logro de la seguridad alimentaria.<\/p>\n<p>La presentaci\u00f3n completa de Mart\u00edn Pi\u00f1eiro puede descargarse del <a href=\"https:\/\/www.wto.org\/english\/tratop_e\/agric_e\/symposium_ag_policy_landscape_e\/s1_pineiro.pdf\" target=\"_blank\" rel=\"noopener\">sitio de la OMC<\/a>.<\/p>\n\n\n<div style=\"height:20px\" aria-hidden=\"true\" class=\"wp-block-spacer\"><\/div>\n\n\n\n<figure class=\"wp-block-gallery aligncenter columns-1 is-cropped wp-block-gallery-1 is-layout-flex wp-block-gallery-is-layout-flex\"><ul class=\"blocks-gallery-grid\"><li class=\"blocks-gallery-item\"><figure><a href=\"http:\/\/grupogpps.org\/wp-content\/uploads\/2021\/07\/martin-pineiro-de-gps-participo-del-symposium-on-the-agriculture-policy-landscape-de-la-omc.png\"><img loading=\"lazy\" decoding=\"async\" width=\"1024\" height=\"576\" src=\"http:\/\/grupogpps.org\/wp-content\/uploads\/2021\/07\/martin-pineiro-de-gps-participo-del-symposium-on-the-agriculture-policy-landscape-de-la-omc.png\" alt=\"\" data-id=\"2937\" data-full-url=\"http:\/\/grupogpps.org\/wp-content\/uploads\/2021\/07\/martin-pineiro-de-gps-participo-del-symposium-on-the-agriculture-policy-landscape-de-la-omc.png\" data-link=\"http:\/\/grupogpps.org\/2018\/06\/24\/martin-pineiro-de-gps-participo-del-symposium-on-the-agriculture-policy-landscape-de-la-omc\/martin-pineiro-de-gps-participo-del-symposium-on-the-agriculture-policy-landscape-de-la-omc-2\/\" class=\"wp-image-2937\" srcset=\"https:\/\/grupogpps.org\/wp-content\/uploads\/2021\/07\/martin-pineiro-de-gps-participo-del-symposium-on-the-agriculture-policy-landscape-de-la-omc.png 1024w, https:\/\/grupogpps.org\/wp-content\/uploads\/2021\/07\/martin-pineiro-de-gps-participo-del-symposium-on-the-agriculture-policy-landscape-de-la-omc-300x169.png 300w, https:\/\/grupogpps.org\/wp-content\/uploads\/2021\/07\/martin-pineiro-de-gps-participo-del-symposium-on-the-agriculture-policy-landscape-de-la-omc-768x432.png 768w, https:\/\/grupogpps.org\/wp-content\/uploads\/2021\/07\/martin-pineiro-de-gps-participo-del-symposium-on-the-agriculture-policy-landscape-de-la-omc-16x9.png 16w\" sizes=\"auto, (max-width: 1024px) 100vw, 1024px\" \/><\/a><\/figure><\/li><\/ul><\/figure>","protected":false},"excerpt":{"rendered":"<p>Mart\u00edn Pi\u00f1eiro de GPS particip\u00f3 en el Simposio organizado por la Divisi\u00f3n de Agricultura y el Instituto para la Capacitaci\u00f3n y Cooperaci\u00f3n T\u00e9cnica de la OMC en Ginebra, el 13 y 14 de junio. En su presentaci\u00f3n abord\u00f3 la relaci\u00f3n entre el comercio y la seguridad alimentaria, haciendo hincapi\u00e9 en el rol de los exportadores [&hellip;]<\/p>","protected":false},"author":2,"featured_media":2118,"comment_status":"closed","ping_status":"closed","sticky":false,"template":"","format":"standard","meta":{"footnotes":""},"categories":[19,25,23],"tags":[],"class_list":["post-2117","post","type-post","status-publish","format-standard","has-post-thumbnail","hentry","category-actividades","category-home","category-novedades"],"yoast_head":"<!-- This site is optimized with the Yoast SEO plugin v26.8 - https:\/\/yoast.com\/product\/yoast-seo-wordpress\/ -->\n<title>Mart\u00edn Pi\u00f1eiro de GPS particip\u00f3 del Symposium on the Agriculture Policy Landscape de la OMC - GPS<\/title>\n<meta name=\"robots\" content=\"index, follow, max-snippet:-1, max-image-preview:large, max-video-preview:-1\" \/>\n<link rel=\"canonical\" href=\"https:\/\/grupogpps.org\/en\/martin-pineiro-de-gps-participo-del-symposium-on-the-agriculture-policy-landscape-de-la-omc\/\" \/>\n<meta property=\"og:locale\" content=\"en_GB\" \/>\n<meta property=\"og:type\" content=\"article\" \/>\n<meta property=\"og:title\" content=\"Mart\u00edn Pi\u00f1eiro de GPS particip\u00f3 del Symposium on the Agriculture Policy Landscape de la OMC - GPS\" \/>\n<meta property=\"og:description\" content=\"Mart\u00edn Pi\u00f1eiro de GPS particip\u00f3 en el Simposio organizado por la Divisi\u00f3n de Agricultura y el Instituto para la Capacitaci\u00f3n y Cooperaci\u00f3n T\u00e9cnica de la OMC en Ginebra, el 13 y 14 de junio. En su presentaci\u00f3n abord\u00f3 la relaci\u00f3n entre el comercio y la seguridad alimentaria, haciendo hincapi\u00e9 en el rol de los exportadores [&hellip;]\" \/>\n<meta property=\"og:url\" content=\"https:\/\/grupogpps.org\/en\/martin-pineiro-de-gps-participo-del-symposium-on-the-agriculture-policy-landscape-de-la-omc\/\" \/>\n<meta property=\"og:site_name\" content=\"GPS\" \/>\n<meta property=\"article:publisher\" content=\"https:\/\/www.linkedin.com\/company\/25037162\/\" \/>\n<meta property=\"article:published_time\" content=\"2018-06-24T16:57:59+00:00\" \/>\n<meta property=\"article:modified_time\" content=\"2021-07-06T12:43:04+00:00\" \/>\n<meta property=\"og:image\" content=\"https:\/\/grupogpps.org\/wp-content\/uploads\/2018\/07\/Captura-de-pantalla-2018-07-24-10.19.31.png\" \/>\n\t<meta property=\"og:image:width\" content=\"798\" \/>\n\t<meta property=\"og:image:height\" content=\"399\" \/>\n\t<meta property=\"og:image:type\" content=\"image\/png\" \/>\n<meta name=\"author\" content=\"GPS GPS\" \/>\n<meta name=\"twitter:card\" content=\"summary_large_image\" \/>\n<meta name=\"twitter:creator\" content=\"@GPSLatinAmerica\" \/>\n<meta name=\"twitter:site\" content=\"@GPSLatinAmerica\" \/>\n<meta name=\"twitter:label1\" content=\"Written by\" \/>\n\t<meta name=\"twitter:data1\" content=\"GPS GPS\" \/>\n\t<meta name=\"twitter:label2\" content=\"Estimated reading time\" \/>\n\t<meta name=\"twitter:data2\" content=\"2 minutes\" \/>\n<script type=\"application\/ld+json\" class=\"yoast-schema-graph\">{\"@context\":\"https:\/\/schema.org\",\"@graph\":[{\"@type\":\"Article\",\"@id\":\"https:\/\/grupogpps.org\/martin-pineiro-de-gps-participo-del-symposium-on-the-agriculture-policy-landscape-de-la-omc\/#article\",\"isPartOf\":{\"@id\":\"https:\/\/grupogpps.org\/martin-pineiro-de-gps-participo-del-symposium-on-the-agriculture-policy-landscape-de-la-omc\/\"},\"author\":{\"name\":\"GPS GPS\",\"@id\":\"https:\/\/grupogpps.org\/#\/schema\/person\/faaafcd24616dff095821c72659ce41f\"},\"headline\":\"Mart\u00edn Pi\u00f1eiro de GPS particip\u00f3 del Symposium on the Agriculture Policy Landscape de la OMC\",\"datePublished\":\"2018-06-24T16:57:59+00:00\",\"dateModified\":\"2021-07-06T12:43:04+00:00\",\"mainEntityOfPage\":{\"@id\":\"https:\/\/grupogpps.org\/martin-pineiro-de-gps-participo-del-symposium-on-the-agriculture-policy-landscape-de-la-omc\/\"},\"wordCount\":510,\"publisher\":{\"@id\":\"https:\/\/grupogpps.org\/#organization\"},\"image\":{\"@id\":\"https:\/\/grupogpps.org\/martin-pineiro-de-gps-participo-del-symposium-on-the-agriculture-policy-landscape-de-la-omc\/#primaryimage\"},\"thumbnailUrl\":\"https:\/\/grupogpps.org\/wp-content\/uploads\/2018\/07\/Captura-de-pantalla-2018-07-24-10.19.31.png\",\"articleSection\":[\"Actividades\",\"Home\",\"Novedades\"],\"inLanguage\":\"en-GB\"},{\"@type\":\"WebPage\",\"@id\":\"https:\/\/grupogpps.org\/martin-pineiro-de-gps-participo-del-symposium-on-the-agriculture-policy-landscape-de-la-omc\/\",\"url\":\"https:\/\/grupogpps.org\/martin-pineiro-de-gps-participo-del-symposium-on-the-agriculture-policy-landscape-de-la-omc\/\",\"name\":\"Mart\u00edn Pi\u00f1eiro de GPS particip\u00f3 del Symposium on the Agriculture Policy Landscape de la OMC - GPS\",\"isPartOf\":{\"@id\":\"https:\/\/grupogpps.org\/#website\"},\"primaryImageOfPage\":{\"@id\":\"https:\/\/grupogpps.org\/martin-pineiro-de-gps-participo-del-symposium-on-the-agriculture-policy-landscape-de-la-omc\/#primaryimage\"},\"image\":{\"@id\":\"https:\/\/grupogpps.org\/martin-pineiro-de-gps-participo-del-symposium-on-the-agriculture-policy-landscape-de-la-omc\/#primaryimage\"},\"thumbnailUrl\":\"https:\/\/grupogpps.org\/wp-content\/uploads\/2018\/07\/Captura-de-pantalla-2018-07-24-10.19.31.png\",\"datePublished\":\"2018-06-24T16:57:59+00:00\",\"dateModified\":\"2021-07-06T12:43:04+00:00\",\"breadcrumb\":{\"@id\":\"https:\/\/grupogpps.org\/martin-pineiro-de-gps-participo-del-symposium-on-the-agriculture-policy-landscape-de-la-omc\/#breadcrumb\"},\"inLanguage\":\"en-GB\",\"potentialAction\":[{\"@type\":\"ReadAction\",\"target\":[\"https:\/\/grupogpps.org\/martin-pineiro-de-gps-participo-del-symposium-on-the-agriculture-policy-landscape-de-la-omc\/\"]}]},{\"@type\":\"ImageObject\",\"inLanguage\":\"en-GB\",\"@id\":\"https:\/\/grupogpps.org\/martin-pineiro-de-gps-participo-del-symposium-on-the-agriculture-policy-landscape-de-la-omc\/#primaryimage\",\"url\":\"https:\/\/grupogpps.org\/wp-content\/uploads\/2018\/07\/Captura-de-pantalla-2018-07-24-10.19.31.png\",\"contentUrl\":\"https:\/\/grupogpps.org\/wp-content\/uploads\/2018\/07\/Captura-de-pantalla-2018-07-24-10.19.31.png\",\"width\":798,\"height\":399,\"caption\":\"Mart\u00edn Pi\u00f1eiro de GPS particip\u00f3 del Symposium on the Agriculture Policy Landscape de la OMC\"},{\"@type\":\"BreadcrumbList\",\"@id\":\"https:\/\/grupogpps.org\/martin-pineiro-de-gps-participo-del-symposium-on-the-agriculture-policy-landscape-de-la-omc\/#breadcrumb\",\"itemListElement\":[{\"@type\":\"ListItem\",\"position\":1,\"name\":\"Inicio\",\"item\":\"https:\/\/grupogpps.org\/\"},{\"@type\":\"ListItem\",\"position\":2,\"name\":\"Mart\u00edn Pi\u00f1eiro de GPS particip\u00f3 del Symposium on the Agriculture Policy Landscape de la OMC\"}]},{\"@type\":\"WebSite\",\"@id\":\"https:\/\/grupogpps.org\/#website\",\"url\":\"https:\/\/grupogpps.org\/\",\"name\":\"GPS\",\"description\":\"Grupo de pa\u00edses productores del sur\",\"publisher\":{\"@id\":\"https:\/\/grupogpps.org\/#organization\"},\"potentialAction\":[{\"@type\":\"SearchAction\",\"target\":{\"@type\":\"EntryPoint\",\"urlTemplate\":\"https:\/\/grupogpps.org\/?s={search_term_string}\"},\"query-input\":{\"@type\":\"PropertyValueSpecification\",\"valueRequired\":true,\"valueName\":\"search_term_string\"}}],\"inLanguage\":\"en-GB\"},{\"@type\":\"Organization\",\"@id\":\"https:\/\/grupogpps.org\/#organization\",\"name\":\"GPS - Grupo de pa\u00edses productores del sur\",\"url\":\"https:\/\/grupogpps.org\/\",\"logo\":{\"@type\":\"ImageObject\",\"inLanguage\":\"en-GB\",\"@id\":\"https:\/\/grupogpps.org\/#\/schema\/logo\/image\/\",\"url\":\"http:\/\/grupogpps.org\/wp-content\/uploads\/2021\/06\/logoGPS3.svg\",\"contentUrl\":\"http:\/\/grupogpps.org\/wp-content\/uploads\/2021\/06\/logoGPS3.svg\",\"width\":1,\"height\":1,\"caption\":\"GPS - Grupo de pa\u00edses productores del sur\"},\"image\":{\"@id\":\"https:\/\/grupogpps.org\/#\/schema\/logo\/image\/\"},\"sameAs\":[\"https:\/\/www.linkedin.com\/company\/25037162\/\",\"https:\/\/x.com\/GPSLatinAmerica\",\"https:\/\/www.instagram.com\/gpslatin\/\",\"https:\/\/www.youtube.com\/channel\/UCM2Qf0jSqNRJRkqmU8dO9QA\/videos\"]},{\"@type\":\"Person\",\"@id\":\"https:\/\/grupogpps.org\/#\/schema\/person\/faaafcd24616dff095821c72659ce41f\",\"name\":\"GPS GPS\",\"url\":\"https:\/\/grupogpps.org\/en\/author\/gps\/\"}]}<\/script>\n<!-- \/ Yoast SEO plugin. -->","yoast_head_json":{"title":"Mart\u00edn Pi\u00f1eiro de GPS particip\u00f3 del Symposium on the Agriculture Policy Landscape de la OMC - GPS","robots":{"index":"index","follow":"follow","max-snippet":"max-snippet:-1","max-image-preview":"max-image-preview:large","max-video-preview":"max-video-preview:-1"},"canonical":"https:\/\/grupogpps.org\/en\/martin-pineiro-de-gps-participo-del-symposium-on-the-agriculture-policy-landscape-de-la-omc\/","og_locale":"en_GB","og_type":"article","og_title":"Mart\u00edn Pi\u00f1eiro de GPS particip\u00f3 del Symposium on the Agriculture Policy Landscape de la OMC - GPS","og_description":"Mart\u00edn Pi\u00f1eiro de GPS particip\u00f3 en el Simposio organizado por la Divisi\u00f3n de Agricultura y el Instituto para la Capacitaci\u00f3n y Cooperaci\u00f3n T\u00e9cnica de la OMC en Ginebra, el 13 y 14 de junio. En su presentaci\u00f3n abord\u00f3 la relaci\u00f3n entre el comercio y la seguridad alimentaria, haciendo hincapi\u00e9 en el rol de los exportadores [&hellip;]","og_url":"https:\/\/grupogpps.org\/en\/martin-pineiro-de-gps-participo-del-symposium-on-the-agriculture-policy-landscape-de-la-omc\/","og_site_name":"GPS","article_publisher":"https:\/\/www.linkedin.com\/company\/25037162\/","article_published_time":"2018-06-24T16:57:59+00:00","article_modified_time":"2021-07-06T12:43:04+00:00","og_image":[{"width":798,"height":399,"url":"https:\/\/grupogpps.org\/wp-content\/uploads\/2018\/07\/Captura-de-pantalla-2018-07-24-10.19.31.png","type":"image\/png"}],"author":"GPS GPS","twitter_card":"summary_large_image","twitter_creator":"@GPSLatinAmerica","twitter_site":"@GPSLatinAmerica","twitter_misc":{"Written by":"GPS GPS","Estimated reading time":"2 minutes"},"schema":{"@context":"https:\/\/schema.org","@graph":[{"@type":"Article","@id":"https:\/\/grupogpps.org\/martin-pineiro-de-gps-participo-del-symposium-on-the-agriculture-policy-landscape-de-la-omc\/#article","isPartOf":{"@id":"https:\/\/grupogpps.org\/martin-pineiro-de-gps-participo-del-symposium-on-the-agriculture-policy-landscape-de-la-omc\/"},"author":{"name":"GPS GPS","@id":"https:\/\/grupogpps.org\/#\/schema\/person\/faaafcd24616dff095821c72659ce41f"},"headline":"Mart\u00edn Pi\u00f1eiro de GPS particip\u00f3 del Symposium on the Agriculture Policy Landscape de la OMC","datePublished":"2018-06-24T16:57:59+00:00","dateModified":"2021-07-06T12:43:04+00:00","mainEntityOfPage":{"@id":"https:\/\/grupogpps.org\/martin-pineiro-de-gps-participo-del-symposium-on-the-agriculture-policy-landscape-de-la-omc\/"},"wordCount":510,"publisher":{"@id":"https:\/\/grupogpps.org\/#organization"},"image":{"@id":"https:\/\/grupogpps.org\/martin-pineiro-de-gps-participo-del-symposium-on-the-agriculture-policy-landscape-de-la-omc\/#primaryimage"},"thumbnailUrl":"https:\/\/grupogpps.org\/wp-content\/uploads\/2018\/07\/Captura-de-pantalla-2018-07-24-10.19.31.png","articleSection":["Actividades","Home","Novedades"],"inLanguage":"en-GB"},{"@type":"WebPage","@id":"https:\/\/grupogpps.org\/martin-pineiro-de-gps-participo-del-symposium-on-the-agriculture-policy-landscape-de-la-omc\/","url":"https:\/\/grupogpps.org\/martin-pineiro-de-gps-participo-del-symposium-on-the-agriculture-policy-landscape-de-la-omc\/","name":"Mart\u00edn Pi\u00f1eiro de GPS particip\u00f3 del Symposium on the Agriculture Policy Landscape de la OMC - GPS","isPartOf":{"@id":"https:\/\/grupogpps.org\/#website"},"primaryImageOfPage":{"@id":"https:\/\/grupogpps.org\/martin-pineiro-de-gps-participo-del-symposium-on-the-agriculture-policy-landscape-de-la-omc\/#primaryimage"},"image":{"@id":"https:\/\/grupogpps.org\/martin-pineiro-de-gps-participo-del-symposium-on-the-agriculture-policy-landscape-de-la-omc\/#primaryimage"},"thumbnailUrl":"https:\/\/grupogpps.org\/wp-content\/uploads\/2018\/07\/Captura-de-pantalla-2018-07-24-10.19.31.png","datePublished":"2018-06-24T16:57:59+00:00","dateModified":"2021-07-06T12:43:04+00:00","breadcrumb":{"@id":"https:\/\/grupogpps.org\/martin-pineiro-de-gps-participo-del-symposium-on-the-agriculture-policy-landscape-de-la-omc\/#breadcrumb"},"inLanguage":"en-GB","potentialAction":[{"@type":"ReadAction","target":["https:\/\/grupogpps.org\/martin-pineiro-de-gps-participo-del-symposium-on-the-agriculture-policy-landscape-de-la-omc\/"]}]},{"@type":"ImageObject","inLanguage":"en-GB","@id":"https:\/\/grupogpps.org\/martin-pineiro-de-gps-participo-del-symposium-on-the-agriculture-policy-landscape-de-la-omc\/#primaryimage","url":"https:\/\/grupogpps.org\/wp-content\/uploads\/2018\/07\/Captura-de-pantalla-2018-07-24-10.19.31.png","contentUrl":"https:\/\/grupogpps.org\/wp-content\/uploads\/2018\/07\/Captura-de-pantalla-2018-07-24-10.19.31.png","width":798,"height":399,"caption":"Mart\u00edn Pi\u00f1eiro de GPS particip\u00f3 del Symposium on the Agriculture Policy Landscape de la OMC"},{"@type":"BreadcrumbList","@id":"https:\/\/grupogpps.org\/martin-pineiro-de-gps-participo-del-symposium-on-the-agriculture-policy-landscape-de-la-omc\/#breadcrumb","itemListElement":[{"@type":"ListItem","position":1,"name":"Inicio","item":"https:\/\/grupogpps.org\/"},{"@type":"ListItem","position":2,"name":"Mart\u00edn Pi\u00f1eiro de GPS particip\u00f3 del Symposium on the Agriculture Policy Landscape de la OMC"}]},{"@type":"WebSite","@id":"https:\/\/grupogpps.org\/#website","url":"https:\/\/grupogpps.org\/","name":"GPS","description":"Grupo de pa\u00edses productores del sur","publisher":{"@id":"https:\/\/grupogpps.org\/#organization"},"potentialAction":[{"@type":"SearchAction","target":{"@type":"EntryPoint","urlTemplate":"https:\/\/grupogpps.org\/?s={search_term_string}"},"query-input":{"@type":"PropertyValueSpecification","valueRequired":true,"valueName":"search_term_string"}}],"inLanguage":"en-GB"},{"@type":"Organization","@id":"https:\/\/grupogpps.org\/#organization","name":"GPS - Grupo de pa\u00edses productores del sur","url":"https:\/\/grupogpps.org\/","logo":{"@type":"ImageObject","inLanguage":"en-GB","@id":"https:\/\/grupogpps.org\/#\/schema\/logo\/image\/","url":"http:\/\/grupogpps.org\/wp-content\/uploads\/2021\/06\/logoGPS3.svg","contentUrl":"http:\/\/grupogpps.org\/wp-content\/uploads\/2021\/06\/logoGPS3.svg","width":1,"height":1,"caption":"GPS - Grupo de pa\u00edses productores del sur"},"image":{"@id":"https:\/\/grupogpps.org\/#\/schema\/logo\/image\/"},"sameAs":["https:\/\/www.linkedin.com\/company\/25037162\/","https:\/\/x.com\/GPSLatinAmerica","https:\/\/www.instagram.com\/gpslatin\/","https:\/\/www.youtube.com\/channel\/UCM2Qf0jSqNRJRkqmU8dO9QA\/videos"]},{"@type":"Person","@id":"https:\/\/grupogpps.org\/#\/schema\/person\/faaafcd24616dff095821c72659ce41f","name":"GPS GPS","url":"https:\/\/grupogpps.org\/en\/author\/gps\/"}]}},"_links":{"self":[{"href":"https:\/\/grupogpps.org\/en\/wp-json\/wp\/v2\/posts\/2117","targetHints":{"allow":["GET"]}}],"collection":[{"href":"https:\/\/grupogpps.org\/en\/wp-json\/wp\/v2\/posts"}],"about":[{"href":"https:\/\/grupogpps.org\/en\/wp-json\/wp\/v2\/types\/post"}],"author":[{"embeddable":true,"href":"https:\/\/grupogpps.org\/en\/wp-json\/wp\/v2\/users\/2"}],"replies":[{"embeddable":true,"href":"https:\/\/grupogpps.org\/en\/wp-json\/wp\/v2\/comments?post=2117"}],"version-history":[{"count":1,"href":"https:\/\/grupogpps.org\/en\/wp-json\/wp\/v2\/posts\/2117\/revisions"}],"predecessor-version":[{"id":2938,"href":"https:\/\/grupogpps.org\/en\/wp-json\/wp\/v2\/posts\/2117\/revisions\/2938"}],"wp:featuredmedia":[{"embeddable":true,"href":"https:\/\/grupogpps.org\/en\/wp-json\/wp\/v2\/media\/2118"}],"wp:attachment":[{"href":"https:\/\/grupogpps.org\/en\/wp-json\/wp\/v2\/media?parent=2117"}],"wp:term":[{"taxonomy":"category","embeddable":true,"href":"https:\/\/grupogpps.org\/en\/wp-json\/wp\/v2\/categories?post=2117"},{"taxonomy":"post_tag","embeddable":true,"href":"https:\/\/grupogpps.org\/en\/wp-json\/wp\/v2\/tags?post=2117"}],"curies":[{"name":"wp","href":"https:\/\/api.w.org\/{rel}","templated":true}]}}