{"id":2113,"date":"2018-07-05T15:30:45","date_gmt":"2018-07-05T18:30:45","guid":{"rendered":"http:\/\/grupogpps.org\/?p=1128"},"modified":"2021-07-06T09:38:58","modified_gmt":"2021-07-06T12:38:58","slug":"el-grupo-de-trabajo-3-del-t-20-sobre-seguridad-alimentaria-y-agricultura-sostenible-ha-publicado-un-nuevo-brief-2","status":"publish","type":"post","link":"https:\/\/grupogpps.org\/en\/el-grupo-de-trabajo-3-del-t-20-sobre-seguridad-alimentaria-y-agricultura-sostenible-ha-publicado-un-nuevo-brief-2\/","title":{"rendered":"Ciro Echesortu de GPS particip\u00f3 en el Trade Dialogue de la OMC"},"content":{"rendered":"<p>Representantes del sector privado se reunieron en la sede de la OMC el 7 de junio para discutir c\u00f3mo el organismo puede ayudar a enfrentar los desaf\u00edos que surgen de la conducci\u00f3n del comercio global, manifestando su apoyo al sistema multilateral como generador de reglas y apoyo del crecimiento y el desarrollo.<\/p>\n\n\n\n<p>En el panel sobre Desarrollo Sostenible, Ciro Echesortu de GPS se refiri\u00f3 a la importancia del comercio agroalimentario y el crecimiento sostenible de cara al enorme desaf\u00edo que implicar\u00e1 en los pr\u00f3ximos 30 a\u00f1os alimentar a 9,5 billones de personas. La transformaci\u00f3n es clave si se tiene en cuenta que en la actualidad, la disparidad en t\u00e9rminos de distribuci\u00f3n y acceso a dietas nutritivas y equilibradas lleva a que 800 millones de personas sufran de hambre mientras un n\u00famero similar son obesas.<\/p>\n\n\n\n<p>Plante\u00f3 que este desaf\u00edo puede alcanzarse con algo de expansi\u00f3n en la frontera agr\u00edcola, mucha biotecnolog\u00eda y agricultura de precisi\u00f3n pero, fundamentalmente, con buenas pr\u00e1cticas en las cadenas de valor del agro y, sobre todo, con m\u00e1s comercio. En este sentido, la regi\u00f3n de ABPU ser\u00e1 clave, pasando de una demanda de importaci\u00f3n del 30% a cerca del 40%.<\/p>\n\n\n\n<p>El comercio agr\u00edcola est\u00e1 plagado de barreras no arancelarias y \u00e9stas provienen, en gran medida, de la multiplicidad y superposici\u00f3n de est\u00e1ndares. Por ello, sostuvo, ser\u00eda un paso clave que la OMC promoviera est\u00e1ndares basados en mejores pr\u00e1cticas en:<\/p>\n\n\n\n<ul class=\"wp-block-list\"><li>Etiquetado de alimentos<\/li><li>Impacto medioambiental (similar a lo que se ha hecho en energ\u00eda)<\/li><li>Trazabilidad y monitoreo remoto<\/li><\/ul>\n\n\n\n<div style=\"height:20px\" aria-hidden=\"true\" class=\"wp-block-spacer\"><\/div>\n\n\n\n<p>Tambi\u00e9n mencion\u00f3 que ello deber\u00eda incluir est\u00e1ndares medioambientales en la medici\u00f3n de emisiones, el secuestro de carbono, el manejo de los suelos, energ\u00eda, manejo forestal, impacto del transporte. Algunas ONGs (por ejemplo WWF, TNC y Betty Moore) han unido esfuerzos para crear mediciones transparentes.<\/p>\n\n\n\n<p>Dado que los alimentos y la energ\u00eda son las dos actividades m\u00e1s impactadas por el cambio clim\u00e1tico, es clave establecer capacidad arbitral y decisoria y arribar a una agenda de consenso que permita fijar metas a 10 a\u00f1os.<\/p>\n\n\n\n<p>Esto favorecer\u00eda un mayor acceso para empresas micro, peque\u00f1as y medianas al cr\u00e9dito pero tambi\u00e9n al escalamiento en cadenas de valor, aumentos de la competitividad, otorgamiento de cr\u00e9ditos en funci\u00f3n a est\u00e1ndares y manejo del riesgo, aseguramiento, etc.<\/p>\n\n\n\n<p>Pero, sobre todo, finaliz\u00f3 Echesortu, promover\u00eda una disminuci\u00f3n de costos y riesgos, un menor impacto ambiental<strong>. La agenda agr\u00edcola ha sido dif\u00edcil de promover en los \u00faltimos 30 a\u00f1os. El sentido de urgencia de estas cuestiones, en este momento y hacia adelante, podr\u00eda ser una oportunidad. Para ello es necesario convocar a los consumidores y a las empresas como promotores de esta iniciativa ya que ellos son los principales demandantes en t\u00e9rminos de calidad, transparencia, est\u00e1ndares y seguridad, los que s\u00f3lo pueden promoverse a partir de comercio y normas que sean equitativas y no discriminatorias.<\/strong><\/p>\n\n\n\n<p><a href=\"https:\/\/www.wto.org\/english\/news_e\/news18_e\/trdia_07jun18_e.htm#\" target=\"_blank\" rel=\"noopener\">Descargar comunicado de prensa oficia del sitio de la OMC<\/a><\/p>","protected":false},"excerpt":{"rendered":"<p>Representantes del sector privado se reunieron en la sede de la OMC el 7 de junio para discutir c\u00f3mo el organismo puede ayudar a enfrentar los desaf\u00edos que surgen de la conducci\u00f3n del comercio global, manifestando su apoyo al sistema multilateral como generador de reglas y apoyo del crecimiento y el desarrollo. En el panel [&hellip;]<\/p>","protected":false},"author":2,"featured_media":2114,"comment_status":"closed","ping_status":"closed","sticky":false,"template":"","format":"standard","meta":{"footnotes":""},"categories":[19,25,23],"tags":[],"class_list":["post-2113","post","type-post","status-publish","format-standard","has-post-thumbnail","hentry","category-actividades","category-home","category-novedades"],"yoast_head":"<!-- This site is optimized with the Yoast SEO plugin v26.8 - https:\/\/yoast.com\/product\/yoast-seo-wordpress\/ -->\n<title>Ciro Echesortu de GPS particip\u00f3 en el Trade Dialogue de la OMC - GPS<\/title>\n<meta name=\"robots\" content=\"index, follow, max-snippet:-1, max-image-preview:large, max-video-preview:-1\" \/>\n<link rel=\"canonical\" href=\"https:\/\/grupogpps.org\/en\/el-grupo-de-trabajo-3-del-t-20-sobre-seguridad-alimentaria-y-agricultura-sostenible-ha-publicado-un-nuevo-brief-2\/\" \/>\n<meta property=\"og:locale\" content=\"en_GB\" \/>\n<meta property=\"og:type\" content=\"article\" \/>\n<meta property=\"og:title\" content=\"Ciro Echesortu de GPS particip\u00f3 en el Trade Dialogue de la OMC - GPS\" \/>\n<meta property=\"og:description\" content=\"Representantes del sector privado se reunieron en la sede de la OMC el 7 de junio para discutir c\u00f3mo el organismo puede ayudar a enfrentar los desaf\u00edos que surgen de la conducci\u00f3n del comercio global, manifestando su apoyo al sistema multilateral como generador de reglas y apoyo del crecimiento y el desarrollo. En el panel [&hellip;]\" \/>\n<meta property=\"og:url\" content=\"https:\/\/grupogpps.org\/en\/el-grupo-de-trabajo-3-del-t-20-sobre-seguridad-alimentaria-y-agricultura-sostenible-ha-publicado-un-nuevo-brief-2\/\" \/>\n<meta property=\"og:site_name\" content=\"GPS\" \/>\n<meta property=\"article:publisher\" content=\"https:\/\/www.linkedin.com\/company\/25037162\/\" \/>\n<meta property=\"article:published_time\" content=\"2018-07-05T18:30:45+00:00\" \/>\n<meta property=\"article:modified_time\" content=\"2021-07-06T12:38:58+00:00\" \/>\n<meta property=\"og:image\" content=\"https:\/\/grupogpps.org\/wp-content\/uploads\/2018\/07\/Captura-de-pantalla-2018-07-05-12.19.09.png\" \/>\n\t<meta property=\"og:image:width\" content=\"1031\" \/>\n\t<meta property=\"og:image:height\" content=\"580\" \/>\n\t<meta property=\"og:image:type\" content=\"image\/png\" \/>\n<meta name=\"author\" content=\"GPS GPS\" \/>\n<meta name=\"twitter:card\" content=\"summary_large_image\" \/>\n<meta name=\"twitter:creator\" content=\"@GPSLatinAmerica\" \/>\n<meta name=\"twitter:site\" content=\"@GPSLatinAmerica\" \/>\n<meta name=\"twitter:label1\" content=\"Written by\" \/>\n\t<meta name=\"twitter:data1\" content=\"GPS GPS\" \/>\n\t<meta name=\"twitter:label2\" content=\"Estimated reading time\" \/>\n\t<meta name=\"twitter:data2\" content=\"3 minutes\" \/>\n<script type=\"application\/ld+json\" class=\"yoast-schema-graph\">{\"@context\":\"https:\/\/schema.org\",\"@graph\":[{\"@type\":\"Article\",\"@id\":\"https:\/\/grupogpps.org\/el-grupo-de-trabajo-3-del-t-20-sobre-seguridad-alimentaria-y-agricultura-sostenible-ha-publicado-un-nuevo-brief-2\/#article\",\"isPartOf\":{\"@id\":\"https:\/\/grupogpps.org\/el-grupo-de-trabajo-3-del-t-20-sobre-seguridad-alimentaria-y-agricultura-sostenible-ha-publicado-un-nuevo-brief-2\/\"},\"author\":{\"name\":\"GPS GPS\",\"@id\":\"https:\/\/grupogpps.org\/#\/schema\/person\/faaafcd24616dff095821c72659ce41f\"},\"headline\":\"Ciro Echesortu de GPS particip\u00f3 en el Trade Dialogue de la OMC\",\"datePublished\":\"2018-07-05T18:30:45+00:00\",\"dateModified\":\"2021-07-06T12:38:58+00:00\",\"mainEntityOfPage\":{\"@id\":\"https:\/\/grupogpps.org\/el-grupo-de-trabajo-3-del-t-20-sobre-seguridad-alimentaria-y-agricultura-sostenible-ha-publicado-un-nuevo-brief-2\/\"},\"wordCount\":530,\"publisher\":{\"@id\":\"https:\/\/grupogpps.org\/#organization\"},\"image\":{\"@id\":\"https:\/\/grupogpps.org\/el-grupo-de-trabajo-3-del-t-20-sobre-seguridad-alimentaria-y-agricultura-sostenible-ha-publicado-un-nuevo-brief-2\/#primaryimage\"},\"thumbnailUrl\":\"https:\/\/grupogpps.org\/wp-content\/uploads\/2018\/07\/Captura-de-pantalla-2018-07-05-12.19.09.png\",\"articleSection\":[\"Actividades\",\"Home\",\"Novedades\"],\"inLanguage\":\"en-GB\"},{\"@type\":\"WebPage\",\"@id\":\"https:\/\/grupogpps.org\/el-grupo-de-trabajo-3-del-t-20-sobre-seguridad-alimentaria-y-agricultura-sostenible-ha-publicado-un-nuevo-brief-2\/\",\"url\":\"https:\/\/grupogpps.org\/el-grupo-de-trabajo-3-del-t-20-sobre-seguridad-alimentaria-y-agricultura-sostenible-ha-publicado-un-nuevo-brief-2\/\",\"name\":\"Ciro Echesortu de GPS particip\u00f3 en el Trade Dialogue de la OMC - GPS\",\"isPartOf\":{\"@id\":\"https:\/\/grupogpps.org\/#website\"},\"primaryImageOfPage\":{\"@id\":\"https:\/\/grupogpps.org\/el-grupo-de-trabajo-3-del-t-20-sobre-seguridad-alimentaria-y-agricultura-sostenible-ha-publicado-un-nuevo-brief-2\/#primaryimage\"},\"image\":{\"@id\":\"https:\/\/grupogpps.org\/el-grupo-de-trabajo-3-del-t-20-sobre-seguridad-alimentaria-y-agricultura-sostenible-ha-publicado-un-nuevo-brief-2\/#primaryimage\"},\"thumbnailUrl\":\"https:\/\/grupogpps.org\/wp-content\/uploads\/2018\/07\/Captura-de-pantalla-2018-07-05-12.19.09.png\",\"datePublished\":\"2018-07-05T18:30:45+00:00\",\"dateModified\":\"2021-07-06T12:38:58+00:00\",\"breadcrumb\":{\"@id\":\"https:\/\/grupogpps.org\/el-grupo-de-trabajo-3-del-t-20-sobre-seguridad-alimentaria-y-agricultura-sostenible-ha-publicado-un-nuevo-brief-2\/#breadcrumb\"},\"inLanguage\":\"en-GB\",\"potentialAction\":[{\"@type\":\"ReadAction\",\"target\":[\"https:\/\/grupogpps.org\/el-grupo-de-trabajo-3-del-t-20-sobre-seguridad-alimentaria-y-agricultura-sostenible-ha-publicado-un-nuevo-brief-2\/\"]}]},{\"@type\":\"ImageObject\",\"inLanguage\":\"en-GB\",\"@id\":\"https:\/\/grupogpps.org\/el-grupo-de-trabajo-3-del-t-20-sobre-seguridad-alimentaria-y-agricultura-sostenible-ha-publicado-un-nuevo-brief-2\/#primaryimage\",\"url\":\"https:\/\/grupogpps.org\/wp-content\/uploads\/2018\/07\/Captura-de-pantalla-2018-07-05-12.19.09.png\",\"contentUrl\":\"https:\/\/grupogpps.org\/wp-content\/uploads\/2018\/07\/Captura-de-pantalla-2018-07-05-12.19.09.png\",\"width\":1031,\"height\":580,\"caption\":\"Ciro Echesortu de GPS particip\u00f3 en el Trade Dialogue de la OMC\"},{\"@type\":\"BreadcrumbList\",\"@id\":\"https:\/\/grupogpps.org\/el-grupo-de-trabajo-3-del-t-20-sobre-seguridad-alimentaria-y-agricultura-sostenible-ha-publicado-un-nuevo-brief-2\/#breadcrumb\",\"itemListElement\":[{\"@type\":\"ListItem\",\"position\":1,\"name\":\"Inicio\",\"item\":\"https:\/\/grupogpps.org\/\"},{\"@type\":\"ListItem\",\"position\":2,\"name\":\"Ciro Echesortu de GPS particip\u00f3 en el Trade Dialogue de la OMC\"}]},{\"@type\":\"WebSite\",\"@id\":\"https:\/\/grupogpps.org\/#website\",\"url\":\"https:\/\/grupogpps.org\/\",\"name\":\"GPS\",\"description\":\"Grupo de pa\u00edses productores del sur\",\"publisher\":{\"@id\":\"https:\/\/grupogpps.org\/#organization\"},\"potentialAction\":[{\"@type\":\"SearchAction\",\"target\":{\"@type\":\"EntryPoint\",\"urlTemplate\":\"https:\/\/grupogpps.org\/?s={search_term_string}\"},\"query-input\":{\"@type\":\"PropertyValueSpecification\",\"valueRequired\":true,\"valueName\":\"search_term_string\"}}],\"inLanguage\":\"en-GB\"},{\"@type\":\"Organization\",\"@id\":\"https:\/\/grupogpps.org\/#organization\",\"name\":\"GPS - Grupo de pa\u00edses productores del sur\",\"url\":\"https:\/\/grupogpps.org\/\",\"logo\":{\"@type\":\"ImageObject\",\"inLanguage\":\"en-GB\",\"@id\":\"https:\/\/grupogpps.org\/#\/schema\/logo\/image\/\",\"url\":\"http:\/\/grupogpps.org\/wp-content\/uploads\/2021\/06\/logoGPS3.svg\",\"contentUrl\":\"http:\/\/grupogpps.org\/wp-content\/uploads\/2021\/06\/logoGPS3.svg\",\"width\":1,\"height\":1,\"caption\":\"GPS - Grupo de pa\u00edses productores del sur\"},\"image\":{\"@id\":\"https:\/\/grupogpps.org\/#\/schema\/logo\/image\/\"},\"sameAs\":[\"https:\/\/www.linkedin.com\/company\/25037162\/\",\"https:\/\/x.com\/GPSLatinAmerica\",\"https:\/\/www.instagram.com\/gpslatin\/\",\"https:\/\/www.youtube.com\/channel\/UCM2Qf0jSqNRJRkqmU8dO9QA\/videos\"]},{\"@type\":\"Person\",\"@id\":\"https:\/\/grupogpps.org\/#\/schema\/person\/faaafcd24616dff095821c72659ce41f\",\"name\":\"GPS GPS\",\"url\":\"https:\/\/grupogpps.org\/en\/author\/gps\/\"}]}<\/script>\n<!-- \/ Yoast SEO plugin. -->","yoast_head_json":{"title":"Ciro Echesortu de GPS particip\u00f3 en el Trade Dialogue de la OMC - GPS","robots":{"index":"index","follow":"follow","max-snippet":"max-snippet:-1","max-image-preview":"max-image-preview:large","max-video-preview":"max-video-preview:-1"},"canonical":"https:\/\/grupogpps.org\/en\/el-grupo-de-trabajo-3-del-t-20-sobre-seguridad-alimentaria-y-agricultura-sostenible-ha-publicado-un-nuevo-brief-2\/","og_locale":"en_GB","og_type":"article","og_title":"Ciro Echesortu de GPS particip\u00f3 en el Trade Dialogue de la OMC - GPS","og_description":"Representantes del sector privado se reunieron en la sede de la OMC el 7 de junio para discutir c\u00f3mo el organismo puede ayudar a enfrentar los desaf\u00edos que surgen de la conducci\u00f3n del comercio global, manifestando su apoyo al sistema multilateral como generador de reglas y apoyo del crecimiento y el desarrollo. En el panel [&hellip;]","og_url":"https:\/\/grupogpps.org\/en\/el-grupo-de-trabajo-3-del-t-20-sobre-seguridad-alimentaria-y-agricultura-sostenible-ha-publicado-un-nuevo-brief-2\/","og_site_name":"GPS","article_publisher":"https:\/\/www.linkedin.com\/company\/25037162\/","article_published_time":"2018-07-05T18:30:45+00:00","article_modified_time":"2021-07-06T12:38:58+00:00","og_image":[{"width":1031,"height":580,"url":"https:\/\/grupogpps.org\/wp-content\/uploads\/2018\/07\/Captura-de-pantalla-2018-07-05-12.19.09.png","type":"image\/png"}],"author":"GPS GPS","twitter_card":"summary_large_image","twitter_creator":"@GPSLatinAmerica","twitter_site":"@GPSLatinAmerica","twitter_misc":{"Written by":"GPS GPS","Estimated reading time":"3 minutes"},"schema":{"@context":"https:\/\/schema.org","@graph":[{"@type":"Article","@id":"https:\/\/grupogpps.org\/el-grupo-de-trabajo-3-del-t-20-sobre-seguridad-alimentaria-y-agricultura-sostenible-ha-publicado-un-nuevo-brief-2\/#article","isPartOf":{"@id":"https:\/\/grupogpps.org\/el-grupo-de-trabajo-3-del-t-20-sobre-seguridad-alimentaria-y-agricultura-sostenible-ha-publicado-un-nuevo-brief-2\/"},"author":{"name":"GPS GPS","@id":"https:\/\/grupogpps.org\/#\/schema\/person\/faaafcd24616dff095821c72659ce41f"},"headline":"Ciro Echesortu de GPS particip\u00f3 en el Trade Dialogue de la OMC","datePublished":"2018-07-05T18:30:45+00:00","dateModified":"2021-07-06T12:38:58+00:00","mainEntityOfPage":{"@id":"https:\/\/grupogpps.org\/el-grupo-de-trabajo-3-del-t-20-sobre-seguridad-alimentaria-y-agricultura-sostenible-ha-publicado-un-nuevo-brief-2\/"},"wordCount":530,"publisher":{"@id":"https:\/\/grupogpps.org\/#organization"},"image":{"@id":"https:\/\/grupogpps.org\/el-grupo-de-trabajo-3-del-t-20-sobre-seguridad-alimentaria-y-agricultura-sostenible-ha-publicado-un-nuevo-brief-2\/#primaryimage"},"thumbnailUrl":"https:\/\/grupogpps.org\/wp-content\/uploads\/2018\/07\/Captura-de-pantalla-2018-07-05-12.19.09.png","articleSection":["Actividades","Home","Novedades"],"inLanguage":"en-GB"},{"@type":"WebPage","@id":"https:\/\/grupogpps.org\/el-grupo-de-trabajo-3-del-t-20-sobre-seguridad-alimentaria-y-agricultura-sostenible-ha-publicado-un-nuevo-brief-2\/","url":"https:\/\/grupogpps.org\/el-grupo-de-trabajo-3-del-t-20-sobre-seguridad-alimentaria-y-agricultura-sostenible-ha-publicado-un-nuevo-brief-2\/","name":"Ciro Echesortu de GPS particip\u00f3 en el Trade Dialogue de la OMC - GPS","isPartOf":{"@id":"https:\/\/grupogpps.org\/#website"},"primaryImageOfPage":{"@id":"https:\/\/grupogpps.org\/el-grupo-de-trabajo-3-del-t-20-sobre-seguridad-alimentaria-y-agricultura-sostenible-ha-publicado-un-nuevo-brief-2\/#primaryimage"},"image":{"@id":"https:\/\/grupogpps.org\/el-grupo-de-trabajo-3-del-t-20-sobre-seguridad-alimentaria-y-agricultura-sostenible-ha-publicado-un-nuevo-brief-2\/#primaryimage"},"thumbnailUrl":"https:\/\/grupogpps.org\/wp-content\/uploads\/2018\/07\/Captura-de-pantalla-2018-07-05-12.19.09.png","datePublished":"2018-07-05T18:30:45+00:00","dateModified":"2021-07-06T12:38:58+00:00","breadcrumb":{"@id":"https:\/\/grupogpps.org\/el-grupo-de-trabajo-3-del-t-20-sobre-seguridad-alimentaria-y-agricultura-sostenible-ha-publicado-un-nuevo-brief-2\/#breadcrumb"},"inLanguage":"en-GB","potentialAction":[{"@type":"ReadAction","target":["https:\/\/grupogpps.org\/el-grupo-de-trabajo-3-del-t-20-sobre-seguridad-alimentaria-y-agricultura-sostenible-ha-publicado-un-nuevo-brief-2\/"]}]},{"@type":"ImageObject","inLanguage":"en-GB","@id":"https:\/\/grupogpps.org\/el-grupo-de-trabajo-3-del-t-20-sobre-seguridad-alimentaria-y-agricultura-sostenible-ha-publicado-un-nuevo-brief-2\/#primaryimage","url":"https:\/\/grupogpps.org\/wp-content\/uploads\/2018\/07\/Captura-de-pantalla-2018-07-05-12.19.09.png","contentUrl":"https:\/\/grupogpps.org\/wp-content\/uploads\/2018\/07\/Captura-de-pantalla-2018-07-05-12.19.09.png","width":1031,"height":580,"caption":"Ciro Echesortu de GPS particip\u00f3 en el Trade Dialogue de la OMC"},{"@type":"BreadcrumbList","@id":"https:\/\/grupogpps.org\/el-grupo-de-trabajo-3-del-t-20-sobre-seguridad-alimentaria-y-agricultura-sostenible-ha-publicado-un-nuevo-brief-2\/#breadcrumb","itemListElement":[{"@type":"ListItem","position":1,"name":"Inicio","item":"https:\/\/grupogpps.org\/"},{"@type":"ListItem","position":2,"name":"Ciro Echesortu de GPS particip\u00f3 en el Trade Dialogue de la OMC"}]},{"@type":"WebSite","@id":"https:\/\/grupogpps.org\/#website","url":"https:\/\/grupogpps.org\/","name":"GPS","description":"Grupo de pa\u00edses productores del sur","publisher":{"@id":"https:\/\/grupogpps.org\/#organization"},"potentialAction":[{"@type":"SearchAction","target":{"@type":"EntryPoint","urlTemplate":"https:\/\/grupogpps.org\/?s={search_term_string}"},"query-input":{"@type":"PropertyValueSpecification","valueRequired":true,"valueName":"search_term_string"}}],"inLanguage":"en-GB"},{"@type":"Organization","@id":"https:\/\/grupogpps.org\/#organization","name":"GPS - Grupo de pa\u00edses productores del sur","url":"https:\/\/grupogpps.org\/","logo":{"@type":"ImageObject","inLanguage":"en-GB","@id":"https:\/\/grupogpps.org\/#\/schema\/logo\/image\/","url":"http:\/\/grupogpps.org\/wp-content\/uploads\/2021\/06\/logoGPS3.svg","contentUrl":"http:\/\/grupogpps.org\/wp-content\/uploads\/2021\/06\/logoGPS3.svg","width":1,"height":1,"caption":"GPS - Grupo de pa\u00edses productores del sur"},"image":{"@id":"https:\/\/grupogpps.org\/#\/schema\/logo\/image\/"},"sameAs":["https:\/\/www.linkedin.com\/company\/25037162\/","https:\/\/x.com\/GPSLatinAmerica","https:\/\/www.instagram.com\/gpslatin\/","https:\/\/www.youtube.com\/channel\/UCM2Qf0jSqNRJRkqmU8dO9QA\/videos"]},{"@type":"Person","@id":"https:\/\/grupogpps.org\/#\/schema\/person\/faaafcd24616dff095821c72659ce41f","name":"GPS GPS","url":"https:\/\/grupogpps.org\/en\/author\/gps\/"}]}},"_links":{"self":[{"href":"https:\/\/grupogpps.org\/en\/wp-json\/wp\/v2\/posts\/2113","targetHints":{"allow":["GET"]}}],"collection":[{"href":"https:\/\/grupogpps.org\/en\/wp-json\/wp\/v2\/posts"}],"about":[{"href":"https:\/\/grupogpps.org\/en\/wp-json\/wp\/v2\/types\/post"}],"author":[{"embeddable":true,"href":"https:\/\/grupogpps.org\/en\/wp-json\/wp\/v2\/users\/2"}],"replies":[{"embeddable":true,"href":"https:\/\/grupogpps.org\/en\/wp-json\/wp\/v2\/comments?post=2113"}],"version-history":[{"count":2,"href":"https:\/\/grupogpps.org\/en\/wp-json\/wp\/v2\/posts\/2113\/revisions"}],"predecessor-version":[{"id":2933,"href":"https:\/\/grupogpps.org\/en\/wp-json\/wp\/v2\/posts\/2113\/revisions\/2933"}],"wp:featuredmedia":[{"embeddable":true,"href":"https:\/\/grupogpps.org\/en\/wp-json\/wp\/v2\/media\/2114"}],"wp:attachment":[{"href":"https:\/\/grupogpps.org\/en\/wp-json\/wp\/v2\/media?parent=2113"}],"wp:term":[{"taxonomy":"category","embeddable":true,"href":"https:\/\/grupogpps.org\/en\/wp-json\/wp\/v2\/categories?post=2113"},{"taxonomy":"post_tag","embeddable":true,"href":"https:\/\/grupogpps.org\/en\/wp-json\/wp\/v2\/tags?post=2113"}],"curies":[{"name":"wp","href":"https:\/\/api.w.org\/{rel}","templated":true}]}}