{"id":2108,"date":"2018-07-23T18:07:29","date_gmt":"2018-07-23T21:07:29","guid":{"rendered":"http:\/\/grupogpps.org\/?p=1145"},"modified":"2021-07-06T09:37:23","modified_gmt":"2021-07-06T12:37:23","slug":"gps-participo-de-la-mesa-de-las-carnes-de-la-sociedad-rural-argentina","status":"publish","type":"post","link":"https:\/\/grupogpps.org\/en\/gps-participo-de-la-mesa-de-las-carnes-de-la-sociedad-rural-argentina\/","title":{"rendered":"GPS particip\u00f3 de la Mesa de las Carnes de la Sociedad Rural Argentina"},"content":{"rendered":"<p>Eduardo Serantes y Gustavo Id\u00edgoras de GPS participaron de la Mesa de las Carnes que se realiz\u00f3 en &nbsp;el marco de la Exposici\u00f3n Rural de Palermo.<\/p>\n\n\n\n<p>Ambas presentaciones abordaron los nuevos desaf\u00edos que plantea el escenario internacional de creciente complejidad para las exportaciones de carnes de la Argentina y de la regi\u00f3n.<\/p>\n\n\n\n<p>Eduardo Serantes se refiri\u00f3 a un tema cada vez m\u00e1s relevante en el comercio internacional y que tiene que ver con los est\u00e1ndares ambientales y su incidencia como nuevas barreras al comercio. &nbsp;En este contexto analiz\u00f3 la situaci\u00f3n de la Argentina en relaci\u00f3n con otros pa\u00edses productores y competidores en los mercados internacionales.<\/p>\n\n\n\n<div style=\"height:20px\" aria-hidden=\"true\" class=\"wp-block-spacer\"><\/div>\n\n\n\n<figure class=\"wp-block-gallery aligncenter columns-1 is-cropped wp-block-gallery-1 is-layout-flex wp-block-gallery-is-layout-flex\"><ul class=\"blocks-gallery-grid\"><li class=\"blocks-gallery-item\"><figure><a href=\"http:\/\/grupogpps.org\/wp-content\/uploads\/2021\/07\/gps-participo-de-la-mesa-de-las-carnes-de-la-sociedad-rural-argentina.jpg\"><img loading=\"lazy\" decoding=\"async\" width=\"1024\" height=\"683\" src=\"http:\/\/grupogpps.org\/wp-content\/uploads\/2021\/07\/gps-participo-de-la-mesa-de-las-carnes-de-la-sociedad-rural-argentina.jpg\" alt=\"\" data-id=\"2928\" data-full-url=\"http:\/\/grupogpps.org\/wp-content\/uploads\/2021\/07\/gps-participo-de-la-mesa-de-las-carnes-de-la-sociedad-rural-argentina.jpg\" data-link=\"http:\/\/grupogpps.org\/2018\/07\/23\/gps-participo-de-la-mesa-de-las-carnes-de-la-sociedad-rural-argentina\/gps-participo-de-la-mesa-de-las-carnes-de-la-sociedad-rural-argentina-2\/\" class=\"wp-image-2928\" srcset=\"https:\/\/grupogpps.org\/wp-content\/uploads\/2021\/07\/gps-participo-de-la-mesa-de-las-carnes-de-la-sociedad-rural-argentina.jpg 1024w, https:\/\/grupogpps.org\/wp-content\/uploads\/2021\/07\/gps-participo-de-la-mesa-de-las-carnes-de-la-sociedad-rural-argentina-300x200.jpg 300w, https:\/\/grupogpps.org\/wp-content\/uploads\/2021\/07\/gps-participo-de-la-mesa-de-las-carnes-de-la-sociedad-rural-argentina-768x512.jpg 768w, https:\/\/grupogpps.org\/wp-content\/uploads\/2021\/07\/gps-participo-de-la-mesa-de-las-carnes-de-la-sociedad-rural-argentina-16x12.jpg 16w\" sizes=\"auto, (max-width: 1024px) 100vw, 1024px\" \/><\/a><\/figure><\/li><\/ul><\/figure>\n\n\n\n<div style=\"height:20px\" aria-hidden=\"true\" class=\"wp-block-spacer\"><\/div>\n\n\n\n<p>Asimismo, la exposici\u00f3n de Id\u00edgoras trat\u00f3 sobre los desaf\u00edos que surgen de las cuestiones ambientales en el comercio internacional de carne bovina en funci\u00f3n a la creciente complejidad de los escenarios internacionales y las nuevas dificultades planteadas por las tendencias proteccionistas. &nbsp;En un mundo de cadenas globales de valor, el rol de los est\u00e1ndares privados complejiza cada vez m\u00e1s el cumplimiento de los m\u00faltiples est\u00e1ndares que se presentan para productores y exportadores.<\/p>\n\n\n\n<p>Estos temas son de extrema actualidad y ser\u00e1n cada vez m\u00e1s relevantes en los a\u00f1os por venir, para el sector agr\u00edcola en general y la producci\u00f3n de carnes en particular.<\/p>\n\n\n\n<div style=\"height:30px\" aria-hidden=\"true\" class=\"wp-block-spacer\"><\/div>\n\n\n\n<div class=\"wp-block-buttons is-content-justification-center is-layout-flex wp-block-buttons-is-layout-flex\">\n<div class=\"wp-block-button\"><a class=\"wp-block-button__link\" href=\"http:\/\/grupogpps.org\/wp-content\/uploads\/2021\/07\/1Presentacion-Mesa-de-Carnes-SRA-Julio-2018.pdf\" target=\"_blank\" rel=\"noreferrer noopener\">Descargar presentaci\u00f3n de Eduardo Serantes<\/a><\/div>\n\n\n\n<div class=\"wp-block-button\"><a class=\"wp-block-button__link\" href=\"http:\/\/grupogpps.org\/wp-content\/uploads\/2021\/07\/2MESAdecarnesIDIGORAS-2.pdf\" target=\"_blank\" rel=\"noreferrer noopener\">Descargar presentaci\u00f3n de Gustavo Id\u00edgoras<\/a><\/div>\n<\/div>\n\n\n\n<p><\/p>","protected":false},"excerpt":{"rendered":"<p>Eduardo Serantes y Gustavo Id\u00edgoras de GPS participaron de la Mesa de las Carnes que se realiz\u00f3 en &nbsp;el marco de la Exposici\u00f3n Rural de Palermo. Ambas presentaciones abordaron los nuevos desaf\u00edos que plantea el escenario internacional de creciente complejidad para las exportaciones de carnes de la Argentina y de la regi\u00f3n. Eduardo Serantes se [&hellip;]<\/p>","protected":false},"author":2,"featured_media":2112,"comment_status":"closed","ping_status":"closed","sticky":false,"template":"","format":"standard","meta":{"footnotes":""},"categories":[19,25,23],"tags":[],"class_list":["post-2108","post","type-post","status-publish","format-standard","has-post-thumbnail","hentry","category-actividades","category-home","category-novedades"],"yoast_head":"<!-- This site is optimized with the Yoast SEO plugin v26.8 - https:\/\/yoast.com\/product\/yoast-seo-wordpress\/ -->\n<title>GPS particip\u00f3 de la Mesa de las Carnes de la Sociedad Rural Argentina - GPS<\/title>\n<meta name=\"robots\" content=\"index, follow, max-snippet:-1, max-image-preview:large, max-video-preview:-1\" \/>\n<link rel=\"canonical\" href=\"https:\/\/grupogpps.org\/en\/gps-participo-de-la-mesa-de-las-carnes-de-la-sociedad-rural-argentina\/\" \/>\n<meta property=\"og:locale\" content=\"en_GB\" \/>\n<meta property=\"og:type\" content=\"article\" \/>\n<meta property=\"og:title\" content=\"GPS particip\u00f3 de la Mesa de las Carnes de la Sociedad Rural Argentina - GPS\" \/>\n<meta property=\"og:description\" content=\"Eduardo Serantes y Gustavo Id\u00edgoras de GPS participaron de la Mesa de las Carnes que se realiz\u00f3 en &nbsp;el marco de la Exposici\u00f3n Rural de Palermo. Ambas presentaciones abordaron los nuevos desaf\u00edos que plantea el escenario internacional de creciente complejidad para las exportaciones de carnes de la Argentina y de la regi\u00f3n. Eduardo Serantes se [&hellip;]\" \/>\n<meta property=\"og:url\" content=\"https:\/\/grupogpps.org\/en\/gps-participo-de-la-mesa-de-las-carnes-de-la-sociedad-rural-argentina\/\" \/>\n<meta property=\"og:site_name\" content=\"GPS\" \/>\n<meta property=\"article:publisher\" content=\"https:\/\/www.linkedin.com\/company\/25037162\/\" \/>\n<meta property=\"article:published_time\" content=\"2018-07-23T21:07:29+00:00\" \/>\n<meta property=\"article:modified_time\" content=\"2021-07-06T12:37:23+00:00\" \/>\n<meta property=\"og:image\" content=\"https:\/\/grupogpps.org\/wp-content\/uploads\/2018\/07\/43528222961_65dcf61ace_k.jpg\" \/>\n\t<meta property=\"og:image:width\" content=\"2048\" \/>\n\t<meta property=\"og:image:height\" content=\"1152\" \/>\n\t<meta property=\"og:image:type\" content=\"image\/jpeg\" \/>\n<meta name=\"author\" content=\"GPS GPS\" \/>\n<meta name=\"twitter:card\" content=\"summary_large_image\" \/>\n<meta name=\"twitter:creator\" content=\"@GPSLatinAmerica\" \/>\n<meta name=\"twitter:site\" content=\"@GPSLatinAmerica\" \/>\n<meta name=\"twitter:label1\" content=\"Written by\" \/>\n\t<meta name=\"twitter:data1\" content=\"GPS GPS\" \/>\n\t<meta name=\"twitter:label2\" content=\"Estimated reading time\" \/>\n\t<meta name=\"twitter:data2\" content=\"1 minute\" \/>\n<script type=\"application\/ld+json\" class=\"yoast-schema-graph\">{\"@context\":\"https:\/\/schema.org\",\"@graph\":[{\"@type\":\"Article\",\"@id\":\"https:\/\/grupogpps.org\/gps-participo-de-la-mesa-de-las-carnes-de-la-sociedad-rural-argentina\/#article\",\"isPartOf\":{\"@id\":\"https:\/\/grupogpps.org\/gps-participo-de-la-mesa-de-las-carnes-de-la-sociedad-rural-argentina\/\"},\"author\":{\"name\":\"GPS GPS\",\"@id\":\"https:\/\/grupogpps.org\/#\/schema\/person\/faaafcd24616dff095821c72659ce41f\"},\"headline\":\"GPS particip\u00f3 de la Mesa de las Carnes de la Sociedad Rural Argentina\",\"datePublished\":\"2018-07-23T21:07:29+00:00\",\"dateModified\":\"2021-07-06T12:37:23+00:00\",\"mainEntityOfPage\":{\"@id\":\"https:\/\/grupogpps.org\/gps-participo-de-la-mesa-de-las-carnes-de-la-sociedad-rural-argentina\/\"},\"wordCount\":258,\"publisher\":{\"@id\":\"https:\/\/grupogpps.org\/#organization\"},\"image\":{\"@id\":\"https:\/\/grupogpps.org\/gps-participo-de-la-mesa-de-las-carnes-de-la-sociedad-rural-argentina\/#primaryimage\"},\"thumbnailUrl\":\"https:\/\/grupogpps.org\/wp-content\/uploads\/2018\/07\/43528222961_65dcf61ace_k.jpg\",\"articleSection\":[\"Actividades\",\"Home\",\"Novedades\"],\"inLanguage\":\"en-GB\"},{\"@type\":\"WebPage\",\"@id\":\"https:\/\/grupogpps.org\/gps-participo-de-la-mesa-de-las-carnes-de-la-sociedad-rural-argentina\/\",\"url\":\"https:\/\/grupogpps.org\/gps-participo-de-la-mesa-de-las-carnes-de-la-sociedad-rural-argentina\/\",\"name\":\"GPS particip\u00f3 de la Mesa de las Carnes de la Sociedad Rural Argentina - GPS\",\"isPartOf\":{\"@id\":\"https:\/\/grupogpps.org\/#website\"},\"primaryImageOfPage\":{\"@id\":\"https:\/\/grupogpps.org\/gps-participo-de-la-mesa-de-las-carnes-de-la-sociedad-rural-argentina\/#primaryimage\"},\"image\":{\"@id\":\"https:\/\/grupogpps.org\/gps-participo-de-la-mesa-de-las-carnes-de-la-sociedad-rural-argentina\/#primaryimage\"},\"thumbnailUrl\":\"https:\/\/grupogpps.org\/wp-content\/uploads\/2018\/07\/43528222961_65dcf61ace_k.jpg\",\"datePublished\":\"2018-07-23T21:07:29+00:00\",\"dateModified\":\"2021-07-06T12:37:23+00:00\",\"breadcrumb\":{\"@id\":\"https:\/\/grupogpps.org\/gps-participo-de-la-mesa-de-las-carnes-de-la-sociedad-rural-argentina\/#breadcrumb\"},\"inLanguage\":\"en-GB\",\"potentialAction\":[{\"@type\":\"ReadAction\",\"target\":[\"https:\/\/grupogpps.org\/gps-participo-de-la-mesa-de-las-carnes-de-la-sociedad-rural-argentina\/\"]}]},{\"@type\":\"ImageObject\",\"inLanguage\":\"en-GB\",\"@id\":\"https:\/\/grupogpps.org\/gps-participo-de-la-mesa-de-las-carnes-de-la-sociedad-rural-argentina\/#primaryimage\",\"url\":\"https:\/\/grupogpps.org\/wp-content\/uploads\/2018\/07\/43528222961_65dcf61ace_k.jpg\",\"contentUrl\":\"https:\/\/grupogpps.org\/wp-content\/uploads\/2018\/07\/43528222961_65dcf61ace_k.jpg\",\"width\":2048,\"height\":1152,\"caption\":\"GPS particip\u00f3 de la Mesa de las Carnes de la Sociedad Rural Argentina\"},{\"@type\":\"BreadcrumbList\",\"@id\":\"https:\/\/grupogpps.org\/gps-participo-de-la-mesa-de-las-carnes-de-la-sociedad-rural-argentina\/#breadcrumb\",\"itemListElement\":[{\"@type\":\"ListItem\",\"position\":1,\"name\":\"Inicio\",\"item\":\"https:\/\/grupogpps.org\/\"},{\"@type\":\"ListItem\",\"position\":2,\"name\":\"GPS particip\u00f3 de la Mesa de las Carnes de la Sociedad Rural Argentina\"}]},{\"@type\":\"WebSite\",\"@id\":\"https:\/\/grupogpps.org\/#website\",\"url\":\"https:\/\/grupogpps.org\/\",\"name\":\"GPS\",\"description\":\"Grupo de pa\u00edses productores del sur\",\"publisher\":{\"@id\":\"https:\/\/grupogpps.org\/#organization\"},\"potentialAction\":[{\"@type\":\"SearchAction\",\"target\":{\"@type\":\"EntryPoint\",\"urlTemplate\":\"https:\/\/grupogpps.org\/?s={search_term_string}\"},\"query-input\":{\"@type\":\"PropertyValueSpecification\",\"valueRequired\":true,\"valueName\":\"search_term_string\"}}],\"inLanguage\":\"en-GB\"},{\"@type\":\"Organization\",\"@id\":\"https:\/\/grupogpps.org\/#organization\",\"name\":\"GPS - Grupo de pa\u00edses productores del sur\",\"url\":\"https:\/\/grupogpps.org\/\",\"logo\":{\"@type\":\"ImageObject\",\"inLanguage\":\"en-GB\",\"@id\":\"https:\/\/grupogpps.org\/#\/schema\/logo\/image\/\",\"url\":\"http:\/\/grupogpps.org\/wp-content\/uploads\/2021\/06\/logoGPS3.svg\",\"contentUrl\":\"http:\/\/grupogpps.org\/wp-content\/uploads\/2021\/06\/logoGPS3.svg\",\"width\":1,\"height\":1,\"caption\":\"GPS - Grupo de pa\u00edses productores del sur\"},\"image\":{\"@id\":\"https:\/\/grupogpps.org\/#\/schema\/logo\/image\/\"},\"sameAs\":[\"https:\/\/www.linkedin.com\/company\/25037162\/\",\"https:\/\/x.com\/GPSLatinAmerica\",\"https:\/\/www.instagram.com\/gpslatin\/\",\"https:\/\/www.youtube.com\/channel\/UCM2Qf0jSqNRJRkqmU8dO9QA\/videos\"]},{\"@type\":\"Person\",\"@id\":\"https:\/\/grupogpps.org\/#\/schema\/person\/faaafcd24616dff095821c72659ce41f\",\"name\":\"GPS GPS\",\"url\":\"https:\/\/grupogpps.org\/en\/author\/gps\/\"}]}<\/script>\n<!-- \/ Yoast SEO plugin. -->","yoast_head_json":{"title":"GPS particip\u00f3 de la Mesa de las Carnes de la Sociedad Rural Argentina - GPS","robots":{"index":"index","follow":"follow","max-snippet":"max-snippet:-1","max-image-preview":"max-image-preview:large","max-video-preview":"max-video-preview:-1"},"canonical":"https:\/\/grupogpps.org\/en\/gps-participo-de-la-mesa-de-las-carnes-de-la-sociedad-rural-argentina\/","og_locale":"en_GB","og_type":"article","og_title":"GPS particip\u00f3 de la Mesa de las Carnes de la Sociedad Rural Argentina - GPS","og_description":"Eduardo Serantes y Gustavo Id\u00edgoras de GPS participaron de la Mesa de las Carnes que se realiz\u00f3 en &nbsp;el marco de la Exposici\u00f3n Rural de Palermo. Ambas presentaciones abordaron los nuevos desaf\u00edos que plantea el escenario internacional de creciente complejidad para las exportaciones de carnes de la Argentina y de la regi\u00f3n. Eduardo Serantes se [&hellip;]","og_url":"https:\/\/grupogpps.org\/en\/gps-participo-de-la-mesa-de-las-carnes-de-la-sociedad-rural-argentina\/","og_site_name":"GPS","article_publisher":"https:\/\/www.linkedin.com\/company\/25037162\/","article_published_time":"2018-07-23T21:07:29+00:00","article_modified_time":"2021-07-06T12:37:23+00:00","og_image":[{"width":2048,"height":1152,"url":"https:\/\/grupogpps.org\/wp-content\/uploads\/2018\/07\/43528222961_65dcf61ace_k.jpg","type":"image\/jpeg"}],"author":"GPS GPS","twitter_card":"summary_large_image","twitter_creator":"@GPSLatinAmerica","twitter_site":"@GPSLatinAmerica","twitter_misc":{"Written by":"GPS GPS","Estimated reading time":"1 minute"},"schema":{"@context":"https:\/\/schema.org","@graph":[{"@type":"Article","@id":"https:\/\/grupogpps.org\/gps-participo-de-la-mesa-de-las-carnes-de-la-sociedad-rural-argentina\/#article","isPartOf":{"@id":"https:\/\/grupogpps.org\/gps-participo-de-la-mesa-de-las-carnes-de-la-sociedad-rural-argentina\/"},"author":{"name":"GPS GPS","@id":"https:\/\/grupogpps.org\/#\/schema\/person\/faaafcd24616dff095821c72659ce41f"},"headline":"GPS particip\u00f3 de la Mesa de las Carnes de la Sociedad Rural Argentina","datePublished":"2018-07-23T21:07:29+00:00","dateModified":"2021-07-06T12:37:23+00:00","mainEntityOfPage":{"@id":"https:\/\/grupogpps.org\/gps-participo-de-la-mesa-de-las-carnes-de-la-sociedad-rural-argentina\/"},"wordCount":258,"publisher":{"@id":"https:\/\/grupogpps.org\/#organization"},"image":{"@id":"https:\/\/grupogpps.org\/gps-participo-de-la-mesa-de-las-carnes-de-la-sociedad-rural-argentina\/#primaryimage"},"thumbnailUrl":"https:\/\/grupogpps.org\/wp-content\/uploads\/2018\/07\/43528222961_65dcf61ace_k.jpg","articleSection":["Actividades","Home","Novedades"],"inLanguage":"en-GB"},{"@type":"WebPage","@id":"https:\/\/grupogpps.org\/gps-participo-de-la-mesa-de-las-carnes-de-la-sociedad-rural-argentina\/","url":"https:\/\/grupogpps.org\/gps-participo-de-la-mesa-de-las-carnes-de-la-sociedad-rural-argentina\/","name":"GPS particip\u00f3 de la Mesa de las Carnes de la Sociedad Rural Argentina - GPS","isPartOf":{"@id":"https:\/\/grupogpps.org\/#website"},"primaryImageOfPage":{"@id":"https:\/\/grupogpps.org\/gps-participo-de-la-mesa-de-las-carnes-de-la-sociedad-rural-argentina\/#primaryimage"},"image":{"@id":"https:\/\/grupogpps.org\/gps-participo-de-la-mesa-de-las-carnes-de-la-sociedad-rural-argentina\/#primaryimage"},"thumbnailUrl":"https:\/\/grupogpps.org\/wp-content\/uploads\/2018\/07\/43528222961_65dcf61ace_k.jpg","datePublished":"2018-07-23T21:07:29+00:00","dateModified":"2021-07-06T12:37:23+00:00","breadcrumb":{"@id":"https:\/\/grupogpps.org\/gps-participo-de-la-mesa-de-las-carnes-de-la-sociedad-rural-argentina\/#breadcrumb"},"inLanguage":"en-GB","potentialAction":[{"@type":"ReadAction","target":["https:\/\/grupogpps.org\/gps-participo-de-la-mesa-de-las-carnes-de-la-sociedad-rural-argentina\/"]}]},{"@type":"ImageObject","inLanguage":"en-GB","@id":"https:\/\/grupogpps.org\/gps-participo-de-la-mesa-de-las-carnes-de-la-sociedad-rural-argentina\/#primaryimage","url":"https:\/\/grupogpps.org\/wp-content\/uploads\/2018\/07\/43528222961_65dcf61ace_k.jpg","contentUrl":"https:\/\/grupogpps.org\/wp-content\/uploads\/2018\/07\/43528222961_65dcf61ace_k.jpg","width":2048,"height":1152,"caption":"GPS particip\u00f3 de la Mesa de las Carnes de la Sociedad Rural Argentina"},{"@type":"BreadcrumbList","@id":"https:\/\/grupogpps.org\/gps-participo-de-la-mesa-de-las-carnes-de-la-sociedad-rural-argentina\/#breadcrumb","itemListElement":[{"@type":"ListItem","position":1,"name":"Inicio","item":"https:\/\/grupogpps.org\/"},{"@type":"ListItem","position":2,"name":"GPS particip\u00f3 de la Mesa de las Carnes de la Sociedad Rural Argentina"}]},{"@type":"WebSite","@id":"https:\/\/grupogpps.org\/#website","url":"https:\/\/grupogpps.org\/","name":"GPS","description":"Grupo de pa\u00edses productores del sur","publisher":{"@id":"https:\/\/grupogpps.org\/#organization"},"potentialAction":[{"@type":"SearchAction","target":{"@type":"EntryPoint","urlTemplate":"https:\/\/grupogpps.org\/?s={search_term_string}"},"query-input":{"@type":"PropertyValueSpecification","valueRequired":true,"valueName":"search_term_string"}}],"inLanguage":"en-GB"},{"@type":"Organization","@id":"https:\/\/grupogpps.org\/#organization","name":"GPS - Grupo de pa\u00edses productores del sur","url":"https:\/\/grupogpps.org\/","logo":{"@type":"ImageObject","inLanguage":"en-GB","@id":"https:\/\/grupogpps.org\/#\/schema\/logo\/image\/","url":"http:\/\/grupogpps.org\/wp-content\/uploads\/2021\/06\/logoGPS3.svg","contentUrl":"http:\/\/grupogpps.org\/wp-content\/uploads\/2021\/06\/logoGPS3.svg","width":1,"height":1,"caption":"GPS - Grupo de pa\u00edses productores del sur"},"image":{"@id":"https:\/\/grupogpps.org\/#\/schema\/logo\/image\/"},"sameAs":["https:\/\/www.linkedin.com\/company\/25037162\/","https:\/\/x.com\/GPSLatinAmerica","https:\/\/www.instagram.com\/gpslatin\/","https:\/\/www.youtube.com\/channel\/UCM2Qf0jSqNRJRkqmU8dO9QA\/videos"]},{"@type":"Person","@id":"https:\/\/grupogpps.org\/#\/schema\/person\/faaafcd24616dff095821c72659ce41f","name":"GPS GPS","url":"https:\/\/grupogpps.org\/en\/author\/gps\/"}]}},"_links":{"self":[{"href":"https:\/\/grupogpps.org\/en\/wp-json\/wp\/v2\/posts\/2108","targetHints":{"allow":["GET"]}}],"collection":[{"href":"https:\/\/grupogpps.org\/en\/wp-json\/wp\/v2\/posts"}],"about":[{"href":"https:\/\/grupogpps.org\/en\/wp-json\/wp\/v2\/types\/post"}],"author":[{"embeddable":true,"href":"https:\/\/grupogpps.org\/en\/wp-json\/wp\/v2\/users\/2"}],"replies":[{"embeddable":true,"href":"https:\/\/grupogpps.org\/en\/wp-json\/wp\/v2\/comments?post=2108"}],"version-history":[{"count":2,"href":"https:\/\/grupogpps.org\/en\/wp-json\/wp\/v2\/posts\/2108\/revisions"}],"predecessor-version":[{"id":2931,"href":"https:\/\/grupogpps.org\/en\/wp-json\/wp\/v2\/posts\/2108\/revisions\/2931"}],"wp:featuredmedia":[{"embeddable":true,"href":"https:\/\/grupogpps.org\/en\/wp-json\/wp\/v2\/media\/2112"}],"wp:attachment":[{"href":"https:\/\/grupogpps.org\/en\/wp-json\/wp\/v2\/media?parent=2108"}],"wp:term":[{"taxonomy":"category","embeddable":true,"href":"https:\/\/grupogpps.org\/en\/wp-json\/wp\/v2\/categories?post=2108"},{"taxonomy":"post_tag","embeddable":true,"href":"https:\/\/grupogpps.org\/en\/wp-json\/wp\/v2\/tags?post=2108"}],"curies":[{"name":"wp","href":"https:\/\/api.w.org\/{rel}","templated":true}]}}