{"id":2104,"date":"2018-08-01T18:59:55","date_gmt":"2018-08-01T21:59:55","guid":{"rendered":"http:\/\/grupogpps.org\/?p=1161"},"modified":"2021-07-06T09:33:20","modified_gmt":"2021-07-06T12:33:20","slug":"el-task-force-sobre-sustainable-food-system-del-b-20-se-reunio-en-buenos-aires","status":"publish","type":"post","link":"https:\/\/grupogpps.org\/en\/el-task-force-sobre-sustainable-food-system-del-b-20-se-reunio-en-buenos-aires\/","title":{"rendered":"El task force sobre Sustainable Food System del B-20 se reuni\u00f3 en Buenos Aires"},"content":{"rendered":"<p>El Task Force sobre Sustainable Food System del B20 se reuni\u00f3 el 26 de julio en La Rural para delinear las recomendaciones que pr\u00f3ximamente ser\u00e1n presentadas al G20.<\/p>\n\n\n\n<p>La apertura del evento estuvo a cargo del Chair del B20, Daniel Funes de Rioja, el Embajador del G20 Ambassador, Luis Pagani (Chair del Task Force y Presidente de Arcor), Juan Jos\u00e9 Griguera Na\u00f3n (Director del Instituto de Estudios Econ\u00f3micos y Negociaciones Internacionales de la SRA), en representaci\u00f3n de Daniel Pelegrina (Co-Chair del Task Force sobre SFS y Presidente de la SRA).<\/p>\n\n\n\n<p>El primer panel se enfoc\u00f3 en las recomendaciones del grupo para el G20 y estuvo formado por&nbsp;Miguel Kozuszok (Sustainable Food System Co-Chair y Presidente de Unilever para Latam), Phil O\u00b4Reilly (Sustainable Food System Co-Chair y BIAC Chair), Francisco Lugano (Presidente de AACREA) y fue moderado por Cecilia Rena (SFS Deputy Chair y Gerente de Estrategias Corporativas Sustentables de &nbsp;Arcor).<\/p>\n\n\n\n<div style=\"height:20px\" aria-hidden=\"true\" class=\"wp-block-spacer\"><\/div>\n\n\n\n<figure class=\"wp-block-gallery aligncenter columns-2 is-cropped wp-block-gallery-1 is-layout-flex wp-block-gallery-is-layout-flex\"><ul class=\"blocks-gallery-grid\"><li class=\"blocks-gallery-item\"><figure><a href=\"http:\/\/grupogpps.org\/wp-content\/uploads\/2021\/07\/el-task-force-sobre-sustainable-food-system-del-b-20-se-reunio-en-buenos-aires-2.jpg\"><img loading=\"lazy\" decoding=\"async\" width=\"952\" height=\"1024\" src=\"http:\/\/grupogpps.org\/wp-content\/uploads\/2021\/07\/el-task-force-sobre-sustainable-food-system-del-b-20-se-reunio-en-buenos-aires-2.jpg\" alt=\"\" data-id=\"2924\" data-full-url=\"http:\/\/grupogpps.org\/wp-content\/uploads\/2021\/07\/el-task-force-sobre-sustainable-food-system-del-b-20-se-reunio-en-buenos-aires-2.jpg\" data-link=\"http:\/\/grupogpps.org\/2018\/08\/01\/el-task-force-sobre-sustainable-food-system-del-b-20-se-reunio-en-buenos-aires\/el-task-force-sobre-sustainable-food-system-del-b-20-se-reunio-en-buenos-aires-2\/\" class=\"wp-image-2924\" srcset=\"https:\/\/grupogpps.org\/wp-content\/uploads\/2021\/07\/el-task-force-sobre-sustainable-food-system-del-b-20-se-reunio-en-buenos-aires-2.jpg 952w, https:\/\/grupogpps.org\/wp-content\/uploads\/2021\/07\/el-task-force-sobre-sustainable-food-system-del-b-20-se-reunio-en-buenos-aires-2-279x300.jpg 279w, https:\/\/grupogpps.org\/wp-content\/uploads\/2021\/07\/el-task-force-sobre-sustainable-food-system-del-b-20-se-reunio-en-buenos-aires-2-768x826.jpg 768w, https:\/\/grupogpps.org\/wp-content\/uploads\/2021\/07\/el-task-force-sobre-sustainable-food-system-del-b-20-se-reunio-en-buenos-aires-2-11x12.jpg 11w\" sizes=\"auto, (max-width: 952px) 100vw, 952px\" \/><\/a><\/figure><\/li><li class=\"blocks-gallery-item\"><figure><a href=\"http:\/\/grupogpps.org\/wp-content\/uploads\/2021\/07\/el-task-force-sobre-sustainable-food-system-del-b-20-se-reunio-en-buenos-aires-1.jpg\"><img loading=\"lazy\" decoding=\"async\" width=\"1024\" height=\"727\" src=\"http:\/\/grupogpps.org\/wp-content\/uploads\/2021\/07\/el-task-force-sobre-sustainable-food-system-del-b-20-se-reunio-en-buenos-aires-1.jpg\" alt=\"\" data-id=\"2925\" data-full-url=\"http:\/\/grupogpps.org\/wp-content\/uploads\/2021\/07\/el-task-force-sobre-sustainable-food-system-del-b-20-se-reunio-en-buenos-aires-1.jpg\" data-link=\"http:\/\/grupogpps.org\/2018\/08\/01\/el-task-force-sobre-sustainable-food-system-del-b-20-se-reunio-en-buenos-aires\/el-task-force-sobre-sustainable-food-system-del-b-20-se-reunio-en-buenos-aires-1\/\" class=\"wp-image-2925\" srcset=\"https:\/\/grupogpps.org\/wp-content\/uploads\/2021\/07\/el-task-force-sobre-sustainable-food-system-del-b-20-se-reunio-en-buenos-aires-1.jpg 1024w, https:\/\/grupogpps.org\/wp-content\/uploads\/2021\/07\/el-task-force-sobre-sustainable-food-system-del-b-20-se-reunio-en-buenos-aires-1-300x213.jpg 300w, https:\/\/grupogpps.org\/wp-content\/uploads\/2021\/07\/el-task-force-sobre-sustainable-food-system-del-b-20-se-reunio-en-buenos-aires-1-768x545.jpg 768w, https:\/\/grupogpps.org\/wp-content\/uploads\/2021\/07\/el-task-force-sobre-sustainable-food-system-del-b-20-se-reunio-en-buenos-aires-1-16x12.jpg 16w\" sizes=\"auto, (max-width: 1024px) 100vw, 1024px\" \/><\/a><\/figure><\/li><\/ul><\/figure>\n\n\n\n<div style=\"height:20px\" aria-hidden=\"true\" class=\"wp-block-spacer\"><\/div>\n\n\n\n<p>El segundo panel se enfoc\u00f3 en las respuestas de los representantes del G20 al B20 e incluy\u00f3 a Santiago del Solar Dorrego (Jefe de Gabinete del Ministerio de Agroindustria), Eduardo Tempone (Grupo de Trabajo sobre Comercio del G20 ), Clara Zerbino (Grupo de&nbsp;Trabajo sobre Salud del G20) y fue moderado por Fernando Landa (Sherpa del B20).<\/p>\n\n\n\n<p>El \u00faltimo panel estuvo dedicado a los Grupos de Afinidad con una agenda compartida para el Futuro Alimentario Sostenible. &nbsp;Del mismo particip\u00f3 Mart\u00edn Pi\u00f1eiro (miembro de GPS y Chair del Task Force en el T20) y Eduardo Bianchi (colaborador de GPS y&nbsp;miembro del Comit\u00e9 de Gesti\u00f3n del S20.<\/p>\n\n\n\n<p>El cierre estuvo a cargo de Luis Pagani, quien remarc\u00f3 la importancia del trabajo desarrollado por la Task Force, con la participaci\u00f3n de instituciones y empresas nacionales, regionales e internacionales cuya finalidad es realizar recomendaciones&nbsp;impresentables y concretas para eliminar el hambre y la pobreza en el mundo.<\/p>","protected":false},"excerpt":{"rendered":"<p>El Task Force sobre Sustainable Food System del B20 se reuni\u00f3 el 26 de julio en La Rural para delinear las recomendaciones que pr\u00f3ximamente ser\u00e1n presentadas al G20. La apertura del evento estuvo a cargo del Chair del B20, Daniel Funes de Rioja, el Embajador del G20 Ambassador, Luis Pagani (Chair del Task Force y [&hellip;]<\/p>","protected":false},"author":2,"featured_media":2105,"comment_status":"closed","ping_status":"closed","sticky":false,"template":"","format":"standard","meta":{"footnotes":""},"categories":[19,25,23],"tags":[],"class_list":["post-2104","post","type-post","status-publish","format-standard","has-post-thumbnail","hentry","category-actividades","category-home","category-novedades"],"yoast_head":"<!-- This site is optimized with the Yoast SEO plugin v26.8 - https:\/\/yoast.com\/product\/yoast-seo-wordpress\/ -->\n<title>El task force sobre Sustainable Food System del B-20 se reuni\u00f3 en Buenos Aires - GPS<\/title>\n<meta name=\"robots\" content=\"index, follow, max-snippet:-1, max-image-preview:large, max-video-preview:-1\" \/>\n<link rel=\"canonical\" href=\"https:\/\/grupogpps.org\/en\/el-task-force-sobre-sustainable-food-system-del-b-20-se-reunio-en-buenos-aires\/\" \/>\n<meta property=\"og:locale\" content=\"en_GB\" \/>\n<meta property=\"og:type\" content=\"article\" \/>\n<meta property=\"og:title\" content=\"El task force sobre Sustainable Food System del B-20 se reuni\u00f3 en Buenos Aires - GPS\" \/>\n<meta property=\"og:description\" content=\"El Task Force sobre Sustainable Food System del B20 se reuni\u00f3 el 26 de julio en La Rural para delinear las recomendaciones que pr\u00f3ximamente ser\u00e1n presentadas al G20. La apertura del evento estuvo a cargo del Chair del B20, Daniel Funes de Rioja, el Embajador del G20 Ambassador, Luis Pagani (Chair del Task Force y [&hellip;]\" \/>\n<meta property=\"og:url\" content=\"https:\/\/grupogpps.org\/en\/el-task-force-sobre-sustainable-food-system-del-b-20-se-reunio-en-buenos-aires\/\" \/>\n<meta property=\"og:site_name\" content=\"GPS\" \/>\n<meta property=\"article:publisher\" content=\"https:\/\/www.linkedin.com\/company\/25037162\/\" \/>\n<meta property=\"article:published_time\" content=\"2018-08-01T21:59:55+00:00\" \/>\n<meta property=\"article:modified_time\" content=\"2021-07-06T12:33:20+00:00\" \/>\n<meta property=\"og:image\" content=\"https:\/\/grupogpps.org\/wp-content\/uploads\/2018\/08\/002-scaled.jpg\" \/>\n\t<meta property=\"og:image:width\" content=\"2560\" \/>\n\t<meta property=\"og:image:height\" content=\"1720\" \/>\n\t<meta property=\"og:image:type\" content=\"image\/jpeg\" \/>\n<meta name=\"author\" content=\"GPS GPS\" \/>\n<meta name=\"twitter:card\" content=\"summary_large_image\" \/>\n<meta name=\"twitter:creator\" content=\"@GPSLatinAmerica\" \/>\n<meta name=\"twitter:site\" content=\"@GPSLatinAmerica\" \/>\n<meta name=\"twitter:label1\" content=\"Written by\" \/>\n\t<meta name=\"twitter:data1\" content=\"GPS GPS\" \/>\n\t<meta name=\"twitter:label2\" content=\"Estimated reading time\" \/>\n\t<meta name=\"twitter:data2\" content=\"2 minutes\" \/>\n<script type=\"application\/ld+json\" class=\"yoast-schema-graph\">{\"@context\":\"https:\/\/schema.org\",\"@graph\":[{\"@type\":\"Article\",\"@id\":\"https:\/\/grupogpps.org\/el-task-force-sobre-sustainable-food-system-del-b-20-se-reunio-en-buenos-aires\/#article\",\"isPartOf\":{\"@id\":\"https:\/\/grupogpps.org\/el-task-force-sobre-sustainable-food-system-del-b-20-se-reunio-en-buenos-aires\/\"},\"author\":{\"name\":\"GPS GPS\",\"@id\":\"https:\/\/grupogpps.org\/#\/schema\/person\/faaafcd24616dff095821c72659ce41f\"},\"headline\":\"El task force sobre Sustainable Food System del B-20 se reuni\u00f3 en Buenos Aires\",\"datePublished\":\"2018-08-01T21:59:55+00:00\",\"dateModified\":\"2021-07-06T12:33:20+00:00\",\"mainEntityOfPage\":{\"@id\":\"https:\/\/grupogpps.org\/el-task-force-sobre-sustainable-food-system-del-b-20-se-reunio-en-buenos-aires\/\"},\"wordCount\":332,\"publisher\":{\"@id\":\"https:\/\/grupogpps.org\/#organization\"},\"image\":{\"@id\":\"https:\/\/grupogpps.org\/el-task-force-sobre-sustainable-food-system-del-b-20-se-reunio-en-buenos-aires\/#primaryimage\"},\"thumbnailUrl\":\"https:\/\/grupogpps.org\/wp-content\/uploads\/2018\/08\/002-scaled.jpg\",\"articleSection\":[\"Actividades\",\"Home\",\"Novedades\"],\"inLanguage\":\"en-GB\"},{\"@type\":\"WebPage\",\"@id\":\"https:\/\/grupogpps.org\/el-task-force-sobre-sustainable-food-system-del-b-20-se-reunio-en-buenos-aires\/\",\"url\":\"https:\/\/grupogpps.org\/el-task-force-sobre-sustainable-food-system-del-b-20-se-reunio-en-buenos-aires\/\",\"name\":\"El task force sobre Sustainable Food System del B-20 se reuni\u00f3 en Buenos Aires - GPS\",\"isPartOf\":{\"@id\":\"https:\/\/grupogpps.org\/#website\"},\"primaryImageOfPage\":{\"@id\":\"https:\/\/grupogpps.org\/el-task-force-sobre-sustainable-food-system-del-b-20-se-reunio-en-buenos-aires\/#primaryimage\"},\"image\":{\"@id\":\"https:\/\/grupogpps.org\/el-task-force-sobre-sustainable-food-system-del-b-20-se-reunio-en-buenos-aires\/#primaryimage\"},\"thumbnailUrl\":\"https:\/\/grupogpps.org\/wp-content\/uploads\/2018\/08\/002-scaled.jpg\",\"datePublished\":\"2018-08-01T21:59:55+00:00\",\"dateModified\":\"2021-07-06T12:33:20+00:00\",\"breadcrumb\":{\"@id\":\"https:\/\/grupogpps.org\/el-task-force-sobre-sustainable-food-system-del-b-20-se-reunio-en-buenos-aires\/#breadcrumb\"},\"inLanguage\":\"en-GB\",\"potentialAction\":[{\"@type\":\"ReadAction\",\"target\":[\"https:\/\/grupogpps.org\/el-task-force-sobre-sustainable-food-system-del-b-20-se-reunio-en-buenos-aires\/\"]}]},{\"@type\":\"ImageObject\",\"inLanguage\":\"en-GB\",\"@id\":\"https:\/\/grupogpps.org\/el-task-force-sobre-sustainable-food-system-del-b-20-se-reunio-en-buenos-aires\/#primaryimage\",\"url\":\"https:\/\/grupogpps.org\/wp-content\/uploads\/2018\/08\/002-scaled.jpg\",\"contentUrl\":\"https:\/\/grupogpps.org\/wp-content\/uploads\/2018\/08\/002-scaled.jpg\",\"width\":2560,\"height\":1720,\"caption\":\"El task force sobre Sustainable Food System del B-20 se reuni\u00f3 en Buenos Aires\"},{\"@type\":\"BreadcrumbList\",\"@id\":\"https:\/\/grupogpps.org\/el-task-force-sobre-sustainable-food-system-del-b-20-se-reunio-en-buenos-aires\/#breadcrumb\",\"itemListElement\":[{\"@type\":\"ListItem\",\"position\":1,\"name\":\"Inicio\",\"item\":\"https:\/\/grupogpps.org\/\"},{\"@type\":\"ListItem\",\"position\":2,\"name\":\"El task force sobre Sustainable Food System del B-20 se reuni\u00f3 en Buenos Aires\"}]},{\"@type\":\"WebSite\",\"@id\":\"https:\/\/grupogpps.org\/#website\",\"url\":\"https:\/\/grupogpps.org\/\",\"name\":\"GPS\",\"description\":\"Grupo de pa\u00edses productores del sur\",\"publisher\":{\"@id\":\"https:\/\/grupogpps.org\/#organization\"},\"potentialAction\":[{\"@type\":\"SearchAction\",\"target\":{\"@type\":\"EntryPoint\",\"urlTemplate\":\"https:\/\/grupogpps.org\/?s={search_term_string}\"},\"query-input\":{\"@type\":\"PropertyValueSpecification\",\"valueRequired\":true,\"valueName\":\"search_term_string\"}}],\"inLanguage\":\"en-GB\"},{\"@type\":\"Organization\",\"@id\":\"https:\/\/grupogpps.org\/#organization\",\"name\":\"GPS - Grupo de pa\u00edses productores del sur\",\"url\":\"https:\/\/grupogpps.org\/\",\"logo\":{\"@type\":\"ImageObject\",\"inLanguage\":\"en-GB\",\"@id\":\"https:\/\/grupogpps.org\/#\/schema\/logo\/image\/\",\"url\":\"http:\/\/grupogpps.org\/wp-content\/uploads\/2021\/06\/logoGPS3.svg\",\"contentUrl\":\"http:\/\/grupogpps.org\/wp-content\/uploads\/2021\/06\/logoGPS3.svg\",\"width\":1,\"height\":1,\"caption\":\"GPS - Grupo de pa\u00edses productores del sur\"},\"image\":{\"@id\":\"https:\/\/grupogpps.org\/#\/schema\/logo\/image\/\"},\"sameAs\":[\"https:\/\/www.linkedin.com\/company\/25037162\/\",\"https:\/\/x.com\/GPSLatinAmerica\",\"https:\/\/www.instagram.com\/gpslatin\/\",\"https:\/\/www.youtube.com\/channel\/UCM2Qf0jSqNRJRkqmU8dO9QA\/videos\"]},{\"@type\":\"Person\",\"@id\":\"https:\/\/grupogpps.org\/#\/schema\/person\/faaafcd24616dff095821c72659ce41f\",\"name\":\"GPS GPS\",\"url\":\"https:\/\/grupogpps.org\/en\/author\/gps\/\"}]}<\/script>\n<!-- \/ Yoast SEO plugin. -->","yoast_head_json":{"title":"El task force sobre Sustainable Food System del B-20 se reuni\u00f3 en Buenos Aires - GPS","robots":{"index":"index","follow":"follow","max-snippet":"max-snippet:-1","max-image-preview":"max-image-preview:large","max-video-preview":"max-video-preview:-1"},"canonical":"https:\/\/grupogpps.org\/en\/el-task-force-sobre-sustainable-food-system-del-b-20-se-reunio-en-buenos-aires\/","og_locale":"en_GB","og_type":"article","og_title":"El task force sobre Sustainable Food System del B-20 se reuni\u00f3 en Buenos Aires - GPS","og_description":"El Task Force sobre Sustainable Food System del B20 se reuni\u00f3 el 26 de julio en La Rural para delinear las recomendaciones que pr\u00f3ximamente ser\u00e1n presentadas al G20. La apertura del evento estuvo a cargo del Chair del B20, Daniel Funes de Rioja, el Embajador del G20 Ambassador, Luis Pagani (Chair del Task Force y [&hellip;]","og_url":"https:\/\/grupogpps.org\/en\/el-task-force-sobre-sustainable-food-system-del-b-20-se-reunio-en-buenos-aires\/","og_site_name":"GPS","article_publisher":"https:\/\/www.linkedin.com\/company\/25037162\/","article_published_time":"2018-08-01T21:59:55+00:00","article_modified_time":"2021-07-06T12:33:20+00:00","og_image":[{"width":2560,"height":1720,"url":"https:\/\/grupogpps.org\/wp-content\/uploads\/2018\/08\/002-scaled.jpg","type":"image\/jpeg"}],"author":"GPS GPS","twitter_card":"summary_large_image","twitter_creator":"@GPSLatinAmerica","twitter_site":"@GPSLatinAmerica","twitter_misc":{"Written by":"GPS GPS","Estimated reading time":"2 minutes"},"schema":{"@context":"https:\/\/schema.org","@graph":[{"@type":"Article","@id":"https:\/\/grupogpps.org\/el-task-force-sobre-sustainable-food-system-del-b-20-se-reunio-en-buenos-aires\/#article","isPartOf":{"@id":"https:\/\/grupogpps.org\/el-task-force-sobre-sustainable-food-system-del-b-20-se-reunio-en-buenos-aires\/"},"author":{"name":"GPS GPS","@id":"https:\/\/grupogpps.org\/#\/schema\/person\/faaafcd24616dff095821c72659ce41f"},"headline":"El task force sobre Sustainable Food System del B-20 se reuni\u00f3 en Buenos Aires","datePublished":"2018-08-01T21:59:55+00:00","dateModified":"2021-07-06T12:33:20+00:00","mainEntityOfPage":{"@id":"https:\/\/grupogpps.org\/el-task-force-sobre-sustainable-food-system-del-b-20-se-reunio-en-buenos-aires\/"},"wordCount":332,"publisher":{"@id":"https:\/\/grupogpps.org\/#organization"},"image":{"@id":"https:\/\/grupogpps.org\/el-task-force-sobre-sustainable-food-system-del-b-20-se-reunio-en-buenos-aires\/#primaryimage"},"thumbnailUrl":"https:\/\/grupogpps.org\/wp-content\/uploads\/2018\/08\/002-scaled.jpg","articleSection":["Actividades","Home","Novedades"],"inLanguage":"en-GB"},{"@type":"WebPage","@id":"https:\/\/grupogpps.org\/el-task-force-sobre-sustainable-food-system-del-b-20-se-reunio-en-buenos-aires\/","url":"https:\/\/grupogpps.org\/el-task-force-sobre-sustainable-food-system-del-b-20-se-reunio-en-buenos-aires\/","name":"El task force sobre Sustainable Food System del B-20 se reuni\u00f3 en Buenos Aires - GPS","isPartOf":{"@id":"https:\/\/grupogpps.org\/#website"},"primaryImageOfPage":{"@id":"https:\/\/grupogpps.org\/el-task-force-sobre-sustainable-food-system-del-b-20-se-reunio-en-buenos-aires\/#primaryimage"},"image":{"@id":"https:\/\/grupogpps.org\/el-task-force-sobre-sustainable-food-system-del-b-20-se-reunio-en-buenos-aires\/#primaryimage"},"thumbnailUrl":"https:\/\/grupogpps.org\/wp-content\/uploads\/2018\/08\/002-scaled.jpg","datePublished":"2018-08-01T21:59:55+00:00","dateModified":"2021-07-06T12:33:20+00:00","breadcrumb":{"@id":"https:\/\/grupogpps.org\/el-task-force-sobre-sustainable-food-system-del-b-20-se-reunio-en-buenos-aires\/#breadcrumb"},"inLanguage":"en-GB","potentialAction":[{"@type":"ReadAction","target":["https:\/\/grupogpps.org\/el-task-force-sobre-sustainable-food-system-del-b-20-se-reunio-en-buenos-aires\/"]}]},{"@type":"ImageObject","inLanguage":"en-GB","@id":"https:\/\/grupogpps.org\/el-task-force-sobre-sustainable-food-system-del-b-20-se-reunio-en-buenos-aires\/#primaryimage","url":"https:\/\/grupogpps.org\/wp-content\/uploads\/2018\/08\/002-scaled.jpg","contentUrl":"https:\/\/grupogpps.org\/wp-content\/uploads\/2018\/08\/002-scaled.jpg","width":2560,"height":1720,"caption":"El task force sobre Sustainable Food System del B-20 se reuni\u00f3 en Buenos Aires"},{"@type":"BreadcrumbList","@id":"https:\/\/grupogpps.org\/el-task-force-sobre-sustainable-food-system-del-b-20-se-reunio-en-buenos-aires\/#breadcrumb","itemListElement":[{"@type":"ListItem","position":1,"name":"Inicio","item":"https:\/\/grupogpps.org\/"},{"@type":"ListItem","position":2,"name":"El task force sobre Sustainable Food System del B-20 se reuni\u00f3 en Buenos Aires"}]},{"@type":"WebSite","@id":"https:\/\/grupogpps.org\/#website","url":"https:\/\/grupogpps.org\/","name":"GPS","description":"Grupo de pa\u00edses productores del sur","publisher":{"@id":"https:\/\/grupogpps.org\/#organization"},"potentialAction":[{"@type":"SearchAction","target":{"@type":"EntryPoint","urlTemplate":"https:\/\/grupogpps.org\/?s={search_term_string}"},"query-input":{"@type":"PropertyValueSpecification","valueRequired":true,"valueName":"search_term_string"}}],"inLanguage":"en-GB"},{"@type":"Organization","@id":"https:\/\/grupogpps.org\/#organization","name":"GPS - Grupo de pa\u00edses productores del sur","url":"https:\/\/grupogpps.org\/","logo":{"@type":"ImageObject","inLanguage":"en-GB","@id":"https:\/\/grupogpps.org\/#\/schema\/logo\/image\/","url":"http:\/\/grupogpps.org\/wp-content\/uploads\/2021\/06\/logoGPS3.svg","contentUrl":"http:\/\/grupogpps.org\/wp-content\/uploads\/2021\/06\/logoGPS3.svg","width":1,"height":1,"caption":"GPS - Grupo de pa\u00edses productores del sur"},"image":{"@id":"https:\/\/grupogpps.org\/#\/schema\/logo\/image\/"},"sameAs":["https:\/\/www.linkedin.com\/company\/25037162\/","https:\/\/x.com\/GPSLatinAmerica","https:\/\/www.instagram.com\/gpslatin\/","https:\/\/www.youtube.com\/channel\/UCM2Qf0jSqNRJRkqmU8dO9QA\/videos"]},{"@type":"Person","@id":"https:\/\/grupogpps.org\/#\/schema\/person\/faaafcd24616dff095821c72659ce41f","name":"GPS GPS","url":"https:\/\/grupogpps.org\/en\/author\/gps\/"}]}},"_links":{"self":[{"href":"https:\/\/grupogpps.org\/en\/wp-json\/wp\/v2\/posts\/2104","targetHints":{"allow":["GET"]}}],"collection":[{"href":"https:\/\/grupogpps.org\/en\/wp-json\/wp\/v2\/posts"}],"about":[{"href":"https:\/\/grupogpps.org\/en\/wp-json\/wp\/v2\/types\/post"}],"author":[{"embeddable":true,"href":"https:\/\/grupogpps.org\/en\/wp-json\/wp\/v2\/users\/2"}],"replies":[{"embeddable":true,"href":"https:\/\/grupogpps.org\/en\/wp-json\/wp\/v2\/comments?post=2104"}],"version-history":[{"count":1,"href":"https:\/\/grupogpps.org\/en\/wp-json\/wp\/v2\/posts\/2104\/revisions"}],"predecessor-version":[{"id":2926,"href":"https:\/\/grupogpps.org\/en\/wp-json\/wp\/v2\/posts\/2104\/revisions\/2926"}],"wp:featuredmedia":[{"embeddable":true,"href":"https:\/\/grupogpps.org\/en\/wp-json\/wp\/v2\/media\/2105"}],"wp:attachment":[{"href":"https:\/\/grupogpps.org\/en\/wp-json\/wp\/v2\/media?parent=2104"}],"wp:term":[{"taxonomy":"category","embeddable":true,"href":"https:\/\/grupogpps.org\/en\/wp-json\/wp\/v2\/categories?post=2104"},{"taxonomy":"post_tag","embeddable":true,"href":"https:\/\/grupogpps.org\/en\/wp-json\/wp\/v2\/tags?post=2104"}],"curies":[{"name":"wp","href":"https:\/\/api.w.org\/{rel}","templated":true}]}}