{"id":2068,"date":"2018-10-19T16:51:29","date_gmt":"2018-10-19T19:51:29","guid":{"rendered":"http:\/\/grupogpps.org\/?p=1261"},"modified":"2021-07-06T09:15:04","modified_gmt":"2021-07-06T12:15:04","slug":"martin-fraguio-de-gps-participo-en-la-semana-internacional-de-la-bioenergia","status":"publish","type":"post","link":"https:\/\/grupogpps.org\/en\/martin-fraguio-de-gps-participo-en-la-semana-internacional-de-la-bioenergia\/","title":{"rendered":"Mart\u00edn Fragu\u00edo de GPS particip\u00f3 en la Semana Internacional de la Bioenerg\u00eda"},"content":{"rendered":"<p>La Semana Internacional de la Bioenerg\u00eda, que se desarroll\u00f3 en Buenos Aires el 16 y 17 de octubre, fue organizado en forma conjunta por la Secretar\u00eda de Gobierno de Agroindustria del Ministerio de Producci\u00f3n y Trabajo, la Secretar\u00eda de Gobierno de Energ\u00eda del Ministerio de Hacienda, la Organizaci\u00f3n de las Naciones Unidas para la Alimentaci\u00f3n y la Agricultura (FAO) y la Asociaci\u00f3n Global de Bioenerg\u00eda (GBEP).<\/p>\n\n\n\n<p>Participaron del evento importantes instituciones y personalidades, locales e internacionales, vinculadas a la cadena de valor bioenerg\u00e9tica.<\/p>\n\n\n\n<p>Mart\u00edn Fragu\u00edo, miembro del equipo de GPS, particip\u00f3 en el panel de cierre sobre desaf\u00edos y oportunidades para el desarrollo de la bioenerg\u00eda.<\/p>\n\n\n\n<p>En el mismo, Eduardo Trigo, Asesor del Programa Hemisf\u00e9rico de Bioeconom\u00eda y Desarrollo Productivo del Instituto Interamericano de Cooperaci\u00f3n para la Agricultura (IICA) se refiri\u00f3 a las vinculaciones entre bioenerg\u00eda y bioeconom\u00eda. Por su parte, Renato Godinho, Director del Departamento de Energ\u00edas Renovables del Ministerio de Relaciones Exteriores de Brasil present\u00f3 la plataforma Biofuturo, un efuerzo de 20 pa\u00edses, entre los que se encuentran Argentina, Brasil, Paraguay y Uruguay, para promover una bioeconom\u00eda baja en carbono que sea sustentable, innvadora y escalable. La iniciativa cuenta adem\u00e1s con el apoyo de m\u00faltiples organizaciones internacionales tales como FAO, IRENA, UNCTAD, UNIDO, IEA, SE4ALL.<\/p>\n\n\n\n<p>Candice Wilson del U.S. Grains Council, se refiri\u00f3 a la experiencia de la organizaci\u00f3n en la promoci\u00f3n del uso y producci\u00f3n global de etanol.<\/p>\n\n\n\n<p>La presentaci\u00f3n de Mart\u00edn Fragu\u00edo se centr\u00f3 en las cadenas de valor orientadas a las demandas de energ\u00eda y bioenerg\u00eda y sus desaf\u00edos locales y globales. Este tema es central si se tiene en cuenta que la bioenerg\u00eda tiene mejores rendimientos en relaci\u00f3n a la inversi\u00f3n que otras fuentes energ\u00e9ticas, incluso renovables por lo que es clave tratar de promover el buen funcionamiento de las cadenas.<\/p>\n\n\n\n<p>El panel fue moderado por Gerard Ostheimer de Below50\/SE4ALL, organizaciones que buscan generar una red global orientada a la bioenerg\u00eda con la finalidad de obtener una disminuci\u00f3n del 50% de las emisiones de gases de efecto invernadero.<\/p>","protected":false},"excerpt":{"rendered":"<p>La Semana Internacional de la Bioenerg\u00eda, que se desarroll\u00f3 en Buenos Aires el 16 y 17 de octubre, fue organizado en forma conjunta por la Secretar\u00eda de Gobierno de Agroindustria del Ministerio de Producci\u00f3n y Trabajo, la Secretar\u00eda de Gobierno de Energ\u00eda del Ministerio de Hacienda, la Organizaci\u00f3n de las Naciones Unidas para la Alimentaci\u00f3n [&hellip;]<\/p>","protected":false},"author":2,"featured_media":2069,"comment_status":"closed","ping_status":"closed","sticky":false,"template":"","format":"standard","meta":{"footnotes":""},"categories":[19,25,23],"tags":[],"class_list":["post-2068","post","type-post","status-publish","format-standard","has-post-thumbnail","hentry","category-actividades","category-home","category-novedades"],"yoast_head":"<!-- This site is optimized with the Yoast SEO plugin v26.8 - https:\/\/yoast.com\/product\/yoast-seo-wordpress\/ -->\n<title>Mart\u00edn Fragu\u00edo de GPS particip\u00f3 en la Semana Internacional de la Bioenerg\u00eda - GPS<\/title>\n<meta name=\"robots\" content=\"index, follow, max-snippet:-1, max-image-preview:large, max-video-preview:-1\" \/>\n<link rel=\"canonical\" href=\"https:\/\/grupogpps.org\/en\/martin-fraguio-de-gps-participo-en-la-semana-internacional-de-la-bioenergia\/\" \/>\n<meta property=\"og:locale\" content=\"en_GB\" \/>\n<meta property=\"og:type\" content=\"article\" \/>\n<meta property=\"og:title\" content=\"Mart\u00edn Fragu\u00edo de GPS particip\u00f3 en la Semana Internacional de la Bioenerg\u00eda - GPS\" \/>\n<meta property=\"og:description\" content=\"La Semana Internacional de la Bioenerg\u00eda, que se desarroll\u00f3 en Buenos Aires el 16 y 17 de octubre, fue organizado en forma conjunta por la Secretar\u00eda de Gobierno de Agroindustria del Ministerio de Producci\u00f3n y Trabajo, la Secretar\u00eda de Gobierno de Energ\u00eda del Ministerio de Hacienda, la Organizaci\u00f3n de las Naciones Unidas para la Alimentaci\u00f3n [&hellip;]\" \/>\n<meta property=\"og:url\" content=\"https:\/\/grupogpps.org\/en\/martin-fraguio-de-gps-participo-en-la-semana-internacional-de-la-bioenergia\/\" \/>\n<meta property=\"og:site_name\" content=\"GPS\" \/>\n<meta property=\"article:publisher\" content=\"https:\/\/www.linkedin.com\/company\/25037162\/\" \/>\n<meta property=\"article:published_time\" content=\"2018-10-19T19:51:29+00:00\" \/>\n<meta property=\"article:modified_time\" content=\"2021-07-06T12:15:04+00:00\" \/>\n<meta property=\"og:image\" content=\"https:\/\/grupogpps.org\/wp-content\/uploads\/2018\/10\/Captura-de-pantalla-2018-10-19-16.49.08.png\" \/>\n\t<meta property=\"og:image:width\" content=\"623\" \/>\n\t<meta property=\"og:image:height\" content=\"307\" \/>\n\t<meta property=\"og:image:type\" content=\"image\/png\" \/>\n<meta name=\"author\" content=\"GPS GPS\" \/>\n<meta name=\"twitter:card\" content=\"summary_large_image\" \/>\n<meta name=\"twitter:creator\" content=\"@GPSLatinAmerica\" \/>\n<meta name=\"twitter:site\" content=\"@GPSLatinAmerica\" \/>\n<meta name=\"twitter:label1\" content=\"Written by\" \/>\n\t<meta name=\"twitter:data1\" content=\"GPS GPS\" \/>\n\t<meta name=\"twitter:label2\" content=\"Estimated reading time\" \/>\n\t<meta name=\"twitter:data2\" content=\"2 minutes\" \/>\n<script type=\"application\/ld+json\" class=\"yoast-schema-graph\">{\"@context\":\"https:\/\/schema.org\",\"@graph\":[{\"@type\":\"Article\",\"@id\":\"https:\/\/grupogpps.org\/martin-fraguio-de-gps-participo-en-la-semana-internacional-de-la-bioenergia\/#article\",\"isPartOf\":{\"@id\":\"https:\/\/grupogpps.org\/martin-fraguio-de-gps-participo-en-la-semana-internacional-de-la-bioenergia\/\"},\"author\":{\"name\":\"GPS GPS\",\"@id\":\"https:\/\/grupogpps.org\/#\/schema\/person\/faaafcd24616dff095821c72659ce41f\"},\"headline\":\"Mart\u00edn Fragu\u00edo de GPS particip\u00f3 en la Semana Internacional de la Bioenerg\u00eda\",\"datePublished\":\"2018-10-19T19:51:29+00:00\",\"dateModified\":\"2021-07-06T12:15:04+00:00\",\"mainEntityOfPage\":{\"@id\":\"https:\/\/grupogpps.org\/martin-fraguio-de-gps-participo-en-la-semana-internacional-de-la-bioenergia\/\"},\"wordCount\":388,\"publisher\":{\"@id\":\"https:\/\/grupogpps.org\/#organization\"},\"image\":{\"@id\":\"https:\/\/grupogpps.org\/martin-fraguio-de-gps-participo-en-la-semana-internacional-de-la-bioenergia\/#primaryimage\"},\"thumbnailUrl\":\"https:\/\/grupogpps.org\/wp-content\/uploads\/2018\/10\/Captura-de-pantalla-2018-10-19-16.49.08.png\",\"articleSection\":[\"Actividades\",\"Home\",\"Novedades\"],\"inLanguage\":\"en-GB\"},{\"@type\":\"WebPage\",\"@id\":\"https:\/\/grupogpps.org\/martin-fraguio-de-gps-participo-en-la-semana-internacional-de-la-bioenergia\/\",\"url\":\"https:\/\/grupogpps.org\/martin-fraguio-de-gps-participo-en-la-semana-internacional-de-la-bioenergia\/\",\"name\":\"Mart\u00edn Fragu\u00edo de GPS particip\u00f3 en la Semana Internacional de la Bioenerg\u00eda - GPS\",\"isPartOf\":{\"@id\":\"https:\/\/grupogpps.org\/#website\"},\"primaryImageOfPage\":{\"@id\":\"https:\/\/grupogpps.org\/martin-fraguio-de-gps-participo-en-la-semana-internacional-de-la-bioenergia\/#primaryimage\"},\"image\":{\"@id\":\"https:\/\/grupogpps.org\/martin-fraguio-de-gps-participo-en-la-semana-internacional-de-la-bioenergia\/#primaryimage\"},\"thumbnailUrl\":\"https:\/\/grupogpps.org\/wp-content\/uploads\/2018\/10\/Captura-de-pantalla-2018-10-19-16.49.08.png\",\"datePublished\":\"2018-10-19T19:51:29+00:00\",\"dateModified\":\"2021-07-06T12:15:04+00:00\",\"breadcrumb\":{\"@id\":\"https:\/\/grupogpps.org\/martin-fraguio-de-gps-participo-en-la-semana-internacional-de-la-bioenergia\/#breadcrumb\"},\"inLanguage\":\"en-GB\",\"potentialAction\":[{\"@type\":\"ReadAction\",\"target\":[\"https:\/\/grupogpps.org\/martin-fraguio-de-gps-participo-en-la-semana-internacional-de-la-bioenergia\/\"]}]},{\"@type\":\"ImageObject\",\"inLanguage\":\"en-GB\",\"@id\":\"https:\/\/grupogpps.org\/martin-fraguio-de-gps-participo-en-la-semana-internacional-de-la-bioenergia\/#primaryimage\",\"url\":\"https:\/\/grupogpps.org\/wp-content\/uploads\/2018\/10\/Captura-de-pantalla-2018-10-19-16.49.08.png\",\"contentUrl\":\"https:\/\/grupogpps.org\/wp-content\/uploads\/2018\/10\/Captura-de-pantalla-2018-10-19-16.49.08.png\",\"width\":623,\"height\":307,\"caption\":\"Mart\u00edn Fragu\u00edo de GPS particip\u00f3 en la Semana Internacional de la Bioenerg\u00eda\"},{\"@type\":\"BreadcrumbList\",\"@id\":\"https:\/\/grupogpps.org\/martin-fraguio-de-gps-participo-en-la-semana-internacional-de-la-bioenergia\/#breadcrumb\",\"itemListElement\":[{\"@type\":\"ListItem\",\"position\":1,\"name\":\"Inicio\",\"item\":\"https:\/\/grupogpps.org\/\"},{\"@type\":\"ListItem\",\"position\":2,\"name\":\"Mart\u00edn Fragu\u00edo de GPS particip\u00f3 en la Semana Internacional de la Bioenerg\u00eda\"}]},{\"@type\":\"WebSite\",\"@id\":\"https:\/\/grupogpps.org\/#website\",\"url\":\"https:\/\/grupogpps.org\/\",\"name\":\"GPS\",\"description\":\"Grupo de pa\u00edses productores del sur\",\"publisher\":{\"@id\":\"https:\/\/grupogpps.org\/#organization\"},\"potentialAction\":[{\"@type\":\"SearchAction\",\"target\":{\"@type\":\"EntryPoint\",\"urlTemplate\":\"https:\/\/grupogpps.org\/?s={search_term_string}\"},\"query-input\":{\"@type\":\"PropertyValueSpecification\",\"valueRequired\":true,\"valueName\":\"search_term_string\"}}],\"inLanguage\":\"en-GB\"},{\"@type\":\"Organization\",\"@id\":\"https:\/\/grupogpps.org\/#organization\",\"name\":\"GPS - Grupo de pa\u00edses productores del sur\",\"url\":\"https:\/\/grupogpps.org\/\",\"logo\":{\"@type\":\"ImageObject\",\"inLanguage\":\"en-GB\",\"@id\":\"https:\/\/grupogpps.org\/#\/schema\/logo\/image\/\",\"url\":\"http:\/\/grupogpps.org\/wp-content\/uploads\/2021\/06\/logoGPS3.svg\",\"contentUrl\":\"http:\/\/grupogpps.org\/wp-content\/uploads\/2021\/06\/logoGPS3.svg\",\"width\":1,\"height\":1,\"caption\":\"GPS - Grupo de pa\u00edses productores del sur\"},\"image\":{\"@id\":\"https:\/\/grupogpps.org\/#\/schema\/logo\/image\/\"},\"sameAs\":[\"https:\/\/www.linkedin.com\/company\/25037162\/\",\"https:\/\/x.com\/GPSLatinAmerica\",\"https:\/\/www.instagram.com\/gpslatin\/\",\"https:\/\/www.youtube.com\/channel\/UCM2Qf0jSqNRJRkqmU8dO9QA\/videos\"]},{\"@type\":\"Person\",\"@id\":\"https:\/\/grupogpps.org\/#\/schema\/person\/faaafcd24616dff095821c72659ce41f\",\"name\":\"GPS GPS\",\"url\":\"https:\/\/grupogpps.org\/en\/author\/gps\/\"}]}<\/script>\n<!-- \/ Yoast SEO plugin. -->","yoast_head_json":{"title":"Mart\u00edn Fragu\u00edo de GPS particip\u00f3 en la Semana Internacional de la Bioenerg\u00eda - GPS","robots":{"index":"index","follow":"follow","max-snippet":"max-snippet:-1","max-image-preview":"max-image-preview:large","max-video-preview":"max-video-preview:-1"},"canonical":"https:\/\/grupogpps.org\/en\/martin-fraguio-de-gps-participo-en-la-semana-internacional-de-la-bioenergia\/","og_locale":"en_GB","og_type":"article","og_title":"Mart\u00edn Fragu\u00edo de GPS particip\u00f3 en la Semana Internacional de la Bioenerg\u00eda - GPS","og_description":"La Semana Internacional de la Bioenerg\u00eda, que se desarroll\u00f3 en Buenos Aires el 16 y 17 de octubre, fue organizado en forma conjunta por la Secretar\u00eda de Gobierno de Agroindustria del Ministerio de Producci\u00f3n y Trabajo, la Secretar\u00eda de Gobierno de Energ\u00eda del Ministerio de Hacienda, la Organizaci\u00f3n de las Naciones Unidas para la Alimentaci\u00f3n [&hellip;]","og_url":"https:\/\/grupogpps.org\/en\/martin-fraguio-de-gps-participo-en-la-semana-internacional-de-la-bioenergia\/","og_site_name":"GPS","article_publisher":"https:\/\/www.linkedin.com\/company\/25037162\/","article_published_time":"2018-10-19T19:51:29+00:00","article_modified_time":"2021-07-06T12:15:04+00:00","og_image":[{"width":623,"height":307,"url":"https:\/\/grupogpps.org\/wp-content\/uploads\/2018\/10\/Captura-de-pantalla-2018-10-19-16.49.08.png","type":"image\/png"}],"author":"GPS GPS","twitter_card":"summary_large_image","twitter_creator":"@GPSLatinAmerica","twitter_site":"@GPSLatinAmerica","twitter_misc":{"Written by":"GPS GPS","Estimated reading time":"2 minutes"},"schema":{"@context":"https:\/\/schema.org","@graph":[{"@type":"Article","@id":"https:\/\/grupogpps.org\/martin-fraguio-de-gps-participo-en-la-semana-internacional-de-la-bioenergia\/#article","isPartOf":{"@id":"https:\/\/grupogpps.org\/martin-fraguio-de-gps-participo-en-la-semana-internacional-de-la-bioenergia\/"},"author":{"name":"GPS GPS","@id":"https:\/\/grupogpps.org\/#\/schema\/person\/faaafcd24616dff095821c72659ce41f"},"headline":"Mart\u00edn Fragu\u00edo de GPS particip\u00f3 en la Semana Internacional de la Bioenerg\u00eda","datePublished":"2018-10-19T19:51:29+00:00","dateModified":"2021-07-06T12:15:04+00:00","mainEntityOfPage":{"@id":"https:\/\/grupogpps.org\/martin-fraguio-de-gps-participo-en-la-semana-internacional-de-la-bioenergia\/"},"wordCount":388,"publisher":{"@id":"https:\/\/grupogpps.org\/#organization"},"image":{"@id":"https:\/\/grupogpps.org\/martin-fraguio-de-gps-participo-en-la-semana-internacional-de-la-bioenergia\/#primaryimage"},"thumbnailUrl":"https:\/\/grupogpps.org\/wp-content\/uploads\/2018\/10\/Captura-de-pantalla-2018-10-19-16.49.08.png","articleSection":["Actividades","Home","Novedades"],"inLanguage":"en-GB"},{"@type":"WebPage","@id":"https:\/\/grupogpps.org\/martin-fraguio-de-gps-participo-en-la-semana-internacional-de-la-bioenergia\/","url":"https:\/\/grupogpps.org\/martin-fraguio-de-gps-participo-en-la-semana-internacional-de-la-bioenergia\/","name":"Mart\u00edn Fragu\u00edo de GPS particip\u00f3 en la Semana Internacional de la Bioenerg\u00eda - GPS","isPartOf":{"@id":"https:\/\/grupogpps.org\/#website"},"primaryImageOfPage":{"@id":"https:\/\/grupogpps.org\/martin-fraguio-de-gps-participo-en-la-semana-internacional-de-la-bioenergia\/#primaryimage"},"image":{"@id":"https:\/\/grupogpps.org\/martin-fraguio-de-gps-participo-en-la-semana-internacional-de-la-bioenergia\/#primaryimage"},"thumbnailUrl":"https:\/\/grupogpps.org\/wp-content\/uploads\/2018\/10\/Captura-de-pantalla-2018-10-19-16.49.08.png","datePublished":"2018-10-19T19:51:29+00:00","dateModified":"2021-07-06T12:15:04+00:00","breadcrumb":{"@id":"https:\/\/grupogpps.org\/martin-fraguio-de-gps-participo-en-la-semana-internacional-de-la-bioenergia\/#breadcrumb"},"inLanguage":"en-GB","potentialAction":[{"@type":"ReadAction","target":["https:\/\/grupogpps.org\/martin-fraguio-de-gps-participo-en-la-semana-internacional-de-la-bioenergia\/"]}]},{"@type":"ImageObject","inLanguage":"en-GB","@id":"https:\/\/grupogpps.org\/martin-fraguio-de-gps-participo-en-la-semana-internacional-de-la-bioenergia\/#primaryimage","url":"https:\/\/grupogpps.org\/wp-content\/uploads\/2018\/10\/Captura-de-pantalla-2018-10-19-16.49.08.png","contentUrl":"https:\/\/grupogpps.org\/wp-content\/uploads\/2018\/10\/Captura-de-pantalla-2018-10-19-16.49.08.png","width":623,"height":307,"caption":"Mart\u00edn Fragu\u00edo de GPS particip\u00f3 en la Semana Internacional de la Bioenerg\u00eda"},{"@type":"BreadcrumbList","@id":"https:\/\/grupogpps.org\/martin-fraguio-de-gps-participo-en-la-semana-internacional-de-la-bioenergia\/#breadcrumb","itemListElement":[{"@type":"ListItem","position":1,"name":"Inicio","item":"https:\/\/grupogpps.org\/"},{"@type":"ListItem","position":2,"name":"Mart\u00edn Fragu\u00edo de GPS particip\u00f3 en la Semana Internacional de la Bioenerg\u00eda"}]},{"@type":"WebSite","@id":"https:\/\/grupogpps.org\/#website","url":"https:\/\/grupogpps.org\/","name":"GPS","description":"Grupo de pa\u00edses productores del sur","publisher":{"@id":"https:\/\/grupogpps.org\/#organization"},"potentialAction":[{"@type":"SearchAction","target":{"@type":"EntryPoint","urlTemplate":"https:\/\/grupogpps.org\/?s={search_term_string}"},"query-input":{"@type":"PropertyValueSpecification","valueRequired":true,"valueName":"search_term_string"}}],"inLanguage":"en-GB"},{"@type":"Organization","@id":"https:\/\/grupogpps.org\/#organization","name":"GPS - Grupo de pa\u00edses productores del sur","url":"https:\/\/grupogpps.org\/","logo":{"@type":"ImageObject","inLanguage":"en-GB","@id":"https:\/\/grupogpps.org\/#\/schema\/logo\/image\/","url":"http:\/\/grupogpps.org\/wp-content\/uploads\/2021\/06\/logoGPS3.svg","contentUrl":"http:\/\/grupogpps.org\/wp-content\/uploads\/2021\/06\/logoGPS3.svg","width":1,"height":1,"caption":"GPS - Grupo de pa\u00edses productores del sur"},"image":{"@id":"https:\/\/grupogpps.org\/#\/schema\/logo\/image\/"},"sameAs":["https:\/\/www.linkedin.com\/company\/25037162\/","https:\/\/x.com\/GPSLatinAmerica","https:\/\/www.instagram.com\/gpslatin\/","https:\/\/www.youtube.com\/channel\/UCM2Qf0jSqNRJRkqmU8dO9QA\/videos"]},{"@type":"Person","@id":"https:\/\/grupogpps.org\/#\/schema\/person\/faaafcd24616dff095821c72659ce41f","name":"GPS GPS","url":"https:\/\/grupogpps.org\/en\/author\/gps\/"}]}},"_links":{"self":[{"href":"https:\/\/grupogpps.org\/en\/wp-json\/wp\/v2\/posts\/2068","targetHints":{"allow":["GET"]}}],"collection":[{"href":"https:\/\/grupogpps.org\/en\/wp-json\/wp\/v2\/posts"}],"about":[{"href":"https:\/\/grupogpps.org\/en\/wp-json\/wp\/v2\/types\/post"}],"author":[{"embeddable":true,"href":"https:\/\/grupogpps.org\/en\/wp-json\/wp\/v2\/users\/2"}],"replies":[{"embeddable":true,"href":"https:\/\/grupogpps.org\/en\/wp-json\/wp\/v2\/comments?post=2068"}],"version-history":[{"count":1,"href":"https:\/\/grupogpps.org\/en\/wp-json\/wp\/v2\/posts\/2068\/revisions"}],"predecessor-version":[{"id":2901,"href":"https:\/\/grupogpps.org\/en\/wp-json\/wp\/v2\/posts\/2068\/revisions\/2901"}],"wp:featuredmedia":[{"embeddable":true,"href":"https:\/\/grupogpps.org\/en\/wp-json\/wp\/v2\/media\/2069"}],"wp:attachment":[{"href":"https:\/\/grupogpps.org\/en\/wp-json\/wp\/v2\/media?parent=2068"}],"wp:term":[{"taxonomy":"category","embeddable":true,"href":"https:\/\/grupogpps.org\/en\/wp-json\/wp\/v2\/categories?post=2068"},{"taxonomy":"post_tag","embeddable":true,"href":"https:\/\/grupogpps.org\/en\/wp-json\/wp\/v2\/tags?post=2068"}],"curies":[{"name":"wp","href":"https:\/\/api.w.org\/{rel}","templated":true}]}}