{"id":2019,"date":"2019-03-25T13:51:32","date_gmt":"2019-03-25T16:51:32","guid":{"rendered":"http:\/\/grupogpps.org\/?p=1406"},"modified":"2021-07-06T08:56:14","modified_gmt":"2021-07-06T11:56:14","slug":"gps-celebro-la-xiv-reunion-del-comite-de-gestion","status":"publish","type":"post","link":"https:\/\/grupogpps.org\/en\/gps-celebro-la-xiv-reunion-del-comite-de-gestion\/","title":{"rendered":"GPS celebr\u00f3 la XIV reuni\u00f3n del Comit\u00e9 de Gesti\u00f3n"},"content":{"rendered":"<p>GPS celebr\u00f3 en el CARI (Buenos Aires) la XIV reuni\u00f3n del Comit\u00e9 de Gesti\u00f3n con representantes de los cuatro pa\u00edses. Por primera vez, la misma se celebr\u00f3 conjuntamente con la XXIV reuni\u00f3n del Foro Institucional Argentino.<\/p>\n\n\n\n<p>Se trataron los principales ejes del Plan de Acci\u00f3n 2019: Geopol\u00edtica de los Alimentos;&nbsp;Inserci\u00f3n Internacional, Comercio e Inversiones;&nbsp;Desarrollo Agroindustrial e Integraci\u00f3n Regional;&nbsp;Desarrollo Sustentable para la Seguridad Alimentaria. &nbsp;Adem\u00e1s, se informaron las acciones que se est\u00e1n desarrollando en la actualidad en funci\u00f3n a los principales pilares de funcionamiento de la red.<\/p>\n\n\n\n<div style=\"height:20px\" aria-hidden=\"true\" class=\"wp-block-spacer\"><\/div>\n\n\n\n<figure class=\"wp-block-gallery aligncenter columns-1 is-cropped wp-block-gallery-1 is-layout-flex wp-block-gallery-is-layout-flex\"><ul class=\"blocks-gallery-grid\"><li class=\"blocks-gallery-item\"><figure><a href=\"http:\/\/grupogpps.org\/wp-content\/uploads\/2021\/07\/comite-2.jpg\"><img loading=\"lazy\" decoding=\"async\" width=\"1024\" height=\"768\" src=\"http:\/\/grupogpps.org\/wp-content\/uploads\/2021\/07\/comite-2.jpg\" alt=\"\" data-id=\"2880\" data-full-url=\"http:\/\/grupogpps.org\/wp-content\/uploads\/2021\/07\/comite-2.jpg\" data-link=\"http:\/\/grupogpps.org\/2019\/03\/25\/gps-celebro-la-xiv-reunion-del-comite-de-gestion\/comite-2\/\" class=\"wp-image-2880\" srcset=\"https:\/\/grupogpps.org\/wp-content\/uploads\/2021\/07\/comite-2.jpg 1024w, https:\/\/grupogpps.org\/wp-content\/uploads\/2021\/07\/comite-2-300x225.jpg 300w, https:\/\/grupogpps.org\/wp-content\/uploads\/2021\/07\/comite-2-768x576.jpg 768w, https:\/\/grupogpps.org\/wp-content\/uploads\/2021\/07\/comite-2-16x12.jpg 16w\" sizes=\"auto, (max-width: 1024px) 100vw, 1024px\" \/><\/a><\/figure><\/li><\/ul><\/figure>","protected":false},"excerpt":{"rendered":"<p>GPS celebr\u00f3 en el CARI (Buenos Aires) la XIV reuni\u00f3n del Comit\u00e9 de Gesti\u00f3n con representantes de los cuatro pa\u00edses. Por primera vez, la misma se celebr\u00f3 conjuntamente con la XXIV reuni\u00f3n del Foro Institucional Argentino. Se trataron los principales ejes del Plan de Acci\u00f3n 2019: Geopol\u00edtica de los Alimentos;&nbsp;Inserci\u00f3n Internacional, Comercio e Inversiones;&nbsp;Desarrollo Agroindustrial [&hellip;]<\/p>","protected":false},"author":2,"featured_media":2021,"comment_status":"closed","ping_status":"closed","sticky":false,"template":"","format":"standard","meta":{"footnotes":""},"categories":[19,25,23],"tags":[],"class_list":["post-2019","post","type-post","status-publish","format-standard","has-post-thumbnail","hentry","category-actividades","category-home","category-novedades"],"yoast_head":"<!-- This site is optimized with the Yoast SEO plugin v26.8 - https:\/\/yoast.com\/product\/yoast-seo-wordpress\/ -->\n<title>GPS celebr\u00f3 la XIV reuni\u00f3n del Comit\u00e9 de Gesti\u00f3n - GPS<\/title>\n<meta name=\"robots\" content=\"index, follow, max-snippet:-1, max-image-preview:large, max-video-preview:-1\" \/>\n<link rel=\"canonical\" href=\"https:\/\/grupogpps.org\/en\/gps-celebro-la-xiv-reunion-del-comite-de-gestion\/\" \/>\n<meta property=\"og:locale\" content=\"en_GB\" \/>\n<meta property=\"og:type\" content=\"article\" \/>\n<meta property=\"og:title\" content=\"GPS celebr\u00f3 la XIV reuni\u00f3n del Comit\u00e9 de Gesti\u00f3n - GPS\" \/>\n<meta property=\"og:description\" content=\"GPS celebr\u00f3 en el CARI (Buenos Aires) la XIV reuni\u00f3n del Comit\u00e9 de Gesti\u00f3n con representantes de los cuatro pa\u00edses. Por primera vez, la misma se celebr\u00f3 conjuntamente con la XXIV reuni\u00f3n del Foro Institucional Argentino. Se trataron los principales ejes del Plan de Acci\u00f3n 2019: Geopol\u00edtica de los Alimentos;&nbsp;Inserci\u00f3n Internacional, Comercio e Inversiones;&nbsp;Desarrollo Agroindustrial [&hellip;]\" \/>\n<meta property=\"og:url\" content=\"https:\/\/grupogpps.org\/en\/gps-celebro-la-xiv-reunion-del-comite-de-gestion\/\" \/>\n<meta property=\"og:site_name\" content=\"GPS\" \/>\n<meta property=\"article:publisher\" content=\"https:\/\/www.linkedin.com\/company\/25037162\/\" \/>\n<meta property=\"article:published_time\" content=\"2019-03-25T16:51:32+00:00\" \/>\n<meta property=\"article:modified_time\" content=\"2021-07-06T11:56:14+00:00\" \/>\n<meta property=\"og:image\" content=\"https:\/\/grupogpps.org\/wp-content\/uploads\/2019\/03\/PHOTO-2019-03-22-09-18-51.jpg\" \/>\n\t<meta property=\"og:image:width\" content=\"1280\" \/>\n\t<meta property=\"og:image:height\" content=\"720\" \/>\n\t<meta property=\"og:image:type\" content=\"image\/jpeg\" \/>\n<meta name=\"author\" content=\"GPS GPS\" \/>\n<meta name=\"twitter:card\" content=\"summary_large_image\" \/>\n<meta name=\"twitter:creator\" content=\"@GPSLatinAmerica\" \/>\n<meta name=\"twitter:site\" content=\"@GPSLatinAmerica\" \/>\n<meta name=\"twitter:label1\" content=\"Written by\" \/>\n\t<meta name=\"twitter:data1\" content=\"GPS GPS\" \/>\n\t<meta name=\"twitter:label2\" content=\"Estimated reading time\" \/>\n\t<meta name=\"twitter:data2\" content=\"1 minute\" \/>\n<script type=\"application\/ld+json\" class=\"yoast-schema-graph\">{\"@context\":\"https:\/\/schema.org\",\"@graph\":[{\"@type\":\"Article\",\"@id\":\"https:\/\/grupogpps.org\/gps-celebro-la-xiv-reunion-del-comite-de-gestion\/#article\",\"isPartOf\":{\"@id\":\"https:\/\/grupogpps.org\/gps-celebro-la-xiv-reunion-del-comite-de-gestion\/\"},\"author\":{\"name\":\"GPS GPS\",\"@id\":\"https:\/\/grupogpps.org\/#\/schema\/person\/faaafcd24616dff095821c72659ce41f\"},\"headline\":\"GPS celebr\u00f3 la XIV reuni\u00f3n del Comit\u00e9 de Gesti\u00f3n\",\"datePublished\":\"2019-03-25T16:51:32+00:00\",\"dateModified\":\"2021-07-06T11:56:14+00:00\",\"mainEntityOfPage\":{\"@id\":\"https:\/\/grupogpps.org\/gps-celebro-la-xiv-reunion-del-comite-de-gestion\/\"},\"wordCount\":114,\"publisher\":{\"@id\":\"https:\/\/grupogpps.org\/#organization\"},\"image\":{\"@id\":\"https:\/\/grupogpps.org\/gps-celebro-la-xiv-reunion-del-comite-de-gestion\/#primaryimage\"},\"thumbnailUrl\":\"https:\/\/grupogpps.org\/wp-content\/uploads\/2019\/03\/PHOTO-2019-03-22-09-18-51.jpg\",\"articleSection\":[\"Actividades\",\"Home\",\"Novedades\"],\"inLanguage\":\"en-GB\"},{\"@type\":\"WebPage\",\"@id\":\"https:\/\/grupogpps.org\/gps-celebro-la-xiv-reunion-del-comite-de-gestion\/\",\"url\":\"https:\/\/grupogpps.org\/gps-celebro-la-xiv-reunion-del-comite-de-gestion\/\",\"name\":\"GPS celebr\u00f3 la XIV reuni\u00f3n del Comit\u00e9 de Gesti\u00f3n - GPS\",\"isPartOf\":{\"@id\":\"https:\/\/grupogpps.org\/#website\"},\"primaryImageOfPage\":{\"@id\":\"https:\/\/grupogpps.org\/gps-celebro-la-xiv-reunion-del-comite-de-gestion\/#primaryimage\"},\"image\":{\"@id\":\"https:\/\/grupogpps.org\/gps-celebro-la-xiv-reunion-del-comite-de-gestion\/#primaryimage\"},\"thumbnailUrl\":\"https:\/\/grupogpps.org\/wp-content\/uploads\/2019\/03\/PHOTO-2019-03-22-09-18-51.jpg\",\"datePublished\":\"2019-03-25T16:51:32+00:00\",\"dateModified\":\"2021-07-06T11:56:14+00:00\",\"breadcrumb\":{\"@id\":\"https:\/\/grupogpps.org\/gps-celebro-la-xiv-reunion-del-comite-de-gestion\/#breadcrumb\"},\"inLanguage\":\"en-GB\",\"potentialAction\":[{\"@type\":\"ReadAction\",\"target\":[\"https:\/\/grupogpps.org\/gps-celebro-la-xiv-reunion-del-comite-de-gestion\/\"]}]},{\"@type\":\"ImageObject\",\"inLanguage\":\"en-GB\",\"@id\":\"https:\/\/grupogpps.org\/gps-celebro-la-xiv-reunion-del-comite-de-gestion\/#primaryimage\",\"url\":\"https:\/\/grupogpps.org\/wp-content\/uploads\/2019\/03\/PHOTO-2019-03-22-09-18-51.jpg\",\"contentUrl\":\"https:\/\/grupogpps.org\/wp-content\/uploads\/2019\/03\/PHOTO-2019-03-22-09-18-51.jpg\",\"width\":1280,\"height\":720,\"caption\":\"GPS celebr\u00f3 la XIV reuni\u00f3n del Comit\u00e9 de Gesti\u00f3n\"},{\"@type\":\"BreadcrumbList\",\"@id\":\"https:\/\/grupogpps.org\/gps-celebro-la-xiv-reunion-del-comite-de-gestion\/#breadcrumb\",\"itemListElement\":[{\"@type\":\"ListItem\",\"position\":1,\"name\":\"Inicio\",\"item\":\"https:\/\/grupogpps.org\/\"},{\"@type\":\"ListItem\",\"position\":2,\"name\":\"GPS celebr\u00f3 la XIV reuni\u00f3n del Comit\u00e9 de Gesti\u00f3n\"}]},{\"@type\":\"WebSite\",\"@id\":\"https:\/\/grupogpps.org\/#website\",\"url\":\"https:\/\/grupogpps.org\/\",\"name\":\"GPS\",\"description\":\"Grupo de pa\u00edses productores del sur\",\"publisher\":{\"@id\":\"https:\/\/grupogpps.org\/#organization\"},\"potentialAction\":[{\"@type\":\"SearchAction\",\"target\":{\"@type\":\"EntryPoint\",\"urlTemplate\":\"https:\/\/grupogpps.org\/?s={search_term_string}\"},\"query-input\":{\"@type\":\"PropertyValueSpecification\",\"valueRequired\":true,\"valueName\":\"search_term_string\"}}],\"inLanguage\":\"en-GB\"},{\"@type\":\"Organization\",\"@id\":\"https:\/\/grupogpps.org\/#organization\",\"name\":\"GPS - Grupo de pa\u00edses productores del sur\",\"url\":\"https:\/\/grupogpps.org\/\",\"logo\":{\"@type\":\"ImageObject\",\"inLanguage\":\"en-GB\",\"@id\":\"https:\/\/grupogpps.org\/#\/schema\/logo\/image\/\",\"url\":\"http:\/\/grupogpps.org\/wp-content\/uploads\/2021\/06\/logoGPS3.svg\",\"contentUrl\":\"http:\/\/grupogpps.org\/wp-content\/uploads\/2021\/06\/logoGPS3.svg\",\"width\":1,\"height\":1,\"caption\":\"GPS - Grupo de pa\u00edses productores del sur\"},\"image\":{\"@id\":\"https:\/\/grupogpps.org\/#\/schema\/logo\/image\/\"},\"sameAs\":[\"https:\/\/www.linkedin.com\/company\/25037162\/\",\"https:\/\/x.com\/GPSLatinAmerica\",\"https:\/\/www.instagram.com\/gpslatin\/\",\"https:\/\/www.youtube.com\/channel\/UCM2Qf0jSqNRJRkqmU8dO9QA\/videos\"]},{\"@type\":\"Person\",\"@id\":\"https:\/\/grupogpps.org\/#\/schema\/person\/faaafcd24616dff095821c72659ce41f\",\"name\":\"GPS GPS\",\"url\":\"https:\/\/grupogpps.org\/en\/author\/gps\/\"}]}<\/script>\n<!-- \/ Yoast SEO plugin. -->","yoast_head_json":{"title":"GPS celebr\u00f3 la XIV reuni\u00f3n del Comit\u00e9 de Gesti\u00f3n - GPS","robots":{"index":"index","follow":"follow","max-snippet":"max-snippet:-1","max-image-preview":"max-image-preview:large","max-video-preview":"max-video-preview:-1"},"canonical":"https:\/\/grupogpps.org\/en\/gps-celebro-la-xiv-reunion-del-comite-de-gestion\/","og_locale":"en_GB","og_type":"article","og_title":"GPS celebr\u00f3 la XIV reuni\u00f3n del Comit\u00e9 de Gesti\u00f3n - GPS","og_description":"GPS celebr\u00f3 en el CARI (Buenos Aires) la XIV reuni\u00f3n del Comit\u00e9 de Gesti\u00f3n con representantes de los cuatro pa\u00edses. Por primera vez, la misma se celebr\u00f3 conjuntamente con la XXIV reuni\u00f3n del Foro Institucional Argentino. Se trataron los principales ejes del Plan de Acci\u00f3n 2019: Geopol\u00edtica de los Alimentos;&nbsp;Inserci\u00f3n Internacional, Comercio e Inversiones;&nbsp;Desarrollo Agroindustrial [&hellip;]","og_url":"https:\/\/grupogpps.org\/en\/gps-celebro-la-xiv-reunion-del-comite-de-gestion\/","og_site_name":"GPS","article_publisher":"https:\/\/www.linkedin.com\/company\/25037162\/","article_published_time":"2019-03-25T16:51:32+00:00","article_modified_time":"2021-07-06T11:56:14+00:00","og_image":[{"width":1280,"height":720,"url":"https:\/\/grupogpps.org\/wp-content\/uploads\/2019\/03\/PHOTO-2019-03-22-09-18-51.jpg","type":"image\/jpeg"}],"author":"GPS GPS","twitter_card":"summary_large_image","twitter_creator":"@GPSLatinAmerica","twitter_site":"@GPSLatinAmerica","twitter_misc":{"Written by":"GPS GPS","Estimated reading time":"1 minute"},"schema":{"@context":"https:\/\/schema.org","@graph":[{"@type":"Article","@id":"https:\/\/grupogpps.org\/gps-celebro-la-xiv-reunion-del-comite-de-gestion\/#article","isPartOf":{"@id":"https:\/\/grupogpps.org\/gps-celebro-la-xiv-reunion-del-comite-de-gestion\/"},"author":{"name":"GPS GPS","@id":"https:\/\/grupogpps.org\/#\/schema\/person\/faaafcd24616dff095821c72659ce41f"},"headline":"GPS celebr\u00f3 la XIV reuni\u00f3n del Comit\u00e9 de Gesti\u00f3n","datePublished":"2019-03-25T16:51:32+00:00","dateModified":"2021-07-06T11:56:14+00:00","mainEntityOfPage":{"@id":"https:\/\/grupogpps.org\/gps-celebro-la-xiv-reunion-del-comite-de-gestion\/"},"wordCount":114,"publisher":{"@id":"https:\/\/grupogpps.org\/#organization"},"image":{"@id":"https:\/\/grupogpps.org\/gps-celebro-la-xiv-reunion-del-comite-de-gestion\/#primaryimage"},"thumbnailUrl":"https:\/\/grupogpps.org\/wp-content\/uploads\/2019\/03\/PHOTO-2019-03-22-09-18-51.jpg","articleSection":["Actividades","Home","Novedades"],"inLanguage":"en-GB"},{"@type":"WebPage","@id":"https:\/\/grupogpps.org\/gps-celebro-la-xiv-reunion-del-comite-de-gestion\/","url":"https:\/\/grupogpps.org\/gps-celebro-la-xiv-reunion-del-comite-de-gestion\/","name":"GPS celebr\u00f3 la XIV reuni\u00f3n del Comit\u00e9 de Gesti\u00f3n - GPS","isPartOf":{"@id":"https:\/\/grupogpps.org\/#website"},"primaryImageOfPage":{"@id":"https:\/\/grupogpps.org\/gps-celebro-la-xiv-reunion-del-comite-de-gestion\/#primaryimage"},"image":{"@id":"https:\/\/grupogpps.org\/gps-celebro-la-xiv-reunion-del-comite-de-gestion\/#primaryimage"},"thumbnailUrl":"https:\/\/grupogpps.org\/wp-content\/uploads\/2019\/03\/PHOTO-2019-03-22-09-18-51.jpg","datePublished":"2019-03-25T16:51:32+00:00","dateModified":"2021-07-06T11:56:14+00:00","breadcrumb":{"@id":"https:\/\/grupogpps.org\/gps-celebro-la-xiv-reunion-del-comite-de-gestion\/#breadcrumb"},"inLanguage":"en-GB","potentialAction":[{"@type":"ReadAction","target":["https:\/\/grupogpps.org\/gps-celebro-la-xiv-reunion-del-comite-de-gestion\/"]}]},{"@type":"ImageObject","inLanguage":"en-GB","@id":"https:\/\/grupogpps.org\/gps-celebro-la-xiv-reunion-del-comite-de-gestion\/#primaryimage","url":"https:\/\/grupogpps.org\/wp-content\/uploads\/2019\/03\/PHOTO-2019-03-22-09-18-51.jpg","contentUrl":"https:\/\/grupogpps.org\/wp-content\/uploads\/2019\/03\/PHOTO-2019-03-22-09-18-51.jpg","width":1280,"height":720,"caption":"GPS celebr\u00f3 la XIV reuni\u00f3n del Comit\u00e9 de Gesti\u00f3n"},{"@type":"BreadcrumbList","@id":"https:\/\/grupogpps.org\/gps-celebro-la-xiv-reunion-del-comite-de-gestion\/#breadcrumb","itemListElement":[{"@type":"ListItem","position":1,"name":"Inicio","item":"https:\/\/grupogpps.org\/"},{"@type":"ListItem","position":2,"name":"GPS celebr\u00f3 la XIV reuni\u00f3n del Comit\u00e9 de Gesti\u00f3n"}]},{"@type":"WebSite","@id":"https:\/\/grupogpps.org\/#website","url":"https:\/\/grupogpps.org\/","name":"GPS","description":"Grupo de pa\u00edses productores del sur","publisher":{"@id":"https:\/\/grupogpps.org\/#organization"},"potentialAction":[{"@type":"SearchAction","target":{"@type":"EntryPoint","urlTemplate":"https:\/\/grupogpps.org\/?s={search_term_string}"},"query-input":{"@type":"PropertyValueSpecification","valueRequired":true,"valueName":"search_term_string"}}],"inLanguage":"en-GB"},{"@type":"Organization","@id":"https:\/\/grupogpps.org\/#organization","name":"GPS - Grupo de pa\u00edses productores del sur","url":"https:\/\/grupogpps.org\/","logo":{"@type":"ImageObject","inLanguage":"en-GB","@id":"https:\/\/grupogpps.org\/#\/schema\/logo\/image\/","url":"http:\/\/grupogpps.org\/wp-content\/uploads\/2021\/06\/logoGPS3.svg","contentUrl":"http:\/\/grupogpps.org\/wp-content\/uploads\/2021\/06\/logoGPS3.svg","width":1,"height":1,"caption":"GPS - Grupo de pa\u00edses productores del sur"},"image":{"@id":"https:\/\/grupogpps.org\/#\/schema\/logo\/image\/"},"sameAs":["https:\/\/www.linkedin.com\/company\/25037162\/","https:\/\/x.com\/GPSLatinAmerica","https:\/\/www.instagram.com\/gpslatin\/","https:\/\/www.youtube.com\/channel\/UCM2Qf0jSqNRJRkqmU8dO9QA\/videos"]},{"@type":"Person","@id":"https:\/\/grupogpps.org\/#\/schema\/person\/faaafcd24616dff095821c72659ce41f","name":"GPS GPS","url":"https:\/\/grupogpps.org\/en\/author\/gps\/"}]}},"_links":{"self":[{"href":"https:\/\/grupogpps.org\/en\/wp-json\/wp\/v2\/posts\/2019","targetHints":{"allow":["GET"]}}],"collection":[{"href":"https:\/\/grupogpps.org\/en\/wp-json\/wp\/v2\/posts"}],"about":[{"href":"https:\/\/grupogpps.org\/en\/wp-json\/wp\/v2\/types\/post"}],"author":[{"embeddable":true,"href":"https:\/\/grupogpps.org\/en\/wp-json\/wp\/v2\/users\/2"}],"replies":[{"embeddable":true,"href":"https:\/\/grupogpps.org\/en\/wp-json\/wp\/v2\/comments?post=2019"}],"version-history":[{"count":1,"href":"https:\/\/grupogpps.org\/en\/wp-json\/wp\/v2\/posts\/2019\/revisions"}],"predecessor-version":[{"id":2881,"href":"https:\/\/grupogpps.org\/en\/wp-json\/wp\/v2\/posts\/2019\/revisions\/2881"}],"wp:featuredmedia":[{"embeddable":true,"href":"https:\/\/grupogpps.org\/en\/wp-json\/wp\/v2\/media\/2021"}],"wp:attachment":[{"href":"https:\/\/grupogpps.org\/en\/wp-json\/wp\/v2\/media?parent=2019"}],"wp:term":[{"taxonomy":"category","embeddable":true,"href":"https:\/\/grupogpps.org\/en\/wp-json\/wp\/v2\/categories?post=2019"},{"taxonomy":"post_tag","embeddable":true,"href":"https:\/\/grupogpps.org\/en\/wp-json\/wp\/v2\/tags?post=2019"}],"curies":[{"name":"wp","href":"https:\/\/api.w.org\/{rel}","templated":true}]}}