{"id":2012,"date":"2019-03-31T11:10:20","date_gmt":"2019-03-31T14:10:20","guid":{"rendered":"http:\/\/grupogpps.org\/?p=1425"},"modified":"2021-07-06T08:53:59","modified_gmt":"2021-07-06T11:53:59","slug":"eduardo-serantes-participo-del-foro-e-ecumenico-social","status":"publish","type":"post","link":"https:\/\/grupogpps.org\/en\/eduardo-serantes-participo-del-foro-e-ecumenico-social\/","title":{"rendered":"Eduardo Serantes particip\u00f3 del Foro E-Ecum\u00e9nico Social"},"content":{"rendered":"<p>Con la tem\u00e1tica \u00ab4\u00aa Revoluci\u00f3n Industrial en Alimentos: \u00e9tica, ecolog\u00eda y negocios\u00bb se celebr\u00f3 el Foro E-Ecum\u00e9nico Social.<\/p>\n\n\n\n<p>El seminario cont\u00f3 con la participaci\u00f3n de Eduardo Serantes, miembro del Comit\u00e9 de Gesti\u00f3n de GPS. &nbsp;Tambi\u00e9n participaron el empresario Gustavo Grobocopatel, presidente del Grupo Los Grobo, &nbsp;Fernando Vilella, Profesor Titular C\u00e1tedra de Agronegocios, Director del Programa de Bioeconom\u00eda, Director del Posgrado en Bionegocios Sostenibles, de la Facultad de Agronom\u00eda, Mart\u00edn Fragu\u00edo, productor, profesor de la Universidad de San Andr\u00e9s, ITBA, UTN, Jorge Etkin, director de la Carrera de Administraci\u00f3n de la FCE \u2013 UBA, y Natalia Hopkins, Gerente de RSE de Glaciar Pesquera.<\/p>\n\n\n\n<p>En su presentaci\u00f3n, Serantes se refiri\u00f3 a la importancia de la Agricultura 4.0 como una cuesti\u00f3n central para el mundo del futuro, si tenemos en cuenta que se va a necesitar el doble de alimentos en el a\u00f1o 2050. Argentina, Brasil Paraguay y Uruguay en conjunto tienen el 30 % de las exportaciones mundiales de alimentos. Argentina produce para 10 veces la poblaci\u00f3n que tiene. La producci\u00f3n en la Argentina, adem\u00e1s de cuidar el medio ambiente (gracias a la siembra directa) en los \u00faltimos a\u00f1os pas\u00f3 de 40 millones de toneladas de granos a un poco m\u00e1s de 100 millones de toneladas actualmente, con una proyecci\u00f3n de 160 millones a alcanzar en poco tiempo. Pero existen barreras para-arancelarias que traban las exportaciones. Se requiere una negociaci\u00f3n con la Organizaci\u00f3n Mundial de Comercio y acuerdos regionales.<\/p>\n\n\n\n<p>En este sentido, Serantes se refiri\u00f3 al trabajo que realiza GPS, aportando a la difusi\u00f3n de este tema, al debate en \u00e1mbitos universitarios, y dialogando con distintos grupos de inter\u00e9s. La antinomia campo versus industria, anacr\u00f3nica, aun sigue vigente en el discurso de pol\u00edticos y tambi\u00e9n en el com\u00fan de la gente.<\/p>\n\n\n\n<div style=\"height:20px\" aria-hidden=\"true\" class=\"wp-block-spacer\"><\/div>\n\n\n\n<figure class=\"wp-block-gallery aligncenter columns-1 is-cropped wp-block-gallery-1 is-layout-flex wp-block-gallery-is-layout-flex\"><ul class=\"blocks-gallery-grid\"><li class=\"blocks-gallery-item\"><figure><a href=\"http:\/\/grupogpps.org\/wp-content\/uploads\/2021\/07\/eduardo.jpg\"><img loading=\"lazy\" decoding=\"async\" width=\"640\" height=\"193\" src=\"http:\/\/grupogpps.org\/wp-content\/uploads\/2021\/07\/eduardo.jpg\" alt=\"\" data-id=\"2878\" data-full-url=\"http:\/\/grupogpps.org\/wp-content\/uploads\/2021\/07\/eduardo.jpg\" data-link=\"http:\/\/grupogpps.org\/2019\/03\/31\/eduardo-serantes-participo-del-foro-e-ecumenico-social\/eduardo\/\" class=\"wp-image-2878\" srcset=\"https:\/\/grupogpps.org\/wp-content\/uploads\/2021\/07\/eduardo.jpg 640w, https:\/\/grupogpps.org\/wp-content\/uploads\/2021\/07\/eduardo-300x90.jpg 300w, https:\/\/grupogpps.org\/wp-content\/uploads\/2021\/07\/eduardo-16x5.jpg 16w\" sizes=\"auto, (max-width: 640px) 100vw, 640px\" \/><\/a><\/figure><\/li><\/ul><\/figure>\n\n\n\n<div style=\"height:20px\" aria-hidden=\"true\" class=\"wp-block-spacer\"><\/div>\n\n\n\n<p>El Foro&nbsp;analiza de qu\u00e9 manera Agricultura 4.0 puede ayudar a la inclusi\u00f3n social, a que se genere trabajo, y a la disminuci\u00f3n de la pobreza en la Argentina y en Latinoam\u00e9rica. Es una contradicci\u00f3n que un pa\u00eds con tanta producci\u00f3n y tanta potencialidad mantenga durante d\u00e9cadas \u00edndices de pobreza cercanos al 30%, con desigualdades y exclusiones importantes.<\/p>\n\n\n\n<p>La 4\u00aa Revoluci\u00f3n Industrial no debe profundizar la cultura del \u201cdescarte\u201d, o sea que aumente el n\u00famero de aquellos que quedan al margen, sino que se debe buscar la manera de incentivar la \u201cfraternidad\u201d, custodiar al hermano (y no como aquellos hombres de campo Cain y Abel).<\/p>\n\n\n\n<p>La agricultura actual est\u00e1 afectada por un dilema \u00e9tico: \u00bfc\u00f3mo alimentar a cerca de 10 mil millones de personas en 2050 garantizando la sostenibilidad.? &nbsp; Este debate abre m\u00faltiples aristas: el medio ambiente, la contradicci\u00f3n entre el desperdicio de alimentos (que es cercano al 40% de la producci\u00f3n) con la existencia de 850 millones de personas desnutridas y la preservaci\u00f3n de la biodiversidad de especies animales y vegetales, evitando el riesgo de la sexta extinci\u00f3n mundial en masa (luego de 100 mil a\u00f1os del \u00faltimo evento semejante).<\/p>","protected":false},"excerpt":{"rendered":"<p>Con la tem\u00e1tica \u00ab4\u00aa Revoluci\u00f3n Industrial en Alimentos: \u00e9tica, ecolog\u00eda y negocios\u00bb se celebr\u00f3 el Foro E-Ecum\u00e9nico Social. El seminario cont\u00f3 con la participaci\u00f3n de Eduardo Serantes, miembro del Comit\u00e9 de Gesti\u00f3n de GPS. &nbsp;Tambi\u00e9n participaron el empresario Gustavo Grobocopatel, presidente del Grupo Los Grobo, &nbsp;Fernando Vilella, Profesor Titular C\u00e1tedra de Agronegocios, Director del Programa [&hellip;]<\/p>","protected":false},"author":2,"featured_media":2014,"comment_status":"closed","ping_status":"closed","sticky":false,"template":"","format":"standard","meta":{"footnotes":""},"categories":[19,25,23],"tags":[],"class_list":["post-2012","post","type-post","status-publish","format-standard","has-post-thumbnail","hentry","category-actividades","category-home","category-novedades"],"yoast_head":"<!-- This site is optimized with the Yoast SEO plugin v26.8 - https:\/\/yoast.com\/product\/yoast-seo-wordpress\/ -->\n<title>Eduardo Serantes particip\u00f3 del Foro E-Ecum\u00e9nico Social - GPS<\/title>\n<meta name=\"robots\" content=\"index, follow, max-snippet:-1, max-image-preview:large, max-video-preview:-1\" \/>\n<link rel=\"canonical\" href=\"https:\/\/grupogpps.org\/en\/eduardo-serantes-participo-del-foro-e-ecumenico-social\/\" \/>\n<meta property=\"og:locale\" content=\"en_GB\" \/>\n<meta property=\"og:type\" content=\"article\" \/>\n<meta property=\"og:title\" content=\"Eduardo Serantes particip\u00f3 del Foro E-Ecum\u00e9nico Social - GPS\" \/>\n<meta property=\"og:description\" content=\"Con la tem\u00e1tica \u00ab4\u00aa Revoluci\u00f3n Industrial en Alimentos: \u00e9tica, ecolog\u00eda y negocios\u00bb se celebr\u00f3 el Foro E-Ecum\u00e9nico Social. El seminario cont\u00f3 con la participaci\u00f3n de Eduardo Serantes, miembro del Comit\u00e9 de Gesti\u00f3n de GPS. &nbsp;Tambi\u00e9n participaron el empresario Gustavo Grobocopatel, presidente del Grupo Los Grobo, &nbsp;Fernando Vilella, Profesor Titular C\u00e1tedra de Agronegocios, Director del Programa [&hellip;]\" \/>\n<meta property=\"og:url\" content=\"https:\/\/grupogpps.org\/en\/eduardo-serantes-participo-del-foro-e-ecumenico-social\/\" \/>\n<meta property=\"og:site_name\" content=\"GPS\" \/>\n<meta property=\"article:publisher\" content=\"https:\/\/www.linkedin.com\/company\/25037162\/\" \/>\n<meta property=\"article:published_time\" content=\"2019-03-31T14:10:20+00:00\" \/>\n<meta property=\"article:modified_time\" content=\"2021-07-06T11:53:59+00:00\" \/>\n<meta property=\"og:image\" content=\"https:\/\/grupogpps.org\/wp-content\/uploads\/2019\/03\/33611953948_bc4513cfac_z.jpg\" \/>\n\t<meta property=\"og:image:width\" content=\"622\" \/>\n\t<meta property=\"og:image:height\" content=\"640\" \/>\n\t<meta property=\"og:image:type\" content=\"image\/jpeg\" \/>\n<meta name=\"author\" content=\"GPS GPS\" \/>\n<meta name=\"twitter:card\" content=\"summary_large_image\" \/>\n<meta name=\"twitter:creator\" content=\"@GPSLatinAmerica\" \/>\n<meta name=\"twitter:site\" content=\"@GPSLatinAmerica\" \/>\n<meta name=\"twitter:label1\" content=\"Written by\" \/>\n\t<meta name=\"twitter:data1\" content=\"GPS GPS\" \/>\n\t<meta name=\"twitter:label2\" content=\"Estimated reading time\" \/>\n\t<meta name=\"twitter:data2\" content=\"3 minutes\" \/>\n<script type=\"application\/ld+json\" class=\"yoast-schema-graph\">{\"@context\":\"https:\/\/schema.org\",\"@graph\":[{\"@type\":\"Article\",\"@id\":\"https:\/\/grupogpps.org\/en\/eduardo-serantes-participo-del-foro-e-ecumenico-social\/#article\",\"isPartOf\":{\"@id\":\"https:\/\/grupogpps.org\/en\/eduardo-serantes-participo-del-foro-e-ecumenico-social\/\"},\"author\":{\"name\":\"GPS GPS\",\"@id\":\"https:\/\/grupogpps.org\/#\/schema\/person\/faaafcd24616dff095821c72659ce41f\"},\"headline\":\"Eduardo Serantes particip\u00f3 del Foro E-Ecum\u00e9nico Social\",\"datePublished\":\"2019-03-31T14:10:20+00:00\",\"dateModified\":\"2021-07-06T11:53:59+00:00\",\"mainEntityOfPage\":{\"@id\":\"https:\/\/grupogpps.org\/en\/eduardo-serantes-participo-del-foro-e-ecumenico-social\/\"},\"wordCount\":521,\"publisher\":{\"@id\":\"https:\/\/grupogpps.org\/#organization\"},\"image\":{\"@id\":\"https:\/\/grupogpps.org\/en\/eduardo-serantes-participo-del-foro-e-ecumenico-social\/#primaryimage\"},\"thumbnailUrl\":\"https:\/\/grupogpps.org\/wp-content\/uploads\/2019\/03\/33611953948_bc4513cfac_z.jpg\",\"articleSection\":[\"Actividades\",\"Home\",\"Novedades\"],\"inLanguage\":\"en-GB\"},{\"@type\":\"WebPage\",\"@id\":\"https:\/\/grupogpps.org\/en\/eduardo-serantes-participo-del-foro-e-ecumenico-social\/\",\"url\":\"https:\/\/grupogpps.org\/en\/eduardo-serantes-participo-del-foro-e-ecumenico-social\/\",\"name\":\"Eduardo Serantes particip\u00f3 del Foro E-Ecum\u00e9nico Social - GPS\",\"isPartOf\":{\"@id\":\"https:\/\/grupogpps.org\/#website\"},\"primaryImageOfPage\":{\"@id\":\"https:\/\/grupogpps.org\/en\/eduardo-serantes-participo-del-foro-e-ecumenico-social\/#primaryimage\"},\"image\":{\"@id\":\"https:\/\/grupogpps.org\/en\/eduardo-serantes-participo-del-foro-e-ecumenico-social\/#primaryimage\"},\"thumbnailUrl\":\"https:\/\/grupogpps.org\/wp-content\/uploads\/2019\/03\/33611953948_bc4513cfac_z.jpg\",\"datePublished\":\"2019-03-31T14:10:20+00:00\",\"dateModified\":\"2021-07-06T11:53:59+00:00\",\"breadcrumb\":{\"@id\":\"https:\/\/grupogpps.org\/en\/eduardo-serantes-participo-del-foro-e-ecumenico-social\/#breadcrumb\"},\"inLanguage\":\"en-GB\",\"potentialAction\":[{\"@type\":\"ReadAction\",\"target\":[\"https:\/\/grupogpps.org\/en\/eduardo-serantes-participo-del-foro-e-ecumenico-social\/\"]}]},{\"@type\":\"ImageObject\",\"inLanguage\":\"en-GB\",\"@id\":\"https:\/\/grupogpps.org\/en\/eduardo-serantes-participo-del-foro-e-ecumenico-social\/#primaryimage\",\"url\":\"https:\/\/grupogpps.org\/wp-content\/uploads\/2019\/03\/33611953948_bc4513cfac_z.jpg\",\"contentUrl\":\"https:\/\/grupogpps.org\/wp-content\/uploads\/2019\/03\/33611953948_bc4513cfac_z.jpg\",\"width\":622,\"height\":640,\"caption\":\"Eduardo Serantes particip\u00f3 del Foro E-Ecum\u00e9nico Social\"},{\"@type\":\"BreadcrumbList\",\"@id\":\"https:\/\/grupogpps.org\/en\/eduardo-serantes-participo-del-foro-e-ecumenico-social\/#breadcrumb\",\"itemListElement\":[{\"@type\":\"ListItem\",\"position\":1,\"name\":\"Inicio\",\"item\":\"https:\/\/grupogpps.org\/\"},{\"@type\":\"ListItem\",\"position\":2,\"name\":\"Eduardo Serantes particip\u00f3 del Foro E-Ecum\u00e9nico Social\"}]},{\"@type\":\"WebSite\",\"@id\":\"https:\/\/grupogpps.org\/#website\",\"url\":\"https:\/\/grupogpps.org\/\",\"name\":\"GPS\",\"description\":\"Grupo de pa\u00edses productores del sur\",\"publisher\":{\"@id\":\"https:\/\/grupogpps.org\/#organization\"},\"potentialAction\":[{\"@type\":\"SearchAction\",\"target\":{\"@type\":\"EntryPoint\",\"urlTemplate\":\"https:\/\/grupogpps.org\/?s={search_term_string}\"},\"query-input\":{\"@type\":\"PropertyValueSpecification\",\"valueRequired\":true,\"valueName\":\"search_term_string\"}}],\"inLanguage\":\"en-GB\"},{\"@type\":\"Organization\",\"@id\":\"https:\/\/grupogpps.org\/#organization\",\"name\":\"GPS - Grupo de pa\u00edses productores del sur\",\"url\":\"https:\/\/grupogpps.org\/\",\"logo\":{\"@type\":\"ImageObject\",\"inLanguage\":\"en-GB\",\"@id\":\"https:\/\/grupogpps.org\/#\/schema\/logo\/image\/\",\"url\":\"http:\/\/grupogpps.org\/wp-content\/uploads\/2021\/06\/logoGPS3.svg\",\"contentUrl\":\"http:\/\/grupogpps.org\/wp-content\/uploads\/2021\/06\/logoGPS3.svg\",\"width\":1,\"height\":1,\"caption\":\"GPS - Grupo de pa\u00edses productores del sur\"},\"image\":{\"@id\":\"https:\/\/grupogpps.org\/#\/schema\/logo\/image\/\"},\"sameAs\":[\"https:\/\/www.linkedin.com\/company\/25037162\/\",\"https:\/\/x.com\/GPSLatinAmerica\",\"https:\/\/www.instagram.com\/gpslatin\/\",\"https:\/\/www.youtube.com\/channel\/UCM2Qf0jSqNRJRkqmU8dO9QA\/videos\"]},{\"@type\":\"Person\",\"@id\":\"https:\/\/grupogpps.org\/#\/schema\/person\/faaafcd24616dff095821c72659ce41f\",\"name\":\"GPS GPS\",\"url\":\"https:\/\/grupogpps.org\/en\/author\/gps\/\"}]}<\/script>\n<!-- \/ Yoast SEO plugin. -->","yoast_head_json":{"title":"Eduardo Serantes particip\u00f3 del Foro E-Ecum\u00e9nico Social - GPS","robots":{"index":"index","follow":"follow","max-snippet":"max-snippet:-1","max-image-preview":"max-image-preview:large","max-video-preview":"max-video-preview:-1"},"canonical":"https:\/\/grupogpps.org\/en\/eduardo-serantes-participo-del-foro-e-ecumenico-social\/","og_locale":"en_GB","og_type":"article","og_title":"Eduardo Serantes particip\u00f3 del Foro E-Ecum\u00e9nico Social - GPS","og_description":"Con la tem\u00e1tica \u00ab4\u00aa Revoluci\u00f3n Industrial en Alimentos: \u00e9tica, ecolog\u00eda y negocios\u00bb se celebr\u00f3 el Foro E-Ecum\u00e9nico Social. El seminario cont\u00f3 con la participaci\u00f3n de Eduardo Serantes, miembro del Comit\u00e9 de Gesti\u00f3n de GPS. &nbsp;Tambi\u00e9n participaron el empresario Gustavo Grobocopatel, presidente del Grupo Los Grobo, &nbsp;Fernando Vilella, Profesor Titular C\u00e1tedra de Agronegocios, Director del Programa [&hellip;]","og_url":"https:\/\/grupogpps.org\/en\/eduardo-serantes-participo-del-foro-e-ecumenico-social\/","og_site_name":"GPS","article_publisher":"https:\/\/www.linkedin.com\/company\/25037162\/","article_published_time":"2019-03-31T14:10:20+00:00","article_modified_time":"2021-07-06T11:53:59+00:00","og_image":[{"width":622,"height":640,"url":"https:\/\/grupogpps.org\/wp-content\/uploads\/2019\/03\/33611953948_bc4513cfac_z.jpg","type":"image\/jpeg"}],"author":"GPS GPS","twitter_card":"summary_large_image","twitter_creator":"@GPSLatinAmerica","twitter_site":"@GPSLatinAmerica","twitter_misc":{"Written by":"GPS GPS","Estimated reading time":"3 minutes"},"schema":{"@context":"https:\/\/schema.org","@graph":[{"@type":"Article","@id":"https:\/\/grupogpps.org\/en\/eduardo-serantes-participo-del-foro-e-ecumenico-social\/#article","isPartOf":{"@id":"https:\/\/grupogpps.org\/en\/eduardo-serantes-participo-del-foro-e-ecumenico-social\/"},"author":{"name":"GPS GPS","@id":"https:\/\/grupogpps.org\/#\/schema\/person\/faaafcd24616dff095821c72659ce41f"},"headline":"Eduardo Serantes particip\u00f3 del Foro E-Ecum\u00e9nico Social","datePublished":"2019-03-31T14:10:20+00:00","dateModified":"2021-07-06T11:53:59+00:00","mainEntityOfPage":{"@id":"https:\/\/grupogpps.org\/en\/eduardo-serantes-participo-del-foro-e-ecumenico-social\/"},"wordCount":521,"publisher":{"@id":"https:\/\/grupogpps.org\/#organization"},"image":{"@id":"https:\/\/grupogpps.org\/en\/eduardo-serantes-participo-del-foro-e-ecumenico-social\/#primaryimage"},"thumbnailUrl":"https:\/\/grupogpps.org\/wp-content\/uploads\/2019\/03\/33611953948_bc4513cfac_z.jpg","articleSection":["Actividades","Home","Novedades"],"inLanguage":"en-GB"},{"@type":"WebPage","@id":"https:\/\/grupogpps.org\/en\/eduardo-serantes-participo-del-foro-e-ecumenico-social\/","url":"https:\/\/grupogpps.org\/en\/eduardo-serantes-participo-del-foro-e-ecumenico-social\/","name":"Eduardo Serantes particip\u00f3 del Foro E-Ecum\u00e9nico Social - GPS","isPartOf":{"@id":"https:\/\/grupogpps.org\/#website"},"primaryImageOfPage":{"@id":"https:\/\/grupogpps.org\/en\/eduardo-serantes-participo-del-foro-e-ecumenico-social\/#primaryimage"},"image":{"@id":"https:\/\/grupogpps.org\/en\/eduardo-serantes-participo-del-foro-e-ecumenico-social\/#primaryimage"},"thumbnailUrl":"https:\/\/grupogpps.org\/wp-content\/uploads\/2019\/03\/33611953948_bc4513cfac_z.jpg","datePublished":"2019-03-31T14:10:20+00:00","dateModified":"2021-07-06T11:53:59+00:00","breadcrumb":{"@id":"https:\/\/grupogpps.org\/en\/eduardo-serantes-participo-del-foro-e-ecumenico-social\/#breadcrumb"},"inLanguage":"en-GB","potentialAction":[{"@type":"ReadAction","target":["https:\/\/grupogpps.org\/en\/eduardo-serantes-participo-del-foro-e-ecumenico-social\/"]}]},{"@type":"ImageObject","inLanguage":"en-GB","@id":"https:\/\/grupogpps.org\/en\/eduardo-serantes-participo-del-foro-e-ecumenico-social\/#primaryimage","url":"https:\/\/grupogpps.org\/wp-content\/uploads\/2019\/03\/33611953948_bc4513cfac_z.jpg","contentUrl":"https:\/\/grupogpps.org\/wp-content\/uploads\/2019\/03\/33611953948_bc4513cfac_z.jpg","width":622,"height":640,"caption":"Eduardo Serantes particip\u00f3 del Foro E-Ecum\u00e9nico Social"},{"@type":"BreadcrumbList","@id":"https:\/\/grupogpps.org\/en\/eduardo-serantes-participo-del-foro-e-ecumenico-social\/#breadcrumb","itemListElement":[{"@type":"ListItem","position":1,"name":"Inicio","item":"https:\/\/grupogpps.org\/"},{"@type":"ListItem","position":2,"name":"Eduardo Serantes particip\u00f3 del Foro E-Ecum\u00e9nico Social"}]},{"@type":"WebSite","@id":"https:\/\/grupogpps.org\/#website","url":"https:\/\/grupogpps.org\/","name":"GPS","description":"Grupo de pa\u00edses productores del sur","publisher":{"@id":"https:\/\/grupogpps.org\/#organization"},"potentialAction":[{"@type":"SearchAction","target":{"@type":"EntryPoint","urlTemplate":"https:\/\/grupogpps.org\/?s={search_term_string}"},"query-input":{"@type":"PropertyValueSpecification","valueRequired":true,"valueName":"search_term_string"}}],"inLanguage":"en-GB"},{"@type":"Organization","@id":"https:\/\/grupogpps.org\/#organization","name":"GPS - Grupo de pa\u00edses productores del sur","url":"https:\/\/grupogpps.org\/","logo":{"@type":"ImageObject","inLanguage":"en-GB","@id":"https:\/\/grupogpps.org\/#\/schema\/logo\/image\/","url":"http:\/\/grupogpps.org\/wp-content\/uploads\/2021\/06\/logoGPS3.svg","contentUrl":"http:\/\/grupogpps.org\/wp-content\/uploads\/2021\/06\/logoGPS3.svg","width":1,"height":1,"caption":"GPS - Grupo de pa\u00edses productores del sur"},"image":{"@id":"https:\/\/grupogpps.org\/#\/schema\/logo\/image\/"},"sameAs":["https:\/\/www.linkedin.com\/company\/25037162\/","https:\/\/x.com\/GPSLatinAmerica","https:\/\/www.instagram.com\/gpslatin\/","https:\/\/www.youtube.com\/channel\/UCM2Qf0jSqNRJRkqmU8dO9QA\/videos"]},{"@type":"Person","@id":"https:\/\/grupogpps.org\/#\/schema\/person\/faaafcd24616dff095821c72659ce41f","name":"GPS GPS","url":"https:\/\/grupogpps.org\/en\/author\/gps\/"}]}},"_links":{"self":[{"href":"https:\/\/grupogpps.org\/en\/wp-json\/wp\/v2\/posts\/2012","targetHints":{"allow":["GET"]}}],"collection":[{"href":"https:\/\/grupogpps.org\/en\/wp-json\/wp\/v2\/posts"}],"about":[{"href":"https:\/\/grupogpps.org\/en\/wp-json\/wp\/v2\/types\/post"}],"author":[{"embeddable":true,"href":"https:\/\/grupogpps.org\/en\/wp-json\/wp\/v2\/users\/2"}],"replies":[{"embeddable":true,"href":"https:\/\/grupogpps.org\/en\/wp-json\/wp\/v2\/comments?post=2012"}],"version-history":[{"count":1,"href":"https:\/\/grupogpps.org\/en\/wp-json\/wp\/v2\/posts\/2012\/revisions"}],"predecessor-version":[{"id":2879,"href":"https:\/\/grupogpps.org\/en\/wp-json\/wp\/v2\/posts\/2012\/revisions\/2879"}],"wp:featuredmedia":[{"embeddable":true,"href":"https:\/\/grupogpps.org\/en\/wp-json\/wp\/v2\/media\/2014"}],"wp:attachment":[{"href":"https:\/\/grupogpps.org\/en\/wp-json\/wp\/v2\/media?parent=2012"}],"wp:term":[{"taxonomy":"category","embeddable":true,"href":"https:\/\/grupogpps.org\/en\/wp-json\/wp\/v2\/categories?post=2012"},{"taxonomy":"post_tag","embeddable":true,"href":"https:\/\/grupogpps.org\/en\/wp-json\/wp\/v2\/tags?post=2012"}],"curies":[{"name":"wp","href":"https:\/\/api.w.org\/{rel}","templated":true}]}}