{"id":2000,"date":"2019-05-17T12:58:08","date_gmt":"2019-05-17T15:58:08","guid":{"rendered":"http:\/\/grupogpps.org\/?p=1483"},"modified":"2021-07-06T08:44:26","modified_gmt":"2021-07-06T11:44:26","slug":"el-foro-uruguay-de-gps-celebra-su-iii-retiro-en-la-baguala","status":"publish","type":"post","link":"https:\/\/grupogpps.org\/en\/el-foro-uruguay-de-gps-celebra-su-iii-retiro-en-la-baguala\/","title":{"rendered":"El Foro Uruguay de GPS celebr\u00f3 su III Retiro en La Baguala"},"content":{"rendered":"<p>Con una nutrida concurrencia y transmisi\u00f3n en vivo con formato webinar, el Foro Institucional de GPS Uruguay celebr\u00f3, el viernes 17\/5, su III Retiro en La Baguala. &nbsp;El t\u00edtulo de la jornada fue \u00abProducci\u00f3n agropecuaria sostenible y geopol\u00edtica de los alimentos\u00bb.<\/p>\n\n\n\n<p>Durante la ma\u00f1ana, Ernesto Viglizzo y Eduardo Serantes de GPS Argentina, se refirieron a la producci\u00f3n agropecuaria y su relaci\u00f3n con la seguridad alimentaria y el impacto ambiental, con moderaci\u00f3n de Mar\u00eda Noel Sanguinetti (ACA) y comentarios de Daniela Alfaro (MGAP). &nbsp;Luego Guillermo Valles Galmes (GPS Uruguay) expuso sobre Geopol\u00edtica de los alimentos con moderaci\u00f3n de Teresa Aishemberg y comentarios de Alejandra Sarquis.<\/p>\n\n\n\n<div style=\"height:20px\" aria-hidden=\"true\" class=\"wp-block-spacer\"><\/div>\n\n\n\n<figure class=\"wp-block-gallery columns-3 is-cropped wp-block-gallery-1 is-layout-flex wp-block-gallery-is-layout-flex\"><ul class=\"blocks-gallery-grid\"><li class=\"blocks-gallery-item\"><figure><a href=\"http:\/\/grupogpps.org\/wp-content\/uploads\/2021\/07\/III-Retiro-en-La-Baguala-2.jpg\"><img loading=\"lazy\" decoding=\"async\" width=\"1024\" height=\"768\" src=\"http:\/\/grupogpps.org\/wp-content\/uploads\/2021\/07\/III-Retiro-en-La-Baguala-2.jpg\" alt=\"\" data-id=\"2865\" data-full-url=\"http:\/\/grupogpps.org\/wp-content\/uploads\/2021\/07\/III-Retiro-en-La-Baguala-2.jpg\" data-link=\"http:\/\/grupogpps.org\/2019\/05\/17\/el-foro-uruguay-de-gps-celebra-su-iii-retiro-en-la-baguala\/iii-retiro-en-la-baguala-2\/\" class=\"wp-image-2865\" srcset=\"https:\/\/grupogpps.org\/wp-content\/uploads\/2021\/07\/III-Retiro-en-La-Baguala-2.jpg 1024w, https:\/\/grupogpps.org\/wp-content\/uploads\/2021\/07\/III-Retiro-en-La-Baguala-2-300x225.jpg 300w, https:\/\/grupogpps.org\/wp-content\/uploads\/2021\/07\/III-Retiro-en-La-Baguala-2-768x576.jpg 768w, https:\/\/grupogpps.org\/wp-content\/uploads\/2021\/07\/III-Retiro-en-La-Baguala-2-16x12.jpg 16w\" sizes=\"auto, (max-width: 1024px) 100vw, 1024px\" \/><\/a><\/figure><\/li><li class=\"blocks-gallery-item\"><figure><a href=\"http:\/\/grupogpps.org\/wp-content\/uploads\/2021\/07\/III-Retiro-en-La-Baguala-1.jpg\"><img loading=\"lazy\" decoding=\"async\" width=\"1024\" height=\"768\" src=\"http:\/\/grupogpps.org\/wp-content\/uploads\/2021\/07\/III-Retiro-en-La-Baguala-1.jpg\" alt=\"\" data-id=\"2866\" data-full-url=\"http:\/\/grupogpps.org\/wp-content\/uploads\/2021\/07\/III-Retiro-en-La-Baguala-1.jpg\" data-link=\"http:\/\/grupogpps.org\/2019\/05\/17\/el-foro-uruguay-de-gps-celebra-su-iii-retiro-en-la-baguala\/iii-retiro-en-la-baguala-1\/\" class=\"wp-image-2866\" srcset=\"https:\/\/grupogpps.org\/wp-content\/uploads\/2021\/07\/III-Retiro-en-La-Baguala-1.jpg 1024w, https:\/\/grupogpps.org\/wp-content\/uploads\/2021\/07\/III-Retiro-en-La-Baguala-1-300x225.jpg 300w, https:\/\/grupogpps.org\/wp-content\/uploads\/2021\/07\/III-Retiro-en-La-Baguala-1-768x576.jpg 768w, https:\/\/grupogpps.org\/wp-content\/uploads\/2021\/07\/III-Retiro-en-La-Baguala-1-16x12.jpg 16w\" sizes=\"auto, (max-width: 1024px) 100vw, 1024px\" \/><\/a><\/figure><\/li><li class=\"blocks-gallery-item\"><figure><a href=\"http:\/\/grupogpps.org\/wp-content\/uploads\/2021\/07\/III-Retiro-en-La-Baguala-4.jpg\"><img loading=\"lazy\" decoding=\"async\" width=\"768\" height=\"1024\" src=\"http:\/\/grupogpps.org\/wp-content\/uploads\/2021\/07\/III-Retiro-en-La-Baguala-4.jpg\" alt=\"\" data-id=\"2863\" data-full-url=\"http:\/\/grupogpps.org\/wp-content\/uploads\/2021\/07\/III-Retiro-en-La-Baguala-4.jpg\" data-link=\"http:\/\/grupogpps.org\/2019\/05\/17\/el-foro-uruguay-de-gps-celebra-su-iii-retiro-en-la-baguala\/iii-retiro-en-la-baguala-4\/\" class=\"wp-image-2863\" srcset=\"https:\/\/grupogpps.org\/wp-content\/uploads\/2021\/07\/III-Retiro-en-La-Baguala-4.jpg 768w, https:\/\/grupogpps.org\/wp-content\/uploads\/2021\/07\/III-Retiro-en-La-Baguala-4-225x300.jpg 225w, https:\/\/grupogpps.org\/wp-content\/uploads\/2021\/07\/III-Retiro-en-La-Baguala-4-9x12.jpg 9w\" sizes=\"auto, (max-width: 768px) 100vw, 768px\" \/><\/a><\/figure><\/li><\/ul><\/figure>\n\n\n\n<div style=\"height:20px\" aria-hidden=\"true\" class=\"wp-block-spacer\"><\/div>\n\n\n\n<p>Por la tarde, Gustavo Id\u00edgoras (GPS Argentina), acompa\u00f1ado por Juan de la Fuente y Victoria Carballo, de GPS Uruguay, se refiri\u00f3 a la cooperaci\u00f3n fitosanitaria regional en soja. &nbsp;Y Patricia Damiani (GPS Uruguay) y Horacio S\u00e1nchez Caballero (GPS Argentina) reflexionaron sobre el rol y la actividad de la red y su paso de think tank a action tank.<\/p>\n\n\n\n<p>La actividad cont\u00f3 con la participaci\u00f3n de representantes de las instituciones miembros del foro as\u00ed como con destacados invitados e instituciones afines.<\/p>\n\n\n\n<div style=\"height:30px\" aria-hidden=\"true\" class=\"wp-block-spacer\"><\/div>\n\n\n\n<div class=\"wp-block-buttons is-content-justification-center is-layout-flex wp-block-buttons-is-layout-flex\">\n<div class=\"wp-block-button\"><a class=\"wp-block-button__link\" href=\"http:\/\/grupogpps.org\/wp-content\/uploads\/2021\/07\/BAGUALA-3.pdf\" target=\"_blank\" rel=\"noreferrer noopener\">Descargar G. Valles<\/a><\/div>\n\n\n\n<div class=\"wp-block-button\"><a class=\"wp-block-button__link\" href=\"http:\/\/grupogpps.org\/wp-content\/uploads\/2021\/07\/Montevideo-Viglizzo-.pdf\" target=\"_blank\" rel=\"noreferrer noopener\">Descargar E. Viglizzo<\/a><\/div>\n<\/div>","protected":false},"excerpt":{"rendered":"<p>Con una nutrida concurrencia y transmisi\u00f3n en vivo con formato webinar, el Foro Institucional de GPS Uruguay celebr\u00f3, el viernes 17\/5, su III Retiro en La Baguala. &nbsp;El t\u00edtulo de la jornada fue \u00abProducci\u00f3n agropecuaria sostenible y geopol\u00edtica de los alimentos\u00bb. Durante la ma\u00f1ana, Ernesto Viglizzo y Eduardo Serantes de GPS Argentina, se refirieron a [&hellip;]<\/p>","protected":false},"author":2,"featured_media":2001,"comment_status":"closed","ping_status":"closed","sticky":false,"template":"","format":"standard","meta":{"footnotes":""},"categories":[19,25,23],"tags":[],"class_list":["post-2000","post","type-post","status-publish","format-standard","has-post-thumbnail","hentry","category-actividades","category-home","category-novedades"],"yoast_head":"<!-- This site is optimized with the Yoast SEO plugin v26.8 - https:\/\/yoast.com\/product\/yoast-seo-wordpress\/ -->\n<title>El Foro Uruguay de GPS celebr\u00f3 su III Retiro en La Baguala - GPS<\/title>\n<meta name=\"robots\" content=\"index, follow, max-snippet:-1, max-image-preview:large, max-video-preview:-1\" \/>\n<link rel=\"canonical\" href=\"https:\/\/grupogpps.org\/en\/el-foro-uruguay-de-gps-celebra-su-iii-retiro-en-la-baguala\/\" \/>\n<meta property=\"og:locale\" content=\"en_GB\" \/>\n<meta property=\"og:type\" content=\"article\" \/>\n<meta property=\"og:title\" content=\"El Foro Uruguay de GPS celebr\u00f3 su III Retiro en La Baguala - GPS\" \/>\n<meta property=\"og:description\" content=\"Con una nutrida concurrencia y transmisi\u00f3n en vivo con formato webinar, el Foro Institucional de GPS Uruguay celebr\u00f3, el viernes 17\/5, su III Retiro en La Baguala. &nbsp;El t\u00edtulo de la jornada fue \u00abProducci\u00f3n agropecuaria sostenible y geopol\u00edtica de los alimentos\u00bb. Durante la ma\u00f1ana, Ernesto Viglizzo y Eduardo Serantes de GPS Argentina, se refirieron a [&hellip;]\" \/>\n<meta property=\"og:url\" content=\"https:\/\/grupogpps.org\/en\/el-foro-uruguay-de-gps-celebra-su-iii-retiro-en-la-baguala\/\" \/>\n<meta property=\"og:site_name\" content=\"GPS\" \/>\n<meta property=\"article:publisher\" content=\"https:\/\/www.linkedin.com\/company\/25037162\/\" \/>\n<meta property=\"article:published_time\" content=\"2019-05-17T15:58:08+00:00\" \/>\n<meta property=\"article:modified_time\" content=\"2021-07-06T11:44:26+00:00\" \/>\n<meta property=\"og:image\" content=\"https:\/\/grupogpps.org\/wp-content\/uploads\/2019\/05\/5942b25b-18b4-436b-ae3a-b119ccc9dd7a.jpg\" \/>\n\t<meta property=\"og:image:width\" content=\"1600\" \/>\n\t<meta property=\"og:image:height\" content=\"1200\" \/>\n\t<meta property=\"og:image:type\" content=\"image\/jpeg\" \/>\n<meta name=\"author\" content=\"GPS GPS\" \/>\n<meta name=\"twitter:card\" content=\"summary_large_image\" \/>\n<meta name=\"twitter:creator\" content=\"@GPSLatinAmerica\" \/>\n<meta name=\"twitter:site\" content=\"@GPSLatinAmerica\" \/>\n<meta name=\"twitter:label1\" content=\"Written by\" \/>\n\t<meta name=\"twitter:data1\" content=\"GPS GPS\" \/>\n\t<meta name=\"twitter:label2\" content=\"Estimated reading time\" \/>\n\t<meta name=\"twitter:data2\" content=\"1 minute\" \/>\n<script type=\"application\/ld+json\" class=\"yoast-schema-graph\">{\"@context\":\"https:\/\/schema.org\",\"@graph\":[{\"@type\":\"Article\",\"@id\":\"https:\/\/grupogpps.org\/el-foro-uruguay-de-gps-celebra-su-iii-retiro-en-la-baguala\/#article\",\"isPartOf\":{\"@id\":\"https:\/\/grupogpps.org\/el-foro-uruguay-de-gps-celebra-su-iii-retiro-en-la-baguala\/\"},\"author\":{\"name\":\"GPS GPS\",\"@id\":\"https:\/\/grupogpps.org\/#\/schema\/person\/faaafcd24616dff095821c72659ce41f\"},\"headline\":\"El Foro Uruguay de GPS celebr\u00f3 su III Retiro en La Baguala\",\"datePublished\":\"2019-05-17T15:58:08+00:00\",\"dateModified\":\"2021-07-06T11:44:26+00:00\",\"mainEntityOfPage\":{\"@id\":\"https:\/\/grupogpps.org\/el-foro-uruguay-de-gps-celebra-su-iii-retiro-en-la-baguala\/\"},\"wordCount\":220,\"publisher\":{\"@id\":\"https:\/\/grupogpps.org\/#organization\"},\"image\":{\"@id\":\"https:\/\/grupogpps.org\/el-foro-uruguay-de-gps-celebra-su-iii-retiro-en-la-baguala\/#primaryimage\"},\"thumbnailUrl\":\"https:\/\/grupogpps.org\/wp-content\/uploads\/2019\/05\/5942b25b-18b4-436b-ae3a-b119ccc9dd7a.jpg\",\"articleSection\":[\"Actividades\",\"Home\",\"Novedades\"],\"inLanguage\":\"en-GB\"},{\"@type\":\"WebPage\",\"@id\":\"https:\/\/grupogpps.org\/el-foro-uruguay-de-gps-celebra-su-iii-retiro-en-la-baguala\/\",\"url\":\"https:\/\/grupogpps.org\/el-foro-uruguay-de-gps-celebra-su-iii-retiro-en-la-baguala\/\",\"name\":\"El Foro Uruguay de GPS celebr\u00f3 su III Retiro en La Baguala - GPS\",\"isPartOf\":{\"@id\":\"https:\/\/grupogpps.org\/#website\"},\"primaryImageOfPage\":{\"@id\":\"https:\/\/grupogpps.org\/el-foro-uruguay-de-gps-celebra-su-iii-retiro-en-la-baguala\/#primaryimage\"},\"image\":{\"@id\":\"https:\/\/grupogpps.org\/el-foro-uruguay-de-gps-celebra-su-iii-retiro-en-la-baguala\/#primaryimage\"},\"thumbnailUrl\":\"https:\/\/grupogpps.org\/wp-content\/uploads\/2019\/05\/5942b25b-18b4-436b-ae3a-b119ccc9dd7a.jpg\",\"datePublished\":\"2019-05-17T15:58:08+00:00\",\"dateModified\":\"2021-07-06T11:44:26+00:00\",\"breadcrumb\":{\"@id\":\"https:\/\/grupogpps.org\/el-foro-uruguay-de-gps-celebra-su-iii-retiro-en-la-baguala\/#breadcrumb\"},\"inLanguage\":\"en-GB\",\"potentialAction\":[{\"@type\":\"ReadAction\",\"target\":[\"https:\/\/grupogpps.org\/el-foro-uruguay-de-gps-celebra-su-iii-retiro-en-la-baguala\/\"]}]},{\"@type\":\"ImageObject\",\"inLanguage\":\"en-GB\",\"@id\":\"https:\/\/grupogpps.org\/el-foro-uruguay-de-gps-celebra-su-iii-retiro-en-la-baguala\/#primaryimage\",\"url\":\"https:\/\/grupogpps.org\/wp-content\/uploads\/2019\/05\/5942b25b-18b4-436b-ae3a-b119ccc9dd7a.jpg\",\"contentUrl\":\"https:\/\/grupogpps.org\/wp-content\/uploads\/2019\/05\/5942b25b-18b4-436b-ae3a-b119ccc9dd7a.jpg\",\"width\":1600,\"height\":1200,\"caption\":\"El Foro Uruguay de GPS celebr\u00f3 su III Retiro en La Baguala\"},{\"@type\":\"BreadcrumbList\",\"@id\":\"https:\/\/grupogpps.org\/el-foro-uruguay-de-gps-celebra-su-iii-retiro-en-la-baguala\/#breadcrumb\",\"itemListElement\":[{\"@type\":\"ListItem\",\"position\":1,\"name\":\"Inicio\",\"item\":\"https:\/\/grupogpps.org\/\"},{\"@type\":\"ListItem\",\"position\":2,\"name\":\"El Foro Uruguay de GPS celebr\u00f3 su III Retiro en La Baguala\"}]},{\"@type\":\"WebSite\",\"@id\":\"https:\/\/grupogpps.org\/#website\",\"url\":\"https:\/\/grupogpps.org\/\",\"name\":\"GPS\",\"description\":\"Grupo de pa\u00edses productores del sur\",\"publisher\":{\"@id\":\"https:\/\/grupogpps.org\/#organization\"},\"potentialAction\":[{\"@type\":\"SearchAction\",\"target\":{\"@type\":\"EntryPoint\",\"urlTemplate\":\"https:\/\/grupogpps.org\/?s={search_term_string}\"},\"query-input\":{\"@type\":\"PropertyValueSpecification\",\"valueRequired\":true,\"valueName\":\"search_term_string\"}}],\"inLanguage\":\"en-GB\"},{\"@type\":\"Organization\",\"@id\":\"https:\/\/grupogpps.org\/#organization\",\"name\":\"GPS - Grupo de pa\u00edses productores del sur\",\"url\":\"https:\/\/grupogpps.org\/\",\"logo\":{\"@type\":\"ImageObject\",\"inLanguage\":\"en-GB\",\"@id\":\"https:\/\/grupogpps.org\/#\/schema\/logo\/image\/\",\"url\":\"http:\/\/grupogpps.org\/wp-content\/uploads\/2021\/06\/logoGPS3.svg\",\"contentUrl\":\"http:\/\/grupogpps.org\/wp-content\/uploads\/2021\/06\/logoGPS3.svg\",\"width\":1,\"height\":1,\"caption\":\"GPS - Grupo de pa\u00edses productores del sur\"},\"image\":{\"@id\":\"https:\/\/grupogpps.org\/#\/schema\/logo\/image\/\"},\"sameAs\":[\"https:\/\/www.linkedin.com\/company\/25037162\/\",\"https:\/\/x.com\/GPSLatinAmerica\",\"https:\/\/www.instagram.com\/gpslatin\/\",\"https:\/\/www.youtube.com\/channel\/UCM2Qf0jSqNRJRkqmU8dO9QA\/videos\"]},{\"@type\":\"Person\",\"@id\":\"https:\/\/grupogpps.org\/#\/schema\/person\/faaafcd24616dff095821c72659ce41f\",\"name\":\"GPS GPS\",\"url\":\"https:\/\/grupogpps.org\/en\/author\/gps\/\"}]}<\/script>\n<!-- \/ Yoast SEO plugin. -->","yoast_head_json":{"title":"El Foro Uruguay de GPS celebr\u00f3 su III Retiro en La Baguala - GPS","robots":{"index":"index","follow":"follow","max-snippet":"max-snippet:-1","max-image-preview":"max-image-preview:large","max-video-preview":"max-video-preview:-1"},"canonical":"https:\/\/grupogpps.org\/en\/el-foro-uruguay-de-gps-celebra-su-iii-retiro-en-la-baguala\/","og_locale":"en_GB","og_type":"article","og_title":"El Foro Uruguay de GPS celebr\u00f3 su III Retiro en La Baguala - GPS","og_description":"Con una nutrida concurrencia y transmisi\u00f3n en vivo con formato webinar, el Foro Institucional de GPS Uruguay celebr\u00f3, el viernes 17\/5, su III Retiro en La Baguala. &nbsp;El t\u00edtulo de la jornada fue \u00abProducci\u00f3n agropecuaria sostenible y geopol\u00edtica de los alimentos\u00bb. Durante la ma\u00f1ana, Ernesto Viglizzo y Eduardo Serantes de GPS Argentina, se refirieron a [&hellip;]","og_url":"https:\/\/grupogpps.org\/en\/el-foro-uruguay-de-gps-celebra-su-iii-retiro-en-la-baguala\/","og_site_name":"GPS","article_publisher":"https:\/\/www.linkedin.com\/company\/25037162\/","article_published_time":"2019-05-17T15:58:08+00:00","article_modified_time":"2021-07-06T11:44:26+00:00","og_image":[{"width":1600,"height":1200,"url":"https:\/\/grupogpps.org\/wp-content\/uploads\/2019\/05\/5942b25b-18b4-436b-ae3a-b119ccc9dd7a.jpg","type":"image\/jpeg"}],"author":"GPS GPS","twitter_card":"summary_large_image","twitter_creator":"@GPSLatinAmerica","twitter_site":"@GPSLatinAmerica","twitter_misc":{"Written by":"GPS GPS","Estimated reading time":"1 minute"},"schema":{"@context":"https:\/\/schema.org","@graph":[{"@type":"Article","@id":"https:\/\/grupogpps.org\/el-foro-uruguay-de-gps-celebra-su-iii-retiro-en-la-baguala\/#article","isPartOf":{"@id":"https:\/\/grupogpps.org\/el-foro-uruguay-de-gps-celebra-su-iii-retiro-en-la-baguala\/"},"author":{"name":"GPS GPS","@id":"https:\/\/grupogpps.org\/#\/schema\/person\/faaafcd24616dff095821c72659ce41f"},"headline":"El Foro Uruguay de GPS celebr\u00f3 su III Retiro en La Baguala","datePublished":"2019-05-17T15:58:08+00:00","dateModified":"2021-07-06T11:44:26+00:00","mainEntityOfPage":{"@id":"https:\/\/grupogpps.org\/el-foro-uruguay-de-gps-celebra-su-iii-retiro-en-la-baguala\/"},"wordCount":220,"publisher":{"@id":"https:\/\/grupogpps.org\/#organization"},"image":{"@id":"https:\/\/grupogpps.org\/el-foro-uruguay-de-gps-celebra-su-iii-retiro-en-la-baguala\/#primaryimage"},"thumbnailUrl":"https:\/\/grupogpps.org\/wp-content\/uploads\/2019\/05\/5942b25b-18b4-436b-ae3a-b119ccc9dd7a.jpg","articleSection":["Actividades","Home","Novedades"],"inLanguage":"en-GB"},{"@type":"WebPage","@id":"https:\/\/grupogpps.org\/el-foro-uruguay-de-gps-celebra-su-iii-retiro-en-la-baguala\/","url":"https:\/\/grupogpps.org\/el-foro-uruguay-de-gps-celebra-su-iii-retiro-en-la-baguala\/","name":"El Foro Uruguay de GPS celebr\u00f3 su III Retiro en La Baguala - GPS","isPartOf":{"@id":"https:\/\/grupogpps.org\/#website"},"primaryImageOfPage":{"@id":"https:\/\/grupogpps.org\/el-foro-uruguay-de-gps-celebra-su-iii-retiro-en-la-baguala\/#primaryimage"},"image":{"@id":"https:\/\/grupogpps.org\/el-foro-uruguay-de-gps-celebra-su-iii-retiro-en-la-baguala\/#primaryimage"},"thumbnailUrl":"https:\/\/grupogpps.org\/wp-content\/uploads\/2019\/05\/5942b25b-18b4-436b-ae3a-b119ccc9dd7a.jpg","datePublished":"2019-05-17T15:58:08+00:00","dateModified":"2021-07-06T11:44:26+00:00","breadcrumb":{"@id":"https:\/\/grupogpps.org\/el-foro-uruguay-de-gps-celebra-su-iii-retiro-en-la-baguala\/#breadcrumb"},"inLanguage":"en-GB","potentialAction":[{"@type":"ReadAction","target":["https:\/\/grupogpps.org\/el-foro-uruguay-de-gps-celebra-su-iii-retiro-en-la-baguala\/"]}]},{"@type":"ImageObject","inLanguage":"en-GB","@id":"https:\/\/grupogpps.org\/el-foro-uruguay-de-gps-celebra-su-iii-retiro-en-la-baguala\/#primaryimage","url":"https:\/\/grupogpps.org\/wp-content\/uploads\/2019\/05\/5942b25b-18b4-436b-ae3a-b119ccc9dd7a.jpg","contentUrl":"https:\/\/grupogpps.org\/wp-content\/uploads\/2019\/05\/5942b25b-18b4-436b-ae3a-b119ccc9dd7a.jpg","width":1600,"height":1200,"caption":"El Foro Uruguay de GPS celebr\u00f3 su III Retiro en La Baguala"},{"@type":"BreadcrumbList","@id":"https:\/\/grupogpps.org\/el-foro-uruguay-de-gps-celebra-su-iii-retiro-en-la-baguala\/#breadcrumb","itemListElement":[{"@type":"ListItem","position":1,"name":"Inicio","item":"https:\/\/grupogpps.org\/"},{"@type":"ListItem","position":2,"name":"El Foro Uruguay de GPS celebr\u00f3 su III Retiro en La Baguala"}]},{"@type":"WebSite","@id":"https:\/\/grupogpps.org\/#website","url":"https:\/\/grupogpps.org\/","name":"GPS","description":"Grupo de pa\u00edses productores del sur","publisher":{"@id":"https:\/\/grupogpps.org\/#organization"},"potentialAction":[{"@type":"SearchAction","target":{"@type":"EntryPoint","urlTemplate":"https:\/\/grupogpps.org\/?s={search_term_string}"},"query-input":{"@type":"PropertyValueSpecification","valueRequired":true,"valueName":"search_term_string"}}],"inLanguage":"en-GB"},{"@type":"Organization","@id":"https:\/\/grupogpps.org\/#organization","name":"GPS - Grupo de pa\u00edses productores del sur","url":"https:\/\/grupogpps.org\/","logo":{"@type":"ImageObject","inLanguage":"en-GB","@id":"https:\/\/grupogpps.org\/#\/schema\/logo\/image\/","url":"http:\/\/grupogpps.org\/wp-content\/uploads\/2021\/06\/logoGPS3.svg","contentUrl":"http:\/\/grupogpps.org\/wp-content\/uploads\/2021\/06\/logoGPS3.svg","width":1,"height":1,"caption":"GPS - Grupo de pa\u00edses productores del sur"},"image":{"@id":"https:\/\/grupogpps.org\/#\/schema\/logo\/image\/"},"sameAs":["https:\/\/www.linkedin.com\/company\/25037162\/","https:\/\/x.com\/GPSLatinAmerica","https:\/\/www.instagram.com\/gpslatin\/","https:\/\/www.youtube.com\/channel\/UCM2Qf0jSqNRJRkqmU8dO9QA\/videos"]},{"@type":"Person","@id":"https:\/\/grupogpps.org\/#\/schema\/person\/faaafcd24616dff095821c72659ce41f","name":"GPS GPS","url":"https:\/\/grupogpps.org\/en\/author\/gps\/"}]}},"_links":{"self":[{"href":"https:\/\/grupogpps.org\/en\/wp-json\/wp\/v2\/posts\/2000","targetHints":{"allow":["GET"]}}],"collection":[{"href":"https:\/\/grupogpps.org\/en\/wp-json\/wp\/v2\/posts"}],"about":[{"href":"https:\/\/grupogpps.org\/en\/wp-json\/wp\/v2\/types\/post"}],"author":[{"embeddable":true,"href":"https:\/\/grupogpps.org\/en\/wp-json\/wp\/v2\/users\/2"}],"replies":[{"embeddable":true,"href":"https:\/\/grupogpps.org\/en\/wp-json\/wp\/v2\/comments?post=2000"}],"version-history":[{"count":2,"href":"https:\/\/grupogpps.org\/en\/wp-json\/wp\/v2\/posts\/2000\/revisions"}],"predecessor-version":[{"id":2869,"href":"https:\/\/grupogpps.org\/en\/wp-json\/wp\/v2\/posts\/2000\/revisions\/2869"}],"wp:featuredmedia":[{"embeddable":true,"href":"https:\/\/grupogpps.org\/en\/wp-json\/wp\/v2\/media\/2001"}],"wp:attachment":[{"href":"https:\/\/grupogpps.org\/en\/wp-json\/wp\/v2\/media?parent=2000"}],"wp:term":[{"taxonomy":"category","embeddable":true,"href":"https:\/\/grupogpps.org\/en\/wp-json\/wp\/v2\/categories?post=2000"},{"taxonomy":"post_tag","embeddable":true,"href":"https:\/\/grupogpps.org\/en\/wp-json\/wp\/v2\/tags?post=2000"}],"curies":[{"name":"wp","href":"https:\/\/api.w.org\/{rel}","templated":true}]}}