{"id":1963,"date":"2019-07-17T14:32:43","date_gmt":"2019-07-17T17:32:43","guid":{"rendered":"http:\/\/grupogpps.org\/?p=1601"},"modified":"2021-07-06T07:51:04","modified_gmt":"2021-07-06T10:51:04","slug":"gps-participo-del-latin-america-sustainable-beef-vision-summit","status":"publish","type":"post","link":"https:\/\/grupogpps.org\/en\/gps-participo-del-latin-america-sustainable-beef-vision-summit\/","title":{"rendered":"GPS particip\u00f3 del Latin America Sustainable Beef Vision Summit"},"content":{"rendered":"<p>Florencia Ricard y Mart\u00edn Fragu\u00edo representaron a GPS en la Latin America Sustainable Beef Summit que se realiz\u00f3 en Sao Paulo entre el 1o y el 12 de julio. &nbsp;El evento fue organizado por la Global Rountable for Sustainable Beef (<a href=\"https:\/\/grsbeef.org\" target=\"_blank\" rel=\"noopener\">GRSB<\/a>) una organizaci\u00f3n global compuesta de los sectores productores, comercializadores, procesadores, organizaciones de la sociedad civil y mesas redondas regionales y nacionales vinculadas al sector c\u00e1rnico, que promueven y difunden la producci\u00f3n sustentable.<\/p>\n\n\n\n<p>All\u00ed Florencia Ricard se refiri\u00f3 a la relaci\u00f3n entre producci\u00f3n agropecuaria y cambio clim\u00e1tico y Mart\u00edn Fragu\u00edo se centr\u00f3 en la importancia de construcci\u00f3n de consensos en torno a la agenda clim\u00e1tica y, en particular, en relaci\u00f3n a la COP.<\/p>\n\n\n\n<p>Las presentaciones de todos los disertantes pueden bajarse del <a href=\"https:\/\/grsbeef.org\/page-1861953\" target=\"_blank\" rel=\"noopener\">sitio de la conferencia<\/a>.<\/p>\n\n\n\n<div style=\"height:30px\" aria-hidden=\"true\" class=\"wp-block-spacer\"><\/div>\n\n\n\n<div class=\"wp-block-buttons is-content-justification-center is-layout-flex wp-block-buttons-is-layout-flex\">\n<div class=\"wp-block-button\"><a class=\"wp-block-button__link\" href=\"http:\/\/grupogpps.org\/wp-content\/uploads\/2021\/07\/01-GHG-Maria-Florencia-Ricard-10-07-2019.pdf\" target=\"_blank\" rel=\"noreferrer noopener\">Bajar F. Ricard<\/a><\/div>\n\n\n\n<div class=\"wp-block-button\"><a class=\"wp-block-button__link\" href=\"http:\/\/grupogpps.org\/wp-content\/uploads\/2021\/07\/02-GPS-Consensus-for-COP25-GRSBSustainble-Beef-Summit-Brazil-Martin-Fraguio-2019.pdf\" target=\"_blank\" rel=\"noreferrer noopener\">Bajar M. Fragu\u00edo<\/a><\/div>\n<\/div>","protected":false},"excerpt":{"rendered":"<p>Florencia Ricard y Mart\u00edn Fragu\u00edo representaron a GPS en la Latin America Sustainable Beef Summit que se realiz\u00f3 en Sao Paulo entre el 1o y el 12 de julio. &nbsp;El evento fue organizado por la Global Rountable for Sustainable Beef (GRSB) una organizaci\u00f3n global compuesta de los sectores productores, comercializadores, procesadores, organizaciones de la sociedad [&hellip;]<\/p>","protected":false},"author":2,"featured_media":1964,"comment_status":"closed","ping_status":"closed","sticky":false,"template":"","format":"standard","meta":{"footnotes":""},"categories":[19,25,23],"tags":[],"class_list":["post-1963","post","type-post","status-publish","format-standard","has-post-thumbnail","hentry","category-actividades","category-home","category-novedades"],"yoast_head":"<!-- This site is optimized with the Yoast SEO plugin v26.8 - https:\/\/yoast.com\/product\/yoast-seo-wordpress\/ -->\n<title>GPS particip\u00f3 del Latin America Sustainable Beef Vision Summit - GPS<\/title>\n<meta name=\"robots\" content=\"index, follow, max-snippet:-1, max-image-preview:large, max-video-preview:-1\" \/>\n<link rel=\"canonical\" href=\"https:\/\/grupogpps.org\/en\/gps-participo-del-latin-america-sustainable-beef-vision-summit\/\" \/>\n<meta property=\"og:locale\" content=\"en_GB\" \/>\n<meta property=\"og:type\" content=\"article\" \/>\n<meta property=\"og:title\" content=\"GPS particip\u00f3 del Latin America Sustainable Beef Vision Summit - GPS\" \/>\n<meta property=\"og:description\" content=\"Florencia Ricard y Mart\u00edn Fragu\u00edo representaron a GPS en la Latin America Sustainable Beef Summit que se realiz\u00f3 en Sao Paulo entre el 1o y el 12 de julio. &nbsp;El evento fue organizado por la Global Rountable for Sustainable Beef (GRSB) una organizaci\u00f3n global compuesta de los sectores productores, comercializadores, procesadores, organizaciones de la sociedad [&hellip;]\" \/>\n<meta property=\"og:url\" content=\"https:\/\/grupogpps.org\/en\/gps-participo-del-latin-america-sustainable-beef-vision-summit\/\" \/>\n<meta property=\"og:site_name\" content=\"GPS\" \/>\n<meta property=\"article:publisher\" content=\"https:\/\/www.linkedin.com\/company\/25037162\/\" \/>\n<meta property=\"article:published_time\" content=\"2019-07-17T17:32:43+00:00\" \/>\n<meta property=\"article:modified_time\" content=\"2021-07-06T10:51:04+00:00\" \/>\n<meta property=\"og:image\" content=\"https:\/\/grupogpps.org\/wp-content\/uploads\/2019\/07\/Captura-de-pantalla-2019-07-17-14.30.44.png\" \/>\n\t<meta property=\"og:image:width\" content=\"803\" \/>\n\t<meta property=\"og:image:height\" content=\"548\" \/>\n\t<meta property=\"og:image:type\" content=\"image\/png\" \/>\n<meta name=\"author\" content=\"GPS GPS\" \/>\n<meta name=\"twitter:card\" content=\"summary_large_image\" \/>\n<meta name=\"twitter:creator\" content=\"@GPSLatinAmerica\" \/>\n<meta name=\"twitter:site\" content=\"@GPSLatinAmerica\" \/>\n<meta name=\"twitter:label1\" content=\"Written by\" \/>\n\t<meta name=\"twitter:data1\" content=\"GPS GPS\" \/>\n\t<meta name=\"twitter:label2\" content=\"Estimated reading time\" \/>\n\t<meta name=\"twitter:data2\" content=\"1 minute\" \/>\n<script type=\"application\/ld+json\" class=\"yoast-schema-graph\">{\"@context\":\"https:\/\/schema.org\",\"@graph\":[{\"@type\":\"Article\",\"@id\":\"https:\/\/grupogpps.org\/gps-participo-del-latin-america-sustainable-beef-vision-summit\/#article\",\"isPartOf\":{\"@id\":\"https:\/\/grupogpps.org\/gps-participo-del-latin-america-sustainable-beef-vision-summit\/\"},\"author\":{\"name\":\"GPS GPS\",\"@id\":\"https:\/\/grupogpps.org\/#\/schema\/person\/faaafcd24616dff095821c72659ce41f\"},\"headline\":\"GPS particip\u00f3 del Latin America Sustainable Beef Vision Summit\",\"datePublished\":\"2019-07-17T17:32:43+00:00\",\"dateModified\":\"2021-07-06T10:51:04+00:00\",\"mainEntityOfPage\":{\"@id\":\"https:\/\/grupogpps.org\/gps-participo-del-latin-america-sustainable-beef-vision-summit\/\"},\"wordCount\":155,\"publisher\":{\"@id\":\"https:\/\/grupogpps.org\/#organization\"},\"image\":{\"@id\":\"https:\/\/grupogpps.org\/gps-participo-del-latin-america-sustainable-beef-vision-summit\/#primaryimage\"},\"thumbnailUrl\":\"https:\/\/grupogpps.org\/wp-content\/uploads\/2019\/07\/Captura-de-pantalla-2019-07-17-14.30.44.png\",\"articleSection\":[\"Actividades\",\"Home\",\"Novedades\"],\"inLanguage\":\"en-GB\"},{\"@type\":\"WebPage\",\"@id\":\"https:\/\/grupogpps.org\/gps-participo-del-latin-america-sustainable-beef-vision-summit\/\",\"url\":\"https:\/\/grupogpps.org\/gps-participo-del-latin-america-sustainable-beef-vision-summit\/\",\"name\":\"GPS particip\u00f3 del Latin America Sustainable Beef Vision Summit - GPS\",\"isPartOf\":{\"@id\":\"https:\/\/grupogpps.org\/#website\"},\"primaryImageOfPage\":{\"@id\":\"https:\/\/grupogpps.org\/gps-participo-del-latin-america-sustainable-beef-vision-summit\/#primaryimage\"},\"image\":{\"@id\":\"https:\/\/grupogpps.org\/gps-participo-del-latin-america-sustainable-beef-vision-summit\/#primaryimage\"},\"thumbnailUrl\":\"https:\/\/grupogpps.org\/wp-content\/uploads\/2019\/07\/Captura-de-pantalla-2019-07-17-14.30.44.png\",\"datePublished\":\"2019-07-17T17:32:43+00:00\",\"dateModified\":\"2021-07-06T10:51:04+00:00\",\"breadcrumb\":{\"@id\":\"https:\/\/grupogpps.org\/gps-participo-del-latin-america-sustainable-beef-vision-summit\/#breadcrumb\"},\"inLanguage\":\"en-GB\",\"potentialAction\":[{\"@type\":\"ReadAction\",\"target\":[\"https:\/\/grupogpps.org\/gps-participo-del-latin-america-sustainable-beef-vision-summit\/\"]}]},{\"@type\":\"ImageObject\",\"inLanguage\":\"en-GB\",\"@id\":\"https:\/\/grupogpps.org\/gps-participo-del-latin-america-sustainable-beef-vision-summit\/#primaryimage\",\"url\":\"https:\/\/grupogpps.org\/wp-content\/uploads\/2019\/07\/Captura-de-pantalla-2019-07-17-14.30.44.png\",\"contentUrl\":\"https:\/\/grupogpps.org\/wp-content\/uploads\/2019\/07\/Captura-de-pantalla-2019-07-17-14.30.44.png\",\"width\":803,\"height\":548,\"caption\":\"GPS particip\u00f3 del Latin America Sustainable Beef Vision Summit\"},{\"@type\":\"BreadcrumbList\",\"@id\":\"https:\/\/grupogpps.org\/gps-participo-del-latin-america-sustainable-beef-vision-summit\/#breadcrumb\",\"itemListElement\":[{\"@type\":\"ListItem\",\"position\":1,\"name\":\"Inicio\",\"item\":\"https:\/\/grupogpps.org\/\"},{\"@type\":\"ListItem\",\"position\":2,\"name\":\"GPS particip\u00f3 del Latin America Sustainable Beef Vision Summit\"}]},{\"@type\":\"WebSite\",\"@id\":\"https:\/\/grupogpps.org\/#website\",\"url\":\"https:\/\/grupogpps.org\/\",\"name\":\"GPS\",\"description\":\"Grupo de pa\u00edses productores del sur\",\"publisher\":{\"@id\":\"https:\/\/grupogpps.org\/#organization\"},\"potentialAction\":[{\"@type\":\"SearchAction\",\"target\":{\"@type\":\"EntryPoint\",\"urlTemplate\":\"https:\/\/grupogpps.org\/?s={search_term_string}\"},\"query-input\":{\"@type\":\"PropertyValueSpecification\",\"valueRequired\":true,\"valueName\":\"search_term_string\"}}],\"inLanguage\":\"en-GB\"},{\"@type\":\"Organization\",\"@id\":\"https:\/\/grupogpps.org\/#organization\",\"name\":\"GPS - Grupo de pa\u00edses productores del sur\",\"url\":\"https:\/\/grupogpps.org\/\",\"logo\":{\"@type\":\"ImageObject\",\"inLanguage\":\"en-GB\",\"@id\":\"https:\/\/grupogpps.org\/#\/schema\/logo\/image\/\",\"url\":\"http:\/\/grupogpps.org\/wp-content\/uploads\/2021\/06\/logoGPS3.svg\",\"contentUrl\":\"http:\/\/grupogpps.org\/wp-content\/uploads\/2021\/06\/logoGPS3.svg\",\"width\":1,\"height\":1,\"caption\":\"GPS - Grupo de pa\u00edses productores del sur\"},\"image\":{\"@id\":\"https:\/\/grupogpps.org\/#\/schema\/logo\/image\/\"},\"sameAs\":[\"https:\/\/www.linkedin.com\/company\/25037162\/\",\"https:\/\/x.com\/GPSLatinAmerica\",\"https:\/\/www.instagram.com\/gpslatin\/\",\"https:\/\/www.youtube.com\/channel\/UCM2Qf0jSqNRJRkqmU8dO9QA\/videos\"]},{\"@type\":\"Person\",\"@id\":\"https:\/\/grupogpps.org\/#\/schema\/person\/faaafcd24616dff095821c72659ce41f\",\"name\":\"GPS GPS\",\"url\":\"https:\/\/grupogpps.org\/en\/author\/gps\/\"}]}<\/script>\n<!-- \/ Yoast SEO plugin. -->","yoast_head_json":{"title":"GPS particip\u00f3 del Latin America Sustainable Beef Vision Summit - GPS","robots":{"index":"index","follow":"follow","max-snippet":"max-snippet:-1","max-image-preview":"max-image-preview:large","max-video-preview":"max-video-preview:-1"},"canonical":"https:\/\/grupogpps.org\/en\/gps-participo-del-latin-america-sustainable-beef-vision-summit\/","og_locale":"en_GB","og_type":"article","og_title":"GPS particip\u00f3 del Latin America Sustainable Beef Vision Summit - GPS","og_description":"Florencia Ricard y Mart\u00edn Fragu\u00edo representaron a GPS en la Latin America Sustainable Beef Summit que se realiz\u00f3 en Sao Paulo entre el 1o y el 12 de julio. &nbsp;El evento fue organizado por la Global Rountable for Sustainable Beef (GRSB) una organizaci\u00f3n global compuesta de los sectores productores, comercializadores, procesadores, organizaciones de la sociedad [&hellip;]","og_url":"https:\/\/grupogpps.org\/en\/gps-participo-del-latin-america-sustainable-beef-vision-summit\/","og_site_name":"GPS","article_publisher":"https:\/\/www.linkedin.com\/company\/25037162\/","article_published_time":"2019-07-17T17:32:43+00:00","article_modified_time":"2021-07-06T10:51:04+00:00","og_image":[{"width":803,"height":548,"url":"https:\/\/grupogpps.org\/wp-content\/uploads\/2019\/07\/Captura-de-pantalla-2019-07-17-14.30.44.png","type":"image\/png"}],"author":"GPS GPS","twitter_card":"summary_large_image","twitter_creator":"@GPSLatinAmerica","twitter_site":"@GPSLatinAmerica","twitter_misc":{"Written by":"GPS GPS","Estimated reading time":"1 minute"},"schema":{"@context":"https:\/\/schema.org","@graph":[{"@type":"Article","@id":"https:\/\/grupogpps.org\/gps-participo-del-latin-america-sustainable-beef-vision-summit\/#article","isPartOf":{"@id":"https:\/\/grupogpps.org\/gps-participo-del-latin-america-sustainable-beef-vision-summit\/"},"author":{"name":"GPS GPS","@id":"https:\/\/grupogpps.org\/#\/schema\/person\/faaafcd24616dff095821c72659ce41f"},"headline":"GPS particip\u00f3 del Latin America Sustainable Beef Vision Summit","datePublished":"2019-07-17T17:32:43+00:00","dateModified":"2021-07-06T10:51:04+00:00","mainEntityOfPage":{"@id":"https:\/\/grupogpps.org\/gps-participo-del-latin-america-sustainable-beef-vision-summit\/"},"wordCount":155,"publisher":{"@id":"https:\/\/grupogpps.org\/#organization"},"image":{"@id":"https:\/\/grupogpps.org\/gps-participo-del-latin-america-sustainable-beef-vision-summit\/#primaryimage"},"thumbnailUrl":"https:\/\/grupogpps.org\/wp-content\/uploads\/2019\/07\/Captura-de-pantalla-2019-07-17-14.30.44.png","articleSection":["Actividades","Home","Novedades"],"inLanguage":"en-GB"},{"@type":"WebPage","@id":"https:\/\/grupogpps.org\/gps-participo-del-latin-america-sustainable-beef-vision-summit\/","url":"https:\/\/grupogpps.org\/gps-participo-del-latin-america-sustainable-beef-vision-summit\/","name":"GPS particip\u00f3 del Latin America Sustainable Beef Vision Summit - GPS","isPartOf":{"@id":"https:\/\/grupogpps.org\/#website"},"primaryImageOfPage":{"@id":"https:\/\/grupogpps.org\/gps-participo-del-latin-america-sustainable-beef-vision-summit\/#primaryimage"},"image":{"@id":"https:\/\/grupogpps.org\/gps-participo-del-latin-america-sustainable-beef-vision-summit\/#primaryimage"},"thumbnailUrl":"https:\/\/grupogpps.org\/wp-content\/uploads\/2019\/07\/Captura-de-pantalla-2019-07-17-14.30.44.png","datePublished":"2019-07-17T17:32:43+00:00","dateModified":"2021-07-06T10:51:04+00:00","breadcrumb":{"@id":"https:\/\/grupogpps.org\/gps-participo-del-latin-america-sustainable-beef-vision-summit\/#breadcrumb"},"inLanguage":"en-GB","potentialAction":[{"@type":"ReadAction","target":["https:\/\/grupogpps.org\/gps-participo-del-latin-america-sustainable-beef-vision-summit\/"]}]},{"@type":"ImageObject","inLanguage":"en-GB","@id":"https:\/\/grupogpps.org\/gps-participo-del-latin-america-sustainable-beef-vision-summit\/#primaryimage","url":"https:\/\/grupogpps.org\/wp-content\/uploads\/2019\/07\/Captura-de-pantalla-2019-07-17-14.30.44.png","contentUrl":"https:\/\/grupogpps.org\/wp-content\/uploads\/2019\/07\/Captura-de-pantalla-2019-07-17-14.30.44.png","width":803,"height":548,"caption":"GPS particip\u00f3 del Latin America Sustainable Beef Vision Summit"},{"@type":"BreadcrumbList","@id":"https:\/\/grupogpps.org\/gps-participo-del-latin-america-sustainable-beef-vision-summit\/#breadcrumb","itemListElement":[{"@type":"ListItem","position":1,"name":"Inicio","item":"https:\/\/grupogpps.org\/"},{"@type":"ListItem","position":2,"name":"GPS particip\u00f3 del Latin America Sustainable Beef Vision Summit"}]},{"@type":"WebSite","@id":"https:\/\/grupogpps.org\/#website","url":"https:\/\/grupogpps.org\/","name":"GPS","description":"Grupo de pa\u00edses productores del sur","publisher":{"@id":"https:\/\/grupogpps.org\/#organization"},"potentialAction":[{"@type":"SearchAction","target":{"@type":"EntryPoint","urlTemplate":"https:\/\/grupogpps.org\/?s={search_term_string}"},"query-input":{"@type":"PropertyValueSpecification","valueRequired":true,"valueName":"search_term_string"}}],"inLanguage":"en-GB"},{"@type":"Organization","@id":"https:\/\/grupogpps.org\/#organization","name":"GPS - Grupo de pa\u00edses productores del sur","url":"https:\/\/grupogpps.org\/","logo":{"@type":"ImageObject","inLanguage":"en-GB","@id":"https:\/\/grupogpps.org\/#\/schema\/logo\/image\/","url":"http:\/\/grupogpps.org\/wp-content\/uploads\/2021\/06\/logoGPS3.svg","contentUrl":"http:\/\/grupogpps.org\/wp-content\/uploads\/2021\/06\/logoGPS3.svg","width":1,"height":1,"caption":"GPS - Grupo de pa\u00edses productores del sur"},"image":{"@id":"https:\/\/grupogpps.org\/#\/schema\/logo\/image\/"},"sameAs":["https:\/\/www.linkedin.com\/company\/25037162\/","https:\/\/x.com\/GPSLatinAmerica","https:\/\/www.instagram.com\/gpslatin\/","https:\/\/www.youtube.com\/channel\/UCM2Qf0jSqNRJRkqmU8dO9QA\/videos"]},{"@type":"Person","@id":"https:\/\/grupogpps.org\/#\/schema\/person\/faaafcd24616dff095821c72659ce41f","name":"GPS GPS","url":"https:\/\/grupogpps.org\/en\/author\/gps\/"}]}},"_links":{"self":[{"href":"https:\/\/grupogpps.org\/en\/wp-json\/wp\/v2\/posts\/1963","targetHints":{"allow":["GET"]}}],"collection":[{"href":"https:\/\/grupogpps.org\/en\/wp-json\/wp\/v2\/posts"}],"about":[{"href":"https:\/\/grupogpps.org\/en\/wp-json\/wp\/v2\/types\/post"}],"author":[{"embeddable":true,"href":"https:\/\/grupogpps.org\/en\/wp-json\/wp\/v2\/users\/2"}],"replies":[{"embeddable":true,"href":"https:\/\/grupogpps.org\/en\/wp-json\/wp\/v2\/comments?post=1963"}],"version-history":[{"count":2,"href":"https:\/\/grupogpps.org\/en\/wp-json\/wp\/v2\/posts\/1963\/revisions"}],"predecessor-version":[{"id":2810,"href":"https:\/\/grupogpps.org\/en\/wp-json\/wp\/v2\/posts\/1963\/revisions\/2810"}],"wp:featuredmedia":[{"embeddable":true,"href":"https:\/\/grupogpps.org\/en\/wp-json\/wp\/v2\/media\/1964"}],"wp:attachment":[{"href":"https:\/\/grupogpps.org\/en\/wp-json\/wp\/v2\/media?parent=1963"}],"wp:term":[{"taxonomy":"category","embeddable":true,"href":"https:\/\/grupogpps.org\/en\/wp-json\/wp\/v2\/categories?post=1963"},{"taxonomy":"post_tag","embeddable":true,"href":"https:\/\/grupogpps.org\/en\/wp-json\/wp\/v2\/tags?post=1963"}],"curies":[{"name":"wp","href":"https:\/\/api.w.org\/{rel}","templated":true}]}}