{"id":1914,"date":"2019-11-15T17:23:19","date_gmt":"2019-11-15T20:23:19","guid":{"rendered":"http:\/\/grupogpps.org\/?p=1717"},"modified":"2021-07-05T17:38:34","modified_gmt":"2021-07-05T20:38:34","slug":"marcelo-regunaga-y-ernesto-viglizzo-realizaron-una-presentacion-en-la-academia-nacional-de-agronomia-y-veterinaria","status":"publish","type":"post","link":"https:\/\/grupogpps.org\/en\/marcelo-regunaga-y-ernesto-viglizzo-realizaron-una-presentacion-en-la-academia-nacional-de-agronomia-y-veterinaria\/","title":{"rendered":"Marcelo Reg\u00fanaga y Ernesto Viglizzo realizaron una presentaci\u00f3n en la Academia Nacional de Agronom\u00eda y Veterinaria"},"content":{"rendered":"<p><span style=\"font-size: inherit;\">Marcelo Reg\u00fanaga y Ernesto Viglizzo realizaron una presentaci\u00f3n sobre la econom\u00eda del carbono en el Mercosur rural en la Academia Nacional de Agronom\u00eda y Veterinaria, en Buenos Aires. Las presentaciones se centraron en la importancia de conectar el tema del cuidado medioambiental con la importancia creciente del comercio frente al desaf\u00edo de la seguridad alimentaria, en un entorno cada vez m\u00e1s incierto.<\/span><\/p>\n<div class=\"page\" title=\"Page 1\">\n<div class=\"layoutArea\">\n<div class=\"column\">\n<p>Las presentaciones remarcaron que el sector agroindustrial del MERCOSUR constituye un importante pilar del futuro desarrollo econ\u00f3mico y social de la regi\u00f3n, basado en la amplia dotaci\u00f3n de recursos naturales y en su aprovechamiento actual y potencial en sistemas de producci\u00f3n amigables con el ambiente. Sin embargo, estas interesantes oportunidades de progreso enfrentan un contexto incierto para su desenvolvimiento en los mercados internacionales, asociadas a diversos factores condicionantes ambientales y comerciales.<\/p>\n<p>Por una parte, los efectos negativos vinculados al cambio clim\u00e1tico est\u00e1n dando lugar a cuestionamientos de los sistemas de producci\u00f3n y de los niveles de consumo de alimentos y otros bienes de origen agropecuario, con fundamentos que no siempre tienen un adecuado sustento cient\u00edfico. Por otra parte, la evoluci\u00f3n reciente del contexto econ\u00f3mico, comercial e institucional global genera tambi\u00e9n importantes incertidumbres que es necesario tener en cuenta, para consolidar una estrategia de crecimiento de largo plazo basada en el gran potencial agroindustrial de la regi\u00f3n.<\/p>\n<\/div>\n<div class=\"page\" title=\"Page 4\">\n<div class=\"layoutArea\">\n<div class=\"column\">\n<p>A pesar del contexto econ\u00f3mico y comercial global incierto, tambi\u00e9n se presentan algunas perspectivas interesantes para la agricultura del MERCOSUR. En primer lugar la seguridad alimentaria mundial y la demanda de bioenerg\u00edas para las pr\u00f3ximas d\u00e9cadas siguen siendo oportunidades relevantes, especialmente por la escasez relativa de recursos naturales (el aumento de la demanda mundial implica cada vez mayor presi\u00f3n sobre los mismos) y por las limitaciones adicionales que origina el cambio clim\u00e1tico. En este sentido en algunos pa\u00edses se est\u00e1 planteando la revisi\u00f3n de los sistemas de producci\u00f3n intensivos: caso de Europa y de otros pa\u00edses emergentes (muy relevante puede ser el caso de la iniciativa de una China m\u00e1s verde).<\/p>\n<p>Ante dicho escenario el MERCOSUR cuenta con dos ventajas: i) capacidad de crecimiento de la oferta de alimentos y bioenerg\u00edas. Actualmente es el principal exportador neto de alimentos y ese rol puede aumentar en el futuro; ii) sistemas de producci\u00f3n amigables con el ambiente, que brindan una interesante oportunidad para su posicionamiento internacional ante los problemas del calentamiento global.<\/p>\n<\/div>\n<\/div>\n<\/div>\n<\/div>\n<div class=\"page\" title=\"Page 5\">\n<div class=\"layoutArea\">\n<div class=\"column\">\n<p>El escenario comercial y ambiental internacional mencionado puede constituir una interesante oportunidad para el MERCOSUR rural, pero tambi\u00e9n implica importantes desaf\u00edos. Es necesario un cambio de paradigma para la investigaci\u00f3n y desarrollo (I+D) agroindustrial y para la producci\u00f3n y comercio de alimentos: evolucionar de los objetivos limitados a los aumentos de productividad a un enfoque mucho m\u00e1s complejo de los sistemas de producci\u00f3n, que permitan al mismo tiempo lograr eficiencia, resiliencia, menor impacto ambiental, uso de toda la producci\u00f3n inclusive los residuos y desperdicios (econom\u00eda circular) y las certificaciones de los procesos productivos y comerciales.<\/p>\n<div class=\"page\" title=\"Page 5\">\n<div class=\"layoutArea\">\n<div class=\"column\">\n<p>Dicha agenda debe contemplar diversas iniciativas entre las que se destacan: i) la armonizaci\u00f3n sanitaria, de calidad y de los reglamentos t\u00e9cnicos; ii) el aumento de la inversi\u00f3n p\u00fablico-privada y la cooperaci\u00f3n en I+D para el posicionamiento ambiental; iii) el dise\u00f1o e implementaci\u00f3n de una estrategia de posicionamiento de la agricultura del MERCOSUR en distintos \u00e1mbitos internacionales; y iv) una estrategia de certificaci\u00f3n ambiental en las cadenas de valor.<\/p>\n<\/div>\n<\/div>\n<\/div>\n<div class=\"page\" title=\"Page 6\">\n<div class=\"layoutArea\">\n<div class=\"column\">\n<p>Se destac\u00f3 que el desarrollo de una estrategia regional de armonizaci\u00f3n sanitaria en materia agroindustrial se considera conveniente para fortalecer la defensa com\u00fan de los intereses del MERCOSUR frente a cuestionamientos externos, ante la proliferaci\u00f3n de nuevas barreras al comercio, y para atender a las debilidades nacionales en materia de evaluaciones de riesgo sanitario.<\/p>\n<\/div>\n<\/div>\n<\/div>\n<\/div>\n<\/div>\n<\/div>\n<\/div>\n\n\n<div style=\"height:30px\" aria-hidden=\"true\" class=\"wp-block-spacer\"><\/div>\n\n\n\n<div class=\"wp-block-buttons is-content-justification-center is-layout-flex wp-block-buttons-is-layout-flex\">\n<div class=\"wp-block-button\"><a class=\"wp-block-button__link\" href=\"http:\/\/grupogpps.org\/wp-content\/uploads\/2019\/11\/Viglizzo-EF-Academia-14-Nov-19-diapo.pdf\" target=\"_blank\" rel=\"noreferrer noopener\">Bajar presentaci\u00f3n Ernesto Viglizzo<\/a><\/div>\n\n\n\n<div class=\"wp-block-button\"><a class=\"wp-block-button__link\" href=\"http:\/\/grupogpps.org\/wp-content\/uploads\/2019\/11\/Regunaga-presentaci\u00f3n-ANAV.pdf\" target=\"_blank\" rel=\"noreferrer noopener\">Bajar presentaci\u00f3n Marcelo Reg\u00fanaga<\/a><\/div>\n<\/div>","protected":false},"excerpt":{"rendered":"<p>Marcelo Reg\u00fanaga y Ernesto Viglizzo realizaron una presentaci\u00f3n sobre la econom\u00eda del carbono en el Mercosur rural en la Academia Nacional de Agronom\u00eda y Veterinaria, en Buenos Aires. Las presentaciones se centraron en la importancia de conectar el tema del cuidado medioambiental con la importancia creciente del comercio frente al desaf\u00edo de la seguridad alimentaria, [&hellip;]<\/p>","protected":false},"author":2,"featured_media":1915,"comment_status":"closed","ping_status":"closed","sticky":false,"template":"","format":"standard","meta":{"footnotes":""},"categories":[19,25,23],"tags":[],"class_list":["post-1914","post","type-post","status-publish","format-standard","has-post-thumbnail","hentry","category-actividades","category-home","category-novedades"],"yoast_head":"<!-- This site is optimized with the Yoast SEO plugin v26.8 - https:\/\/yoast.com\/product\/yoast-seo-wordpress\/ -->\n<title>Marcelo Reg\u00fanaga y Ernesto Viglizzo realizaron una presentaci\u00f3n en la Academia Nacional de Agronom\u00eda y Veterinaria - GPS<\/title>\n<meta name=\"robots\" content=\"index, follow, max-snippet:-1, max-image-preview:large, max-video-preview:-1\" \/>\n<link rel=\"canonical\" href=\"https:\/\/grupogpps.org\/en\/marcelo-regunaga-y-ernesto-viglizzo-realizaron-una-presentacion-en-la-academia-nacional-de-agronomia-y-veterinaria\/\" \/>\n<meta property=\"og:locale\" content=\"en_GB\" \/>\n<meta property=\"og:type\" content=\"article\" \/>\n<meta property=\"og:title\" content=\"Marcelo Reg\u00fanaga y Ernesto Viglizzo realizaron una presentaci\u00f3n en la Academia Nacional de Agronom\u00eda y Veterinaria - GPS\" \/>\n<meta property=\"og:description\" content=\"Marcelo Reg\u00fanaga y Ernesto Viglizzo realizaron una presentaci\u00f3n sobre la econom\u00eda del carbono en el Mercosur rural en la Academia Nacional de Agronom\u00eda y Veterinaria, en Buenos Aires. Las presentaciones se centraron en la importancia de conectar el tema del cuidado medioambiental con la importancia creciente del comercio frente al desaf\u00edo de la seguridad alimentaria, [&hellip;]\" \/>\n<meta property=\"og:url\" content=\"https:\/\/grupogpps.org\/en\/marcelo-regunaga-y-ernesto-viglizzo-realizaron-una-presentacion-en-la-academia-nacional-de-agronomia-y-veterinaria\/\" \/>\n<meta property=\"og:site_name\" content=\"GPS\" \/>\n<meta property=\"article:publisher\" content=\"https:\/\/www.linkedin.com\/company\/25037162\/\" \/>\n<meta property=\"article:published_time\" content=\"2019-11-15T20:23:19+00:00\" \/>\n<meta property=\"article:modified_time\" content=\"2021-07-05T20:38:34+00:00\" \/>\n<meta property=\"og:image\" content=\"https:\/\/grupogpps.org\/wp-content\/uploads\/2019\/11\/Captura-de-pantalla-2019-11-18-16.52.28.png\" \/>\n\t<meta property=\"og:image:width\" content=\"904\" \/>\n\t<meta property=\"og:image:height\" content=\"367\" \/>\n\t<meta property=\"og:image:type\" content=\"image\/png\" \/>\n<meta name=\"author\" content=\"GPS GPS\" \/>\n<meta name=\"twitter:card\" content=\"summary_large_image\" \/>\n<meta name=\"twitter:creator\" content=\"@GPSLatinAmerica\" \/>\n<meta name=\"twitter:site\" content=\"@GPSLatinAmerica\" \/>\n<meta name=\"twitter:label1\" content=\"Written by\" \/>\n\t<meta name=\"twitter:data1\" content=\"GPS GPS\" \/>\n\t<meta name=\"twitter:label2\" content=\"Estimated reading time\" \/>\n\t<meta name=\"twitter:data2\" content=\"3 minutes\" \/>\n<script type=\"application\/ld+json\" class=\"yoast-schema-graph\">{\"@context\":\"https:\/\/schema.org\",\"@graph\":[{\"@type\":\"Article\",\"@id\":\"https:\/\/grupogpps.org\/en\/marcelo-regunaga-y-ernesto-viglizzo-realizaron-una-presentacion-en-la-academia-nacional-de-agronomia-y-veterinaria\/#article\",\"isPartOf\":{\"@id\":\"https:\/\/grupogpps.org\/en\/marcelo-regunaga-y-ernesto-viglizzo-realizaron-una-presentacion-en-la-academia-nacional-de-agronomia-y-veterinaria\/\"},\"author\":{\"name\":\"GPS GPS\",\"@id\":\"https:\/\/grupogpps.org\/#\/schema\/person\/faaafcd24616dff095821c72659ce41f\"},\"headline\":\"Marcelo Reg\u00fanaga y Ernesto Viglizzo realizaron una presentaci\u00f3n en la Academia Nacional de Agronom\u00eda y Veterinaria\",\"datePublished\":\"2019-11-15T20:23:19+00:00\",\"dateModified\":\"2021-07-05T20:38:34+00:00\",\"mainEntityOfPage\":{\"@id\":\"https:\/\/grupogpps.org\/en\/marcelo-regunaga-y-ernesto-viglizzo-realizaron-una-presentacion-en-la-academia-nacional-de-agronomia-y-veterinaria\/\"},\"wordCount\":689,\"publisher\":{\"@id\":\"https:\/\/grupogpps.org\/#organization\"},\"image\":{\"@id\":\"https:\/\/grupogpps.org\/en\/marcelo-regunaga-y-ernesto-viglizzo-realizaron-una-presentacion-en-la-academia-nacional-de-agronomia-y-veterinaria\/#primaryimage\"},\"thumbnailUrl\":\"https:\/\/grupogpps.org\/wp-content\/uploads\/2019\/11\/Captura-de-pantalla-2019-11-18-16.52.28.png\",\"articleSection\":[\"Actividades\",\"Home\",\"Novedades\"],\"inLanguage\":\"en-GB\"},{\"@type\":\"WebPage\",\"@id\":\"https:\/\/grupogpps.org\/en\/marcelo-regunaga-y-ernesto-viglizzo-realizaron-una-presentacion-en-la-academia-nacional-de-agronomia-y-veterinaria\/\",\"url\":\"https:\/\/grupogpps.org\/en\/marcelo-regunaga-y-ernesto-viglizzo-realizaron-una-presentacion-en-la-academia-nacional-de-agronomia-y-veterinaria\/\",\"name\":\"Marcelo Reg\u00fanaga y Ernesto Viglizzo realizaron una presentaci\u00f3n en la Academia Nacional de Agronom\u00eda y Veterinaria - GPS\",\"isPartOf\":{\"@id\":\"https:\/\/grupogpps.org\/#website\"},\"primaryImageOfPage\":{\"@id\":\"https:\/\/grupogpps.org\/en\/marcelo-regunaga-y-ernesto-viglizzo-realizaron-una-presentacion-en-la-academia-nacional-de-agronomia-y-veterinaria\/#primaryimage\"},\"image\":{\"@id\":\"https:\/\/grupogpps.org\/en\/marcelo-regunaga-y-ernesto-viglizzo-realizaron-una-presentacion-en-la-academia-nacional-de-agronomia-y-veterinaria\/#primaryimage\"},\"thumbnailUrl\":\"https:\/\/grupogpps.org\/wp-content\/uploads\/2019\/11\/Captura-de-pantalla-2019-11-18-16.52.28.png\",\"datePublished\":\"2019-11-15T20:23:19+00:00\",\"dateModified\":\"2021-07-05T20:38:34+00:00\",\"breadcrumb\":{\"@id\":\"https:\/\/grupogpps.org\/en\/marcelo-regunaga-y-ernesto-viglizzo-realizaron-una-presentacion-en-la-academia-nacional-de-agronomia-y-veterinaria\/#breadcrumb\"},\"inLanguage\":\"en-GB\",\"potentialAction\":[{\"@type\":\"ReadAction\",\"target\":[\"https:\/\/grupogpps.org\/en\/marcelo-regunaga-y-ernesto-viglizzo-realizaron-una-presentacion-en-la-academia-nacional-de-agronomia-y-veterinaria\/\"]}]},{\"@type\":\"ImageObject\",\"inLanguage\":\"en-GB\",\"@id\":\"https:\/\/grupogpps.org\/en\/marcelo-regunaga-y-ernesto-viglizzo-realizaron-una-presentacion-en-la-academia-nacional-de-agronomia-y-veterinaria\/#primaryimage\",\"url\":\"https:\/\/grupogpps.org\/wp-content\/uploads\/2019\/11\/Captura-de-pantalla-2019-11-18-16.52.28.png\",\"contentUrl\":\"https:\/\/grupogpps.org\/wp-content\/uploads\/2019\/11\/Captura-de-pantalla-2019-11-18-16.52.28.png\",\"width\":904,\"height\":367,\"caption\":\"Marcelo Reg\u00fanaga y Ernesto Viglizzo realizaron una presentaci\u00f3n en la Academia Nacional de Agronom\u00eda y Veterinaria\"},{\"@type\":\"BreadcrumbList\",\"@id\":\"https:\/\/grupogpps.org\/en\/marcelo-regunaga-y-ernesto-viglizzo-realizaron-una-presentacion-en-la-academia-nacional-de-agronomia-y-veterinaria\/#breadcrumb\",\"itemListElement\":[{\"@type\":\"ListItem\",\"position\":1,\"name\":\"Inicio\",\"item\":\"https:\/\/grupogpps.org\/\"},{\"@type\":\"ListItem\",\"position\":2,\"name\":\"Marcelo Reg\u00fanaga y Ernesto Viglizzo realizaron una presentaci\u00f3n en la Academia Nacional de Agronom\u00eda y Veterinaria\"}]},{\"@type\":\"WebSite\",\"@id\":\"https:\/\/grupogpps.org\/#website\",\"url\":\"https:\/\/grupogpps.org\/\",\"name\":\"GPS\",\"description\":\"Grupo de pa\u00edses productores del sur\",\"publisher\":{\"@id\":\"https:\/\/grupogpps.org\/#organization\"},\"potentialAction\":[{\"@type\":\"SearchAction\",\"target\":{\"@type\":\"EntryPoint\",\"urlTemplate\":\"https:\/\/grupogpps.org\/?s={search_term_string}\"},\"query-input\":{\"@type\":\"PropertyValueSpecification\",\"valueRequired\":true,\"valueName\":\"search_term_string\"}}],\"inLanguage\":\"en-GB\"},{\"@type\":\"Organization\",\"@id\":\"https:\/\/grupogpps.org\/#organization\",\"name\":\"GPS - Grupo de pa\u00edses productores del sur\",\"url\":\"https:\/\/grupogpps.org\/\",\"logo\":{\"@type\":\"ImageObject\",\"inLanguage\":\"en-GB\",\"@id\":\"https:\/\/grupogpps.org\/#\/schema\/logo\/image\/\",\"url\":\"http:\/\/grupogpps.org\/wp-content\/uploads\/2021\/06\/logoGPS3.svg\",\"contentUrl\":\"http:\/\/grupogpps.org\/wp-content\/uploads\/2021\/06\/logoGPS3.svg\",\"width\":1,\"height\":1,\"caption\":\"GPS - Grupo de pa\u00edses productores del sur\"},\"image\":{\"@id\":\"https:\/\/grupogpps.org\/#\/schema\/logo\/image\/\"},\"sameAs\":[\"https:\/\/www.linkedin.com\/company\/25037162\/\",\"https:\/\/x.com\/GPSLatinAmerica\",\"https:\/\/www.instagram.com\/gpslatin\/\",\"https:\/\/www.youtube.com\/channel\/UCM2Qf0jSqNRJRkqmU8dO9QA\/videos\"]},{\"@type\":\"Person\",\"@id\":\"https:\/\/grupogpps.org\/#\/schema\/person\/faaafcd24616dff095821c72659ce41f\",\"name\":\"GPS GPS\",\"url\":\"https:\/\/grupogpps.org\/en\/author\/gps\/\"}]}<\/script>\n<!-- \/ Yoast SEO plugin. -->","yoast_head_json":{"title":"Marcelo Reg\u00fanaga y Ernesto Viglizzo realizaron una presentaci\u00f3n en la Academia Nacional de Agronom\u00eda y Veterinaria - GPS","robots":{"index":"index","follow":"follow","max-snippet":"max-snippet:-1","max-image-preview":"max-image-preview:large","max-video-preview":"max-video-preview:-1"},"canonical":"https:\/\/grupogpps.org\/en\/marcelo-regunaga-y-ernesto-viglizzo-realizaron-una-presentacion-en-la-academia-nacional-de-agronomia-y-veterinaria\/","og_locale":"en_GB","og_type":"article","og_title":"Marcelo Reg\u00fanaga y Ernesto Viglizzo realizaron una presentaci\u00f3n en la Academia Nacional de Agronom\u00eda y Veterinaria - GPS","og_description":"Marcelo Reg\u00fanaga y Ernesto Viglizzo realizaron una presentaci\u00f3n sobre la econom\u00eda del carbono en el Mercosur rural en la Academia Nacional de Agronom\u00eda y Veterinaria, en Buenos Aires. Las presentaciones se centraron en la importancia de conectar el tema del cuidado medioambiental con la importancia creciente del comercio frente al desaf\u00edo de la seguridad alimentaria, [&hellip;]","og_url":"https:\/\/grupogpps.org\/en\/marcelo-regunaga-y-ernesto-viglizzo-realizaron-una-presentacion-en-la-academia-nacional-de-agronomia-y-veterinaria\/","og_site_name":"GPS","article_publisher":"https:\/\/www.linkedin.com\/company\/25037162\/","article_published_time":"2019-11-15T20:23:19+00:00","article_modified_time":"2021-07-05T20:38:34+00:00","og_image":[{"width":904,"height":367,"url":"https:\/\/grupogpps.org\/wp-content\/uploads\/2019\/11\/Captura-de-pantalla-2019-11-18-16.52.28.png","type":"image\/png"}],"author":"GPS GPS","twitter_card":"summary_large_image","twitter_creator":"@GPSLatinAmerica","twitter_site":"@GPSLatinAmerica","twitter_misc":{"Written by":"GPS GPS","Estimated reading time":"3 minutes"},"schema":{"@context":"https:\/\/schema.org","@graph":[{"@type":"Article","@id":"https:\/\/grupogpps.org\/en\/marcelo-regunaga-y-ernesto-viglizzo-realizaron-una-presentacion-en-la-academia-nacional-de-agronomia-y-veterinaria\/#article","isPartOf":{"@id":"https:\/\/grupogpps.org\/en\/marcelo-regunaga-y-ernesto-viglizzo-realizaron-una-presentacion-en-la-academia-nacional-de-agronomia-y-veterinaria\/"},"author":{"name":"GPS GPS","@id":"https:\/\/grupogpps.org\/#\/schema\/person\/faaafcd24616dff095821c72659ce41f"},"headline":"Marcelo Reg\u00fanaga y Ernesto Viglizzo realizaron una presentaci\u00f3n en la Academia Nacional de Agronom\u00eda y Veterinaria","datePublished":"2019-11-15T20:23:19+00:00","dateModified":"2021-07-05T20:38:34+00:00","mainEntityOfPage":{"@id":"https:\/\/grupogpps.org\/en\/marcelo-regunaga-y-ernesto-viglizzo-realizaron-una-presentacion-en-la-academia-nacional-de-agronomia-y-veterinaria\/"},"wordCount":689,"publisher":{"@id":"https:\/\/grupogpps.org\/#organization"},"image":{"@id":"https:\/\/grupogpps.org\/en\/marcelo-regunaga-y-ernesto-viglizzo-realizaron-una-presentacion-en-la-academia-nacional-de-agronomia-y-veterinaria\/#primaryimage"},"thumbnailUrl":"https:\/\/grupogpps.org\/wp-content\/uploads\/2019\/11\/Captura-de-pantalla-2019-11-18-16.52.28.png","articleSection":["Actividades","Home","Novedades"],"inLanguage":"en-GB"},{"@type":"WebPage","@id":"https:\/\/grupogpps.org\/en\/marcelo-regunaga-y-ernesto-viglizzo-realizaron-una-presentacion-en-la-academia-nacional-de-agronomia-y-veterinaria\/","url":"https:\/\/grupogpps.org\/en\/marcelo-regunaga-y-ernesto-viglizzo-realizaron-una-presentacion-en-la-academia-nacional-de-agronomia-y-veterinaria\/","name":"Marcelo Reg\u00fanaga y Ernesto Viglizzo realizaron una presentaci\u00f3n en la Academia Nacional de Agronom\u00eda y Veterinaria - GPS","isPartOf":{"@id":"https:\/\/grupogpps.org\/#website"},"primaryImageOfPage":{"@id":"https:\/\/grupogpps.org\/en\/marcelo-regunaga-y-ernesto-viglizzo-realizaron-una-presentacion-en-la-academia-nacional-de-agronomia-y-veterinaria\/#primaryimage"},"image":{"@id":"https:\/\/grupogpps.org\/en\/marcelo-regunaga-y-ernesto-viglizzo-realizaron-una-presentacion-en-la-academia-nacional-de-agronomia-y-veterinaria\/#primaryimage"},"thumbnailUrl":"https:\/\/grupogpps.org\/wp-content\/uploads\/2019\/11\/Captura-de-pantalla-2019-11-18-16.52.28.png","datePublished":"2019-11-15T20:23:19+00:00","dateModified":"2021-07-05T20:38:34+00:00","breadcrumb":{"@id":"https:\/\/grupogpps.org\/en\/marcelo-regunaga-y-ernesto-viglizzo-realizaron-una-presentacion-en-la-academia-nacional-de-agronomia-y-veterinaria\/#breadcrumb"},"inLanguage":"en-GB","potentialAction":[{"@type":"ReadAction","target":["https:\/\/grupogpps.org\/en\/marcelo-regunaga-y-ernesto-viglizzo-realizaron-una-presentacion-en-la-academia-nacional-de-agronomia-y-veterinaria\/"]}]},{"@type":"ImageObject","inLanguage":"en-GB","@id":"https:\/\/grupogpps.org\/en\/marcelo-regunaga-y-ernesto-viglizzo-realizaron-una-presentacion-en-la-academia-nacional-de-agronomia-y-veterinaria\/#primaryimage","url":"https:\/\/grupogpps.org\/wp-content\/uploads\/2019\/11\/Captura-de-pantalla-2019-11-18-16.52.28.png","contentUrl":"https:\/\/grupogpps.org\/wp-content\/uploads\/2019\/11\/Captura-de-pantalla-2019-11-18-16.52.28.png","width":904,"height":367,"caption":"Marcelo Reg\u00fanaga y Ernesto Viglizzo realizaron una presentaci\u00f3n en la Academia Nacional de Agronom\u00eda y Veterinaria"},{"@type":"BreadcrumbList","@id":"https:\/\/grupogpps.org\/en\/marcelo-regunaga-y-ernesto-viglizzo-realizaron-una-presentacion-en-la-academia-nacional-de-agronomia-y-veterinaria\/#breadcrumb","itemListElement":[{"@type":"ListItem","position":1,"name":"Inicio","item":"https:\/\/grupogpps.org\/"},{"@type":"ListItem","position":2,"name":"Marcelo Reg\u00fanaga y Ernesto Viglizzo realizaron una presentaci\u00f3n en la Academia Nacional de Agronom\u00eda y Veterinaria"}]},{"@type":"WebSite","@id":"https:\/\/grupogpps.org\/#website","url":"https:\/\/grupogpps.org\/","name":"GPS","description":"Grupo de pa\u00edses productores del sur","publisher":{"@id":"https:\/\/grupogpps.org\/#organization"},"potentialAction":[{"@type":"SearchAction","target":{"@type":"EntryPoint","urlTemplate":"https:\/\/grupogpps.org\/?s={search_term_string}"},"query-input":{"@type":"PropertyValueSpecification","valueRequired":true,"valueName":"search_term_string"}}],"inLanguage":"en-GB"},{"@type":"Organization","@id":"https:\/\/grupogpps.org\/#organization","name":"GPS - Grupo de pa\u00edses productores del sur","url":"https:\/\/grupogpps.org\/","logo":{"@type":"ImageObject","inLanguage":"en-GB","@id":"https:\/\/grupogpps.org\/#\/schema\/logo\/image\/","url":"http:\/\/grupogpps.org\/wp-content\/uploads\/2021\/06\/logoGPS3.svg","contentUrl":"http:\/\/grupogpps.org\/wp-content\/uploads\/2021\/06\/logoGPS3.svg","width":1,"height":1,"caption":"GPS - Grupo de pa\u00edses productores del sur"},"image":{"@id":"https:\/\/grupogpps.org\/#\/schema\/logo\/image\/"},"sameAs":["https:\/\/www.linkedin.com\/company\/25037162\/","https:\/\/x.com\/GPSLatinAmerica","https:\/\/www.instagram.com\/gpslatin\/","https:\/\/www.youtube.com\/channel\/UCM2Qf0jSqNRJRkqmU8dO9QA\/videos"]},{"@type":"Person","@id":"https:\/\/grupogpps.org\/#\/schema\/person\/faaafcd24616dff095821c72659ce41f","name":"GPS GPS","url":"https:\/\/grupogpps.org\/en\/author\/gps\/"}]}},"_links":{"self":[{"href":"https:\/\/grupogpps.org\/en\/wp-json\/wp\/v2\/posts\/1914","targetHints":{"allow":["GET"]}}],"collection":[{"href":"https:\/\/grupogpps.org\/en\/wp-json\/wp\/v2\/posts"}],"about":[{"href":"https:\/\/grupogpps.org\/en\/wp-json\/wp\/v2\/types\/post"}],"author":[{"embeddable":true,"href":"https:\/\/grupogpps.org\/en\/wp-json\/wp\/v2\/users\/2"}],"replies":[{"embeddable":true,"href":"https:\/\/grupogpps.org\/en\/wp-json\/wp\/v2\/comments?post=1914"}],"version-history":[{"count":2,"href":"https:\/\/grupogpps.org\/en\/wp-json\/wp\/v2\/posts\/1914\/revisions"}],"predecessor-version":[{"id":2782,"href":"https:\/\/grupogpps.org\/en\/wp-json\/wp\/v2\/posts\/1914\/revisions\/2782"}],"wp:featuredmedia":[{"embeddable":true,"href":"https:\/\/grupogpps.org\/en\/wp-json\/wp\/v2\/media\/1915"}],"wp:attachment":[{"href":"https:\/\/grupogpps.org\/en\/wp-json\/wp\/v2\/media?parent=1914"}],"wp:term":[{"taxonomy":"category","embeddable":true,"href":"https:\/\/grupogpps.org\/en\/wp-json\/wp\/v2\/categories?post=1914"},{"taxonomy":"post_tag","embeddable":true,"href":"https:\/\/grupogpps.org\/en\/wp-json\/wp\/v2\/tags?post=1914"}],"curies":[{"name":"wp","href":"https:\/\/api.w.org\/{rel}","templated":true}]}}